{"id":217684,"date":"2016-08-24T08:44:17","date_gmt":"2016-08-24T08:44:17","guid":{"rendered":"http:\/\/diariodominicano.ddns.net\/?p=217684"},"modified":"2016-08-24T08:44:17","modified_gmt":"2016-08-24T08:44:17","slug":"piden-a-dm-no-hacer-caso-declaraciones-de-antonio-marte","status":"publish","type":"post","link":"https:\/\/diariodominicano.com\/?p=217684","title":{"rendered":"Piden  a DM no hacer caso declaraciones de Antonio Marte"},"content":{"rendered":"<p><body><\/p>\n<p><img decoding=\"async\" src=\"img3\/mochotran 24-8.jpg\" \/>  <\/p>\n<p><span class=\"text1noticias\">Santo Domingo, R. D., 24 de agosto.- La Central Nacional Movimiento Choferil del Transporte -MOCHOTRAN-, hizo un llamado al presidente de la Rep\u00fablica, Lic. Danilo Medina S\u00e1nchez, para que no le haga caso al empresario del transporte Antonio Marte, quien se opone a la creaci\u00f3n de la Autoridad \u00danica del Transporte, mediante decreto.<\/span><\/p>\n<p><span class=\"text1noticias\"> <\/span><\/p>\n<p><span class=\"text1noticias\">         El presidente de Mochotran, Alfredo Pulinario (Cambita), dijo que esta central del transporte controla m\u00e1s de 123 rutas a nivel nacional y cerca de 22 mil ch\u00f3feres, la iniciativa el mandatario de promulgar un decreto para crear de la Autoridad \u00danica del Transporte.<\/span><\/p>\n<p><span class=\"text1noticias\"> <\/span><\/p>\n<p><span class=\"text1noticias\">         Manifest\u00f3 que con la eliminaci\u00f3n de aquellas entidades gubernamentales que tienen que ver con el transporte p\u00fablico ,como es el caso de la Autoridad Metropolitana del Transporte (AMET), la Oficina T\u00e9cnica de Transporte Terrestre (OTTT), OPRET  y la OMSA, presidente Medina, se contribuye en gran manera con la organizaci\u00f3n del tr\u00e1nsito.<\/span><\/p>\n<p><span class=\"text1noticias\"> <\/span><\/p>\n<p><span class=\"text1noticias\">        Pulinario (Cambita), calific\u00f3 como una falsedad las declaraciones del sindicalista Antonio Marte, quien se opone a la  disoluci\u00f3n de varios organismos por decretos, porque a su entender los establecidos por ley seguir\u00e1n operando, porque un decreto no puede derogar una ley establecida por el Congreso Nacional, pero si otro decreto.<\/span><\/p>\n<p><span class=\"text1noticias\"> <\/span><\/p>\n<p><span class=\"text1noticias\">         El empresario del transporte, solicit\u00f3 p\u00fablicamente al presidente Danilo Medina, que instruya a los legisladores en el Congreso Nacional, para que aprueben la Ley que crea la Autoridad \u00danica del Transporte.<\/span><\/p>\n<p><span class=\"text1noticias\"> <\/span><\/p>\n<p><span class=\"text1noticias\">        Alfredo Pulinario (Cambita), destac\u00f3 que los ch\u00f3feres afiliados a Mochotran, favorecen la sustituci\u00f3n y organizaci\u00f3n del ca\u00f3tico sistema de transporte p\u00fablico, pero tomando en cuenta los verdaderos autores, quienes tienen m\u00e1s de 20 y 30 a\u00f1os, operando la rutas con su carros y micro-buses destartalados.<\/span><\/p>\n<p><span class=\"text1noticias\"> <\/span><\/p>\n<p><span class=\"text1noticias\">       En otro orden de ideas, subray\u00f3 que el problema del tr\u00e1nsito no ocasionados por los taxi, porque los  taxistas ofrecen su servicio, donde son solicitados.<\/span><\/p>\n<p><span class=\"text1noticias\"> <\/span><\/p>\n<p><span class=\"text1noticias\">       Dijo que el problema ocurre en el Gran Santo Domingo y el Distrito Nacional, que es donde se encuentra la mayor\u00eda de carros y micro-b<\/span>uses.<\/p>\n<\/p>\n<h6> 2016-08-24 08:44:17 <\/h6>\n<p><!--\n<link rel=\"stylesheet\" href=\"css\/bootstrap.min.css\">\n\n\n<ul class=\"pagination\">\n\t    \n\t\n\n<li >\n\t<a href='?page_no=12180'>Previous<\/a>\n\t<\/li>\n\n\n       \n    \n\n<li><a href='?page_no=1'>1<\/a><\/li>\n\n\n\n<li><a href='?page_no=2'>2<\/a><\/li>\n\n\n\n<li><a>...<\/a><\/li>\n\n\n\n<li><a href='?page_no=12179'>12179<\/a><\/li>\n\n\n\n<li><a href='?page_no=12180'>12180<\/a><\/li>\n\n\n\n<li class='active'><a>12181<\/a><\/li>\n\n\n\n<li><a href='?page_no=12182'>12182<\/a><\/li>\n\n\n\n<li><a href='?page_no=12183'>12183<\/a><\/li>\n\n\n\n<li><a>...<\/a><\/li>\n\n\n\n<li><a href='?page_no=56169'>56169<\/a><\/li>\n\n\n\n<li><a href='?page_no=56170'>56170<\/a><\/li>\n\n    \n\t\n\n<li >\n\t<a href='?page_no=12182'>Next<\/a>\n\t<\/li>\n\n\n    \n\n<li><a href='?page_no=56170'>Last &rsaquo;&rsaquo;<\/a><\/li>\n\n<\/ul>\n\n\n--><br \/>\n<\/body><\/p>\n","protected":false},"excerpt":{"rendered":"<p>Santo Domingo, R. D., 24 de agosto.- La Central Nacional Movimiento Choferil del Transporte -MOCHOTRAN-, hizo un llamado al presidente de la Rep\u00fablica, Lic. Danilo Medina S\u00e1nchez, para que no le haga caso al empresario del transporte Antonio Marte, quien se opone a la creaci\u00f3n de la Autoridad \u00danica del Transporte, mediante decreto. El presidente [&hellip;]<\/p>\n","protected":false},"author":3,"featured_media":0,"comment_status":"open","ping_status":"open","sticky":false,"template":"","format":"standard","meta":{"footnotes":""},"categories":[20],"tags":[],"class_list":["post-217684","post","type-post","status-publish","format-standard","hentry","category-dominicana-hoy"],"_links":{"self":[{"href":"https:\/\/diariodominicano.com\/index.php?rest_route=\/wp\/v2\/posts\/217684","targetHints":{"allow":["GET"]}}],"collection":[{"href":"https:\/\/diariodominicano.com\/index.php?rest_route=\/wp\/v2\/posts"}],"about":[{"href":"https:\/\/diariodominicano.com\/index.php?rest_route=\/wp\/v2\/types\/post"}],"author":[{"embeddable":true,"href":"https:\/\/diariodominicano.com\/index.php?rest_route=\/wp\/v2\/users\/3"}],"replies":[{"embeddable":true,"href":"https:\/\/diariodominicano.com\/index.php?rest_route=%2Fwp%2Fv2%2Fcomments&post=217684"}],"version-history":[{"count":0,"href":"https:\/\/diariodominicano.com\/index.php?rest_route=\/wp\/v2\/posts\/217684\/revisions"}],"wp:attachment":[{"href":"https:\/\/diariodominicano.com\/index.php?rest_route=%2Fwp%2Fv2%2Fmedia&parent=217684"}],"wp:term":[{"taxonomy":"category","embeddable":true,"href":"https:\/\/diariodominicano.com\/index.php?rest_route=%2Fwp%2Fv2%2Fcategories&post=217684"},{"taxonomy":"post_tag","embeddable":true,"href":"https:\/\/diariodominicano.com\/index.php?rest_route=%2Fwp%2Fv2%2Ftags&post=217684"}],"curies":[{"name":"wp","href":"https:\/\/api.w.org\/{rel}","templated":true}]}}