{"id":217681,"date":"2016-08-24T12:07:56","date_gmt":"2016-08-24T12:07:56","guid":{"rendered":"http:\/\/diariodominicano.ddns.net\/?p=217681"},"modified":"2016-08-24T12:07:56","modified_gmt":"2016-08-24T12:07:56","slug":"gobierno-anuncia-pensiones-para-6500-trabajadores-de-la-salud","status":"publish","type":"post","link":"https:\/\/diariodominicano.com\/?p=217681","title":{"rendered":"Gobierno anuncia pensiones para 6,500 trabajadores de la salud"},"content":{"rendered":"<p><body><\/p>\n<p><img decoding=\"async\" src=\"img3\/dailo24-8.jpg\" \/>  <\/p>\n<p><strong><span class=\"text1noticias\">Santo Domingo, R. D., 24 de Agosto.-<\/span><\/strong><span class=\"text1noticias\"> El presidente Danilo Medina emiti\u00f3 ayer los decretos 208-16, 209-16 y 210-16 mediante los cuales se pensiona a m\u00e1s de 6,500 servidores p\u00fablicos del \u00e1rea asistencial y administrativa del Servicio Nacional de Salud.<\/span><\/p>\n<p><span class=\"text1noticias\"> <\/span><\/p>\n<p><span class=\"text1noticias\">Igualmente del Ministerio de Salud P\u00fablica y del Instituto Dominicano de Seguros Sociales, que cumplen con los requisitos de edad, tiempo en servicio o condici\u00f3n de salud.<\/span><\/p>\n<p><span class=\"text1noticias\"> <\/span><\/p>\n<p><span class=\"text1noticias\">Equivalente a \u00faltimo salario e incluye incentivos<\/span><\/p>\n<p><span class=\"text1noticias\"> <\/span><\/p>\n<p><span class=\"text1noticias\">En el decreto se establece que dicha pensi\u00f3n es equivalente a su \u00faltimo salario e incluye todos los incentivos, excepto el que se otorga por docencia.<\/span><\/p>\n<p><span class=\"text1noticias\"> <\/span><\/p>\n<p><span class=\"text1noticias\">Cumplimiento de propuesta realizada a gremios<\/span><\/p>\n<p><span class=\"text1noticias\"> <\/span><\/p>\n<p><span class=\"text1noticias\">Con esta disposici\u00f3n, el gobierno cumple con su propuesta en tema de pensiones realizada a los gremios de salud, en el que se estableci\u00f3 pensiones y jubilaciones dignas para los trabajadores del sector.<\/span><\/p>\n<p><span class=\"text1noticias\"> <\/span><\/p>\n<p><span class=\"text1noticias\">Estos decretos consideran elegible a pensi\u00f3n a todo aquel que cumpla con uno de los siguientes criterios: al menos 65 a\u00f1os de edad y 20 de servicio, al menos 35 a\u00f1os de servicio y\/o inhabilitado por condici\u00f3n de salud justificada, cumpliendo con la normativa dominicana en temas de jubilaciones y pensiones, tal como fue acordado con los gremios de salud.<\/span><\/p>\n<p><span class=\"text1noticias\"> <\/span><\/p>\n<p><span class=\"text1noticias\">En ese sentido, la disposici\u00f3n oficial identific\u00f3 a todo aquel que prestaba sus servicios en dos establecimientos de salud, por lo que se le reconoce ambos salarios e incentivos y los unifica en la respectiva pensi\u00f3n.<\/span><\/p>\n<p><span class=\"text1noticias\"> <\/span><\/p>\n<p><span class=\"text1noticias\">\u00abEstamos agradecidos del sacrificado y valioso aporte de todos los a\u00f1os de servicio que el personal de la salud ha brindado al pa\u00eds. Por esto opino que garantizarles un retiro estable y digno es de pura justicia\u00bb, expres\u00f3 el ministro de la Presidencia, Gustavo Montalvo.<\/span><\/p>\n<p><span class=\"text1noticias\"> <\/span><\/p>\n<p><span class=\"text1noticias\">Del mismo modo, afirm\u00f3 que: \u00abCon este paso el gobierno sigue dando fiel cumplimiento a los puntos acordados con los gremios de salud y avanzamos as\u00ed en la reforma del sector y la mejora de la atenci\u00f3n para la poblaci\u00f3n\u00bb.<\/span><\/p>\n<p><span class=\"text1noticias\"> <\/span><\/p>\n<p><span class=\"text1noticias\">Seguro de salud<\/span><\/p>\n<p><span class=\"text1noticias\"> <\/span><\/p>\n<p><span class=\"text1noticias\">Adem\u00e1s, el gobierno est\u00e1 trabajando en la facilitaci\u00f3n de un plan especial de seguro de salud para los pensionados, que estar\u00eda financiado mediante aportes de cada pensionado y gestionado por el SENASA.<\/span><\/p>\n<h6> 2016-08-24 12:07:56 <\/h6>\n<p><!--\n<link rel=\"stylesheet\" href=\"css\/bootstrap.min.css\">\n\n\n<ul class=\"pagination\">\n\t    \n\t\n\n<li >\n\t<a href='?page_no=12178'>Previous<\/a>\n\t<\/li>\n\n\n       \n    \n\n<li><a href='?page_no=1'>1<\/a><\/li>\n\n\n\n<li><a href='?page_no=2'>2<\/a><\/li>\n\n\n\n<li><a>...<\/a><\/li>\n\n\n\n<li><a href='?page_no=12177'>12177<\/a><\/li>\n\n\n\n<li><a href='?page_no=12178'>12178<\/a><\/li>\n\n\n\n<li class='active'><a>12179<\/a><\/li>\n\n\n\n<li><a href='?page_no=12180'>12180<\/a><\/li>\n\n\n\n<li><a href='?page_no=12181'>12181<\/a><\/li>\n\n\n\n<li><a>...<\/a><\/li>\n\n\n\n<li><a href='?page_no=56169'>56169<\/a><\/li>\n\n\n\n<li><a href='?page_no=56170'>56170<\/a><\/li>\n\n    \n\t\n\n<li >\n\t<a href='?page_no=12180'>Next<\/a>\n\t<\/li>\n\n\n    \n\n<li><a href='?page_no=56170'>Last &rsaquo;&rsaquo;<\/a><\/li>\n\n<\/ul>\n\n\n--><br \/>\n<\/body><\/p>\n","protected":false},"excerpt":{"rendered":"<p>Santo Domingo, R. D., 24 de Agosto.- El presidente Danilo Medina emiti\u00f3 ayer los decretos 208-16, 209-16 y 210-16 mediante los cuales se pensiona a m\u00e1s de 6,500 servidores p\u00fablicos del \u00e1rea asistencial y administrativa del Servicio Nacional de Salud. Igualmente del Ministerio de Salud P\u00fablica y del Instituto Dominicano de Seguros Sociales, que cumplen [&hellip;]<\/p>\n","protected":false},"author":3,"featured_media":0,"comment_status":"open","ping_status":"open","sticky":false,"template":"","format":"standard","meta":{"footnotes":""},"categories":[20],"tags":[],"class_list":["post-217681","post","type-post","status-publish","format-standard","hentry","category-dominicana-hoy"],"_links":{"self":[{"href":"https:\/\/diariodominicano.com\/index.php?rest_route=\/wp\/v2\/posts\/217681","targetHints":{"allow":["GET"]}}],"collection":[{"href":"https:\/\/diariodominicano.com\/index.php?rest_route=\/wp\/v2\/posts"}],"about":[{"href":"https:\/\/diariodominicano.com\/index.php?rest_route=\/wp\/v2\/types\/post"}],"author":[{"embeddable":true,"href":"https:\/\/diariodominicano.com\/index.php?rest_route=\/wp\/v2\/users\/3"}],"replies":[{"embeddable":true,"href":"https:\/\/diariodominicano.com\/index.php?rest_route=%2Fwp%2Fv2%2Fcomments&post=217681"}],"version-history":[{"count":0,"href":"https:\/\/diariodominicano.com\/index.php?rest_route=\/wp\/v2\/posts\/217681\/revisions"}],"wp:attachment":[{"href":"https:\/\/diariodominicano.com\/index.php?rest_route=%2Fwp%2Fv2%2Fmedia&parent=217681"}],"wp:term":[{"taxonomy":"category","embeddable":true,"href":"https:\/\/diariodominicano.com\/index.php?rest_route=%2Fwp%2Fv2%2Fcategories&post=217681"},{"taxonomy":"post_tag","embeddable":true,"href":"https:\/\/diariodominicano.com\/index.php?rest_route=%2Fwp%2Fv2%2Ftags&post=217681"}],"curies":[{"name":"wp","href":"https:\/\/api.w.org\/{rel}","templated":true}]}}