{"id":217680,"date":"2016-08-24T12:47:38","date_gmt":"2016-08-24T12:47:38","guid":{"rendered":"http:\/\/diariodominicano.ddns.net\/?p=217680"},"modified":"2016-08-24T12:47:38","modified_gmt":"2016-08-24T12:47:38","slug":"david-collado-dice-trabajara-junto-a-danilo-en-beneficio-de-municipes","status":"publish","type":"post","link":"https:\/\/diariodominicano.com\/?p=217680","title":{"rendered":"David Collado dice trabajar\u00e1 junto a Danilo, en beneficio de mun\u00edcipes"},"content":{"rendered":"<p><body><\/p>\n<p><img decoding=\"async\" src=\"img3\/Collado-Medina24-8.jpg\" \/>  <\/p>\n<p><strong><span class=\"text1noticias\">Santo Domingo, R. D., 24 de agosto.-<\/span><\/strong><span class=\"text1noticias\"> El alcalde del Distrito Nacional, David Collado, visit\u00f3 al presidente Danilo Medina, con cuyo Gobierno dijo, trabajar\u00e1 de manera conjunta, en beneficio de los dominicanos y dominicanas que viven en esa demarcaci\u00f3n.<\/span><\/p>\n<p><span class=\"text1noticias\"> <\/span><\/p>\n<p><span class=\"text1noticias\">\u00abYo, como alcalde del Distrito Nacional, en el entendido de que soy el alcalde de todos los dominicanos y dominicanas del Distrito Nacional, hice una visita al Presidente de la Rep\u00fablica, donde combinamos trabajos en distintas instancias, como los mercados.<\/span><\/p>\n<p><span class=\"text1noticias\"> <\/span><\/p>\n<p><span class=\"text1noticias\">Al hablar con los periodistas que cubren la fuente del Palacio Nacional, David Collado explic\u00f3 que se elaborar\u00e1 un plan de rescate de los mercados, en el que el Gobierno brindar\u00e1 apoyo en lo que concierne a \u00e1reas como las intersecciones de la Duarte con Par\u00eds.<\/span><\/p>\n<p><span class=\"text1noticias\"> <\/span><\/p>\n<p><span class=\"text1noticias\">Trabajos coordinados Gobierno-alcald\u00eda DN<\/span><\/p>\n<p><span class=\"text1noticias\"> <\/span><\/p>\n<p><span class=\"text1noticias\">\u00abEl Presidente dio instrucciones para que se produzca una reuni\u00f3n con el ministro de Obras P\u00fablicas, para que todos los trabajos que se realicen en el Distrito Nacional sean coordinados con la alcald\u00eda del Distrito Nacional\u00bb, dijo.<\/span><\/p>\n<p><span class=\"text1noticias\"> <\/span><\/p>\n<p><span class=\"text1noticias\">Collado expres\u00f3 que esa reuni\u00f3n con el ministro Gonzalo Castillo tambi\u00e9n tratar\u00e1 de coordinar sobre los trabajos que se realizan en el Malec\u00f3n.<\/span><\/p>\n<p><span class=\"text1noticias\"> <\/span><\/p>\n<p><span class=\"text1noticias\">Inform\u00f3, adem\u00e1s, que las labores que realiza el Ministerio de Obras P\u00fablicas en el Malec\u00f3n llegar\u00e1n hasta el Hotel Santo Domingo, en la Abraham Lincoln, y a partir de esta v\u00eda, hasta donde est\u00e1 la estatua de Fray Ant\u00f3n de Montesinos, donde los trabajos ser\u00e1n ejecutados por la Alcald\u00eda del Distrito Nacional.<\/span><\/p>\n<p><span class=\"text1noticias\"> <\/span><\/p>\n<p><span class=\"text1noticias\">Danilo Medina apoyar\u00e1 nuestra gesti\u00f3n<\/span><\/p>\n<p><span class=\"text1noticias\"> <\/span><\/p>\n<p><span class=\"text1noticias\">M\u00e1s adelante agreg\u00f3 que la idea es \u00abtrabajar unificados, trabajar con una coordinaci\u00f3n precisa. Es por eso que el Presidente de la Rep\u00fablica manifest\u00f3 que va a apoyar nuestra gesti\u00f3n, a trav\u00e9s del Ministerio de Obras P\u00fablicas y vamos a coordinar trabajos en Merca Santo Domingo\u00bb.<\/span><\/p>\n<p><span class=\"text1noticias\"> <\/span><\/p>\n<p><span class=\"text1noticias\">El ejecutivo municipal explic\u00f3 que con este apoyo se terminar\u00e1 de construir el mercado de Los Guandules y se intensificar\u00e1n los esfuerzos en la recuperaci\u00f3n de todos los mercados del Distrito Nacional.<\/span><\/p>\n<p><span class=\"text1noticias\"> <\/span><\/p>\n<p><span class=\"text1noticias\">La intenci\u00f3n es com\u00fan para que los dominicanos vivan bien<\/span><\/p>\n<p><span class=\"text1noticias\"> <\/span><\/p>\n<p><span class=\"text1noticias\">Refiri\u00f3 que la intenci\u00f3n es com\u00fan para que los dominicanos vivan bien.<\/span><\/p>\n<p><span class=\"text1noticias\"> <\/span><\/p>\n<p><span class=\"text1noticias\">\u00abNosotros le comunicamos a las autoridades de nuestro partido que ven\u00edamos aqu\u00ed como autoridad de la alcald\u00eda del Distrito Nacional y hemos agilizado una agenda de trabajo, y hemos avanzado como ayuntamiento en coordinar lo que no podamos hacer, con el Ministerio de Obras P\u00fablicas\u00bb.<\/span><\/p>\n<p><span class=\"text1noticias\"> <\/span><\/p>\n<p><span class=\"text1noticias\">Excelente impresi\u00f3n caus\u00f3 el Presidente al Alcalde<\/span><\/p>\n<p><span class=\"text1noticias\"> <\/span><\/p>\n<p><span class=\"text1noticias\">Cuando le preguntaron la impresi\u00f3n que se llev\u00f3 sobre el presidente Danilo Medina, al ser de un partido distinto al suyo en la coyuntura que se presenta, ripost\u00f3:<\/span><\/p>\n<p><span class=\"text1noticias\"> <\/span><\/p>\n<p><span class=\"text1noticias\">\u00abUna excelente impresi\u00f3n. Se trat\u00f3 de una reuni\u00f3n que se extendi\u00f3 por m\u00e1s de 45 minutos; un trato muy cordial, donde \u00e9l (Danilo Medina) dej\u00f3 por sentado que nuestro inter\u00e9s es el beneficio de los mun\u00edcipes, sin importar que yo sea de un partido de oposici\u00f3n, lo que \u00e9l respetaba. Yo le expres\u00e9 que como alcalde del Distrito Nacional, mi compromiso es buscar las soluciones para esos ciudadanos\u00bb.<\/span><\/p>\n<p><span class=\"text1noticias\"> <\/span><\/p>\n<p><span class=\"text1noticias\">Fue enf\u00e1tico al decir que su investidura de alcalde del Distrito Nacional es para cubrir las necesidades de la gente de la capital e igual inter\u00e9s expres\u00f3, es el que tiene el presiden<\/span>te Danilo Medina.<\/p>\n<h6> 2016-08-24 12:47:38 <\/h6>\n<p><!--\n<link rel=\"stylesheet\" href=\"css\/bootstrap.min.css\">\n\n\n<ul class=\"pagination\">\n\t    \n\t\n\n<li >\n\t<a href='?page_no=12177'>Previous<\/a>\n\t<\/li>\n\n\n       \n    \n\n<li><a href='?page_no=1'>1<\/a><\/li>\n\n\n\n<li><a href='?page_no=2'>2<\/a><\/li>\n\n\n\n<li><a>...<\/a><\/li>\n\n\n\n<li><a href='?page_no=12176'>12176<\/a><\/li>\n\n\n\n<li><a href='?page_no=12177'>12177<\/a><\/li>\n\n\n\n<li class='active'><a>12178<\/a><\/li>\n\n\n\n<li><a href='?page_no=12179'>12179<\/a><\/li>\n\n\n\n<li><a href='?page_no=12180'>12180<\/a><\/li>\n\n\n\n<li><a>...<\/a><\/li>\n\n\n\n<li><a href='?page_no=56169'>56169<\/a><\/li>\n\n\n\n<li><a href='?page_no=56170'>56170<\/a><\/li>\n\n    \n\t\n\n<li >\n\t<a href='?page_no=12179'>Next<\/a>\n\t<\/li>\n\n\n    \n\n<li><a href='?page_no=56170'>Last &rsaquo;&rsaquo;<\/a><\/li>\n\n<\/ul>\n\n\n--><br \/>\n<\/body><\/p>\n","protected":false},"excerpt":{"rendered":"<p>Santo Domingo, R. D., 24 de agosto.- El alcalde del Distrito Nacional, David Collado, visit\u00f3 al presidente Danilo Medina, con cuyo Gobierno dijo, trabajar\u00e1 de manera conjunta, en beneficio de los dominicanos y dominicanas que viven en esa demarcaci\u00f3n. \u00abYo, como alcalde del Distrito Nacional, en el entendido de que soy el alcalde de todos [&hellip;]<\/p>\n","protected":false},"author":3,"featured_media":0,"comment_status":"open","ping_status":"open","sticky":false,"template":"","format":"standard","meta":{"footnotes":""},"categories":[20],"tags":[],"class_list":["post-217680","post","type-post","status-publish","format-standard","hentry","category-dominicana-hoy"],"_links":{"self":[{"href":"https:\/\/diariodominicano.com\/index.php?rest_route=\/wp\/v2\/posts\/217680","targetHints":{"allow":["GET"]}}],"collection":[{"href":"https:\/\/diariodominicano.com\/index.php?rest_route=\/wp\/v2\/posts"}],"about":[{"href":"https:\/\/diariodominicano.com\/index.php?rest_route=\/wp\/v2\/types\/post"}],"author":[{"embeddable":true,"href":"https:\/\/diariodominicano.com\/index.php?rest_route=\/wp\/v2\/users\/3"}],"replies":[{"embeddable":true,"href":"https:\/\/diariodominicano.com\/index.php?rest_route=%2Fwp%2Fv2%2Fcomments&post=217680"}],"version-history":[{"count":0,"href":"https:\/\/diariodominicano.com\/index.php?rest_route=\/wp\/v2\/posts\/217680\/revisions"}],"wp:attachment":[{"href":"https:\/\/diariodominicano.com\/index.php?rest_route=%2Fwp%2Fv2%2Fmedia&parent=217680"}],"wp:term":[{"taxonomy":"category","embeddable":true,"href":"https:\/\/diariodominicano.com\/index.php?rest_route=%2Fwp%2Fv2%2Fcategories&post=217680"},{"taxonomy":"post_tag","embeddable":true,"href":"https:\/\/diariodominicano.com\/index.php?rest_route=%2Fwp%2Fv2%2Ftags&post=217680"}],"curies":[{"name":"wp","href":"https:\/\/api.w.org\/{rel}","templated":true}]}}