{"id":217678,"date":"2016-08-24T15:25:19","date_gmt":"2016-08-24T15:25:19","guid":{"rendered":"http:\/\/diariodominicano.ddns.net\/?p=217678"},"modified":"2016-08-24T15:25:19","modified_gmt":"2016-08-24T15:25:19","slug":"sns-pondera-papel-de-pasantes-de-ley-en-la-prevencion-de-enfermedades","status":"publish","type":"post","link":"https:\/\/diariodominicano.com\/?p=217678","title":{"rendered":"SNS pondera papel de pasantes de Ley en la prevenci\u00f3n de enfermedades"},"content":{"rendered":"<p><body><\/p>\n<p><img decoding=\"async\" src=\"img3\/entrega1.jpg\" \/><br \/><img decoding=\"async\" src=\"img3\/entrega2.jpg\" \/>  <\/p>\n<\/p>\n<p><strong> <\/strong><\/p>\n<p><strong><span class=\"text1noticias\">Santo Domingo, RD, 24 de Agosto.-<\/span><\/strong><span class=\"text1noticias\">El titular del Servicio Nacional de Salud (SNS) encabez\u00f3 hoy el acto de entrega de nombramientos e inducci\u00f3n  a 136 m\u00e9dicos pasantes de Ley donde destac\u00f3 el gran papel que desempe\u00f1an desde los Centros de Atenci\u00f3n Primaria en la prevenci\u00f3n de las enfermedades.<\/span><\/p>\n<\/p>\n<p><span class=\"text1noticias\">Sobre el particular, el director ejecutivo del SNS, doctor Nelson Rodr\u00edguez Monegro ponder\u00f3 el conocimiento de los galenos en materia de Epidemiolog\u00eda y los exhort\u00f3 a ponerlos en pr\u00e1ctica para determinar los factores que inciden en una poblaci\u00f3n determinada donde se incremente alg\u00fan tipo de patolog\u00eda y puedan identificarlos. <\/span><\/p>\n<\/p>\n<p><span class=\"text1noticias\">Los pasantes de Ley designados en Centros de Primer Nivel de toda la geograf\u00eda nacional a trav\u00e9s de las nueve direcciones de Salud, recibieron sus nombramientos en un acto de corte acad\u00e9mico que adem\u00e1s de la charla a cargo del doctor Rodr\u00edguez Monegro incluy\u00f3 la intervenci\u00f3n de los directores de Pasant\u00edas M\u00e9dicas y de Atenci\u00f3n Primaria, doctores Esther Rivas y Alexander Suazo, respectivamente.<\/span><\/p>\n<\/p>\n<p><span class=\"text1noticias\">Rodr\u00edguez Monegro llam\u00f3 a los pasantes de Ley a estar atentos a las enfermedades transmitidas por vectores como son el dengue, el zika, chikungunya y malaria.<\/span><\/p>\n<\/p>\n<p><span class=\"text1noticias\"> <\/span><\/p>\n<p><span class=\"text1noticias\">Durante la charla realizada en el sal\u00f3n Manuel del Cabral de la Universidad Aut\u00f3noma de Santo Domingo, tambi\u00e9n hizo referencia a las enfermedades transmitidas por el agua, entre las que destac\u00f3 la gastroenteritis, hepatitis A, fiebre tifoidea, salmonelosis y la parasitosis, \u00aben fin, esas cosas que ustedes estudiaron, pues el agua tiene una importancia capital para transmitirlas\u00bb, apunt\u00f3.  <\/span><\/p>\n<\/p>\n<p><span class=\"text1noticias\">\u00abEsos son conceptos importantes que ustedes tienen que ir afinando, porque van a ser parte de su arsenal en las materias de promoci\u00f3n y prevenci\u00f3n\u00bb, indic\u00f3 Rodr\u00edguez Monegro.<\/span><\/p>\n<\/p>\n<p><span class=\"text1noticias\">Recomend\u00f3 que para detectar si est\u00e1 ocurriendo alg\u00fan evento cuando lleguen a sus unidades de Atenci\u00f3n Primaria, deben revisar los diferentes diagn\u00f3sticos que est\u00e1n ah\u00ed a trav\u00e9s del Sistema de Gesti\u00f3n Cl\u00ednica.<\/span><\/p>\n<\/p>\n<p><span class=\"text1noticias\">Para el director Nacional de Salud,  revisar los diferentes diagn\u00f3sticos que est\u00e1n ah\u00ed, que se han presentado en los \u00faltimos tres, cuatro o cinco meses,  permitir\u00e1 que empiecen a ver cu\u00e1les son los casos que usualmente llegan a la Unidad de Atenci\u00f3n Primaria y en base a ellos comenzar a estudiar\u00bb. <\/span><\/p>\n<\/p>\n<p><span class=\"text1noticias\">Manifest\u00f3 que desde su formaci\u00f3n inicial, se interesen por manejar la clasificaci\u00f3n internacional de enfermedades y se preocupen en conocer cu\u00e1les son los verdaderos nombres que tienen las mismas.<\/span><\/p>\n<\/p>\n<p><span class=\"text1noticias\">\u00abPorque cuando revisamos diagn\u00f3sticos, evidentemente hay muchos que se los inventan, es decir, \u00bfde d\u00f3nde salen esos diagn\u00f3sticos que no existen? Lo que existe es la clasificaci\u00f3n internacional.<\/span><\/p>\n<\/p>\n<p><span class=\"text1noticias\">Plante\u00f3 que  el m\u00e9dico debe estandarizar el diagn\u00f3stico, para que no haya problemas, ya que cada diagn\u00f3stico como consecuencia, tiene un arsenal terap\u00e9utico y si no hace correctamente no podr\u00e1 implementar una terap\u00e9utica adecuada, sostuvo. <\/span><\/p>\n<\/p>\n<p><span class=\"text1noticias\">Los motiv\u00f3 a fortalecer los conocimientos adquiridos y a poner atenci\u00f3n a los detalles porque de esa forma podr\u00e1n ser mejores m\u00e9dicos que sirvan a la poblaci\u00f3n.<\/span><\/p>\n<h6> 2016-08-24 15:25:19 <\/h6>\n<p><!--\n<link rel=\"stylesheet\" href=\"css\/bootstrap.min.css\">\n\n\n<ul class=\"pagination\">\n\t    \n\t\n\n<li >\n\t<a href='?page_no=12175'>Previous<\/a>\n\t<\/li>\n\n\n       \n    \n\n<li><a href='?page_no=1'>1<\/a><\/li>\n\n\n\n<li><a href='?page_no=2'>2<\/a><\/li>\n\n\n\n<li><a>...<\/a><\/li>\n\n\n\n<li><a href='?page_no=12174'>12174<\/a><\/li>\n\n\n\n<li><a href='?page_no=12175'>12175<\/a><\/li>\n\n\n\n<li class='active'><a>12176<\/a><\/li>\n\n\n\n<li><a href='?page_no=12177'>12177<\/a><\/li>\n\n\n\n<li><a href='?page_no=12178'>12178<\/a><\/li>\n\n\n\n<li><a>...<\/a><\/li>\n\n\n\n<li><a href='?page_no=56169'>56169<\/a><\/li>\n\n\n\n<li><a href='?page_no=56170'>56170<\/a><\/li>\n\n    \n\t\n\n<li >\n\t<a href='?page_no=12177'>Next<\/a>\n\t<\/li>\n\n\n    \n\n<li><a href='?page_no=56170'>Last &rsaquo;&rsaquo;<\/a><\/li>\n\n<\/ul>\n\n\n--><br \/>\n<\/body><\/p>\n","protected":false},"excerpt":{"rendered":"<p>Santo Domingo, RD, 24 de Agosto.-El titular del Servicio Nacional de Salud (SNS) encabez\u00f3 hoy el acto de entrega de nombramientos e inducci\u00f3n a 136 m\u00e9dicos pasantes de Ley donde destac\u00f3 el gran papel que desempe\u00f1an desde los Centros de Atenci\u00f3n Primaria en la prevenci\u00f3n de las enfermedades. Sobre el particular, el director ejecutivo del [&hellip;]<\/p>\n","protected":false},"author":3,"featured_media":0,"comment_status":"open","ping_status":"open","sticky":false,"template":"","format":"standard","meta":{"footnotes":""},"categories":[20],"tags":[],"class_list":["post-217678","post","type-post","status-publish","format-standard","hentry","category-dominicana-hoy"],"_links":{"self":[{"href":"https:\/\/diariodominicano.com\/index.php?rest_route=\/wp\/v2\/posts\/217678","targetHints":{"allow":["GET"]}}],"collection":[{"href":"https:\/\/diariodominicano.com\/index.php?rest_route=\/wp\/v2\/posts"}],"about":[{"href":"https:\/\/diariodominicano.com\/index.php?rest_route=\/wp\/v2\/types\/post"}],"author":[{"embeddable":true,"href":"https:\/\/diariodominicano.com\/index.php?rest_route=\/wp\/v2\/users\/3"}],"replies":[{"embeddable":true,"href":"https:\/\/diariodominicano.com\/index.php?rest_route=%2Fwp%2Fv2%2Fcomments&post=217678"}],"version-history":[{"count":0,"href":"https:\/\/diariodominicano.com\/index.php?rest_route=\/wp\/v2\/posts\/217678\/revisions"}],"wp:attachment":[{"href":"https:\/\/diariodominicano.com\/index.php?rest_route=%2Fwp%2Fv2%2Fmedia&parent=217678"}],"wp:term":[{"taxonomy":"category","embeddable":true,"href":"https:\/\/diariodominicano.com\/index.php?rest_route=%2Fwp%2Fv2%2Fcategories&post=217678"},{"taxonomy":"post_tag","embeddable":true,"href":"https:\/\/diariodominicano.com\/index.php?rest_route=%2Fwp%2Fv2%2Ftags&post=217678"}],"curies":[{"name":"wp","href":"https:\/\/api.w.org\/{rel}","templated":true}]}}