{"id":217677,"date":"2016-08-24T16:54:13","date_gmt":"2016-08-24T16:54:13","guid":{"rendered":"http:\/\/diariodominicano.ddns.net\/?p=217677"},"modified":"2016-08-24T16:54:13","modified_gmt":"2016-08-24T16:54:13","slug":"el-coe-amplia-el-nivel-de-alerta-verde-a-13-provincias-y-el-gran-santo-domingo","status":"publish","type":"post","link":"https:\/\/diariodominicano.com\/?p=217677","title":{"rendered":"El COE ampl\u00eda el nivel de Alerta verde a 13 provincias y el Gran Santo Domingo&#13;&#13;"},"content":{"rendered":"<p><body><\/p>\n<p><img decoding=\"async\" src=\"img3\/Noaa24-8.png\" \/>  <\/p>\n<p><span class=\"text1noticias\">    <\/span><\/p>\n<p><span class=\"text1noticias\">.<\/span><\/p>\n<p><span class=\"text1noticias\"><strong>SANTO DOMINGO, RD, 24 de Agosto de 2016.-<\/strong> La Direcci\u00f3n del Centro de Operaciones de Emergencias (COE), inform\u00f3 la noche del mi\u00e9rcoles  que de acuerdo al bolet\u00edn  meteorol\u00f3gico de las 6:00 de la tarde,   la Oficina Nacional de Meteorolog\u00eda \u00abONAMET, el cual establece que la activa onda tropical asociada a un sistema de baja presi\u00f3n se localiza muy pr\u00f3ximo a Puerto Rico,  con un amplio campo nuboso, el cual est\u00e1 incidiendo en las condiciones del tiempo y generando nublados con aguaceros de moderados a fuertes, acompa\u00f1ados de tormentas el\u00e9ctricas y r\u00e1fagas de viento hacia las Regiones Noreste, Sureste, Norte y la Cordillera Central.  <\/span><\/p>\n<\/p>\n<p><strong><span class=\"text1noticias\">Por ello y lo establecido en la Ley 147-02, sobre Gesti\u00f3n de Riesgos,  el Centro de Operaciones de Emergencias (COE), Amplia el nivel de Alerta VERDE por posibles inundaciones rurales y urbanas, as\u00ed como deslizamientos de tierra para las provincias La Altagracia,  Duarte, Hato Mayor, Mar\u00eda Trinidad S\u00e1nchez, El Seibo, Monte Plata, Puerto Plata, San Crist\u00f3bal, San Pedro de Macor\u00eds, Espaillat, Romana, S\u00e1nchez Ram\u00edrez, Santiago\t y  el  Gran Santo Domingo.<\/span><\/strong><\/p>\n<\/p>\n<p><span class=\"text1noticias\">El COE tambi\u00e9n dispuso que  las fr\u00e1giles, peque\u00f1as y medianas embarcaciones deben  permanecer en puerto en todas las costas del pa\u00eds, debido a vientos y olas anormales. Adem\u00e1s indica se proh\u00edbe el uso de las playas y los deportes acu\u00e1ticos. <\/span><\/p>\n<\/p>\n<p><strong><span class=\"text1noticias\">Acciones tomadas<\/span><\/strong><\/p>\n<\/p>\n<p><span class=\"text1noticias\">Inform\u00f3 que los Ministros de la Presidencia y  Administrativo, mantienen permanente comunicaci\u00f3n con la Direcci\u00f3n del Centro de Operaciones de Emergencia a fin de mantener informado al alto mando con relaci\u00f3n al desarrollo de este  evento, apoyando con los recursos necesarios a trav\u00e9s del Plan Social de la Presidencia y Comedores Econ\u00f3micos.<\/span><\/p>\n<\/p>\n<p><span class=\"text1noticias\">Indic\u00f3 que el Ministro de Obras  P\u00fablicas y Comunicaciones, mantiene una Coordinaci\u00f3n directa con la Direcci\u00f3n del Centro de Operaciones de Emergencia.<\/span><\/p>\n<p><span class=\"text1noticias\">De igual modo, el  Ministro de Obras  P\u00fablicas y Comunicaciones orden\u00f3 la activaci\u00f3n de su sala de crisis  y sus Planes de Contingencias.<\/span><\/p>\n<\/p>\n<p><span class=\"text1noticias\">El Ministro de Defensa se mantiene en comunicaci\u00f3n permanente con la Direcci\u00f3n del Centro de Operaciones de Emergencia.<\/span><\/p>\n<\/p>\n<p><span class=\"text1noticias\">Se mantienen activos los Planes de Contingencias de Fuerzas Armadas, Policia Nacional, Cruz Roja, Defensa Civil, Obras  P\u00fablicas y Bomberos para eventos Hidrometeorologicos.<\/span><\/p>\n<\/p>\n<p><span class=\"text1noticias\">El MOPC ha realizado limpieza de imbornales, alcantarillas y cunetas principalmente en las provincias bajo alerta para evitar inundaciones urbanas.<\/span><\/p>\n<\/p>\n<p><span class=\"text1noticias\">El COE destac\u00f3 que se  proh\u00edbe actividades recreativas, acu\u00e1ticas, lavado de veh\u00edculos, principalmente en los balnearios, playas y r\u00edos en las provincias bajo alerta.<\/span><\/p>\n<\/p>\n<p><span class=\"text1noticias\">Se proh\u00edbe las actividades de monta\u00f1as, campismo, senderismo y de otras \u00edndoles principalmente en la Cordillera Central, Oriental y Septentrional.<\/span><\/p>\n<\/p>\n<p><strong><span class=\"text1noticias\">Recomendaciones<\/span><\/strong><\/p>\n<\/p>\n<p><span class=\"text1noticias\">1.\tSeguir los lineamientos y orientaciones de los organismos de protecci\u00f3n civil.<\/span><\/p>\n<\/p>\n<p><span class=\"text1noticias\">2.\tMantenerse en contacto con la Defensa Civil, Fuerzas Armadas, Cruz Roja, la Polic\u00eda Nacional, <\/span><\/p>\n<p><span class=\"text1noticias\">Cuerpos de Bomberos y este Centro de Operaciones de Emergencia a trav\u00e9s del  Tel: 809-472-0909 , *462 de la OPTIC.<\/span><\/p>\n<\/p>\n<p><strong><span class=\"text1noticias\">ALERTA VERDE\t<\/span><\/strong><\/p>\n<\/p>\n<p><span class=\"text1noticias\">Aquella que se declara cuando las expectativas de un fen\u00f3meno permiten prever la ocurrencia de un evento de car\u00e1cter peligroso para la poblaci\u00f3n. Puede ser parcial o total.<\/span><\/p>\n<\/p>\n<\/p>\n<h6> 2016-08-24 16:54:13 <\/h6>\n<p><!--\n<link rel=\"stylesheet\" href=\"css\/bootstrap.min.css\">\n\n\n<ul class=\"pagination\">\n\t    \n\t\n\n<li >\n\t<a href='?page_no=12174'>Previous<\/a>\n\t<\/li>\n\n\n       \n    \n\n<li><a href='?page_no=1'>1<\/a><\/li>\n\n\n\n<li><a href='?page_no=2'>2<\/a><\/li>\n\n\n\n<li><a>...<\/a><\/li>\n\n\n\n<li><a href='?page_no=12173'>12173<\/a><\/li>\n\n\n\n<li><a href='?page_no=12174'>12174<\/a><\/li>\n\n\n\n<li class='active'><a>12175<\/a><\/li>\n\n\n\n<li><a href='?page_no=12176'>12176<\/a><\/li>\n\n\n\n<li><a href='?page_no=12177'>12177<\/a><\/li>\n\n\n\n<li><a>...<\/a><\/li>\n\n\n\n<li><a href='?page_no=56169'>56169<\/a><\/li>\n\n\n\n<li><a href='?page_no=56170'>56170<\/a><\/li>\n\n    \n\t\n\n<li >\n\t<a href='?page_no=12176'>Next<\/a>\n\t<\/li>\n\n\n    \n\n<li><a href='?page_no=56170'>Last &rsaquo;&rsaquo;<\/a><\/li>\n\n<\/ul>\n\n\n--><br \/>\n<\/body><\/p>\n","protected":false},"excerpt":{"rendered":"<p>. SANTO DOMINGO, RD, 24 de Agosto de 2016.- La Direcci\u00f3n del Centro de Operaciones de Emergencias (COE), inform\u00f3 la noche del mi\u00e9rcoles que de acuerdo al bolet\u00edn meteorol\u00f3gico de las 6:00 de la tarde, la Oficina Nacional de Meteorolog\u00eda \u00abONAMET, el cual establece que la activa onda tropical asociada a un sistema de baja [&hellip;]<\/p>\n","protected":false},"author":3,"featured_media":0,"comment_status":"open","ping_status":"open","sticky":false,"template":"","format":"standard","meta":{"footnotes":""},"categories":[20],"tags":[],"class_list":["post-217677","post","type-post","status-publish","format-standard","hentry","category-dominicana-hoy"],"_links":{"self":[{"href":"https:\/\/diariodominicano.com\/index.php?rest_route=\/wp\/v2\/posts\/217677","targetHints":{"allow":["GET"]}}],"collection":[{"href":"https:\/\/diariodominicano.com\/index.php?rest_route=\/wp\/v2\/posts"}],"about":[{"href":"https:\/\/diariodominicano.com\/index.php?rest_route=\/wp\/v2\/types\/post"}],"author":[{"embeddable":true,"href":"https:\/\/diariodominicano.com\/index.php?rest_route=\/wp\/v2\/users\/3"}],"replies":[{"embeddable":true,"href":"https:\/\/diariodominicano.com\/index.php?rest_route=%2Fwp%2Fv2%2Fcomments&post=217677"}],"version-history":[{"count":0,"href":"https:\/\/diariodominicano.com\/index.php?rest_route=\/wp\/v2\/posts\/217677\/revisions"}],"wp:attachment":[{"href":"https:\/\/diariodominicano.com\/index.php?rest_route=%2Fwp%2Fv2%2Fmedia&parent=217677"}],"wp:term":[{"taxonomy":"category","embeddable":true,"href":"https:\/\/diariodominicano.com\/index.php?rest_route=%2Fwp%2Fv2%2Fcategories&post=217677"},{"taxonomy":"post_tag","embeddable":true,"href":"https:\/\/diariodominicano.com\/index.php?rest_route=%2Fwp%2Fv2%2Ftags&post=217677"}],"curies":[{"name":"wp","href":"https:\/\/api.w.org\/{rel}","templated":true}]}}