{"id":217675,"date":"2016-08-25T00:14:10","date_gmt":"2016-08-25T00:14:10","guid":{"rendered":"http:\/\/diariodominicano.ddns.net\/?p=217675"},"modified":"2016-08-25T00:14:10","modified_gmt":"2016-08-25T00:14:10","slug":"minerd-comunica-a-su-personal-docente-y-administrativo-medidas-a-adoptar-frente-a-onda-tropical","status":"publish","type":"post","link":"https:\/\/diariodominicano.com\/?p=217675","title":{"rendered":"MINERD comunica a su personal docente y administrativo medidas a adoptar frente a onda tropical"},"content":{"rendered":"<p><body><\/p>\n<p><img decoding=\"async\" src=\"img3\/Fachada Ultima.JPG\" \/>  <\/p>\n<p><strong><span class=\"text1noticias\">MINERD vigila onda tropical con probabilidad de convertirse en cicl\u00f3n y que comenzar\u00e1 a sentirse en el pa\u00eds a partir de la tarde de hoy.<\/span><\/strong><\/p>\n<\/p>\n<p><strong><span class=\"text1noticias\">SANTO DOMINGO, RD, 25 de Agosto de 2016.-<\/span><\/strong><span class=\"text1noticias\">  El Ministerio de Educaci\u00f3n, comunic\u00f3 a todo su personal docente y administrativo, las medidas generales a llevar a cabo antes, durante y despu\u00e9s de un evento meteorol\u00f3gico, a prop\u00f3sito de la onda tropical con probabilidad de convertirse en cicl\u00f3n en las pr\u00f3ximas 48 horas, y que comenzar\u00eda a sentirse en el pa\u00eds a partir de la tarde de hoy.<\/span><\/p>\n<\/p>\n<p><span class=\"text1noticias\">A trav\u00e9s de una circular, el ministro arquitecto Andr\u00e9s Navarro instruy\u00f3 a toda la comunidad educativa, a seguir los lineamientos conforme a las orientaciones del Centro de Operaciones de Emergencia (COE) y la Oficina Nacional de Meteorolog\u00eda (ONAMET), si se presentaran fuertes aguaceros, tormentas el\u00e9ctricas, r\u00e1fagas de viento y deslizamientos de tierra.<\/span><\/p>\n<\/p>\n<p><span class=\"text1noticias\">Explic\u00f3 que en toda circunstancia lo primordial siempre ser\u00e1 proteger la vida de las personas, especialmente de los ni\u00f1os, adolescentes, j\u00f3venes y adultos que est\u00e1n en los centros educativos y oficinas administrativas.<\/span><\/p>\n<\/p>\n<p><span class=\"text1noticias\">Asimismo, llam\u00f3 a realizar jornadas de limpiezas en el \u00e1rea, casa y oficinas, as\u00ed como tambi\u00e9n en techos y drenajes, adem\u00e1s de definir cu\u00e1l es el espacio m\u00e1s seguro para proteger los materiales did\u00e1cticos y recursos disponibles.<\/span><\/p>\n<\/p>\n<p><span class=\"text1noticias\">El MINERD, alert\u00f3 a estar pendiente sobre alertas Verde, Amarilla, Roja y a tener a mano un listado con los n\u00fameros de tel\u00e9fonos de los organismos de primera respuesta de su localidad, para informarse de las condiciones de su centro u oficina, en caso de alguna eventualidad.<\/span><\/p>\n<\/p>\n<p><span class=\"text1noticias\">Agreg\u00f3 que al finalizar el fen\u00f3meno natural, el encargado de los comit\u00e9s escolares de Gesti\u00f3n de Riesgo, debe hacer un levantamiento sobre los da\u00f1os ocasionados al mismo, reorganizar el centro, \u00e1rea u oficina para iniciar labor inmediato sino ha sufrido da\u00f1os considerables y reportar a su superior bajo las condiciones que reiniciar\u00e1n las labores.<\/span><\/p>\n<\/p>\n<p><span class=\"text1noticias\">Asimismo, inform\u00f3 que deben ponerse en pr\u00e1cticas los manuales que tienen que ver con las enfermedades que pueden contraerse luego de los efectos de un evento tales como Dengue, Malaria, C\u00f3lera y Leptospirosis, y enfatizar sobre el uso adecuado del agua, el lavado de las manos, alimentos y utensilios de cocina.<\/span><\/p>\n<\/p>\n<p><strong><span class=\"text1noticias\">Sobre Onda Tropical<\/span><\/strong><\/p>\n<\/p>\n<p><span class=\"text1noticias\">El mi\u00e9rcoles  la Oficina Nacional de Meteorolog\u00eda (Onamet) inform\u00f3 que una activa onda tropical con un 50% de probabilidad de convertirse en cicl\u00f3n en las pr\u00f3ximas 48 horas, asociada a una baja presi\u00f3n, estar\u00e1 provocando aguaceros sobre el pa\u00eds desde esta tarde.<\/span><\/p>\n<\/p>\n<p><span class=\"text1noticias\">Debido al incremento de las lluvias, la Onamet mantiene una alerta meteorol\u00f3gica contra inundaciones repentinas y deslizamiento de tierra para La Altagracia, Hato Mayor, El Seibo, Duarte, Mar\u00eda Trinidad S\u00e1nchez, Puerto Plata, Monte Plata, San Crist\u00f3bal y Gran Santo Domingo.<\/span><\/p>\n<p><span class=\"text1noticias\"><strong>Otros fen\u00f3menos<\/strong><\/span><\/p>\n<\/p>\n<p><span class=\"text1noticias\">La Onamet vigila la tormenta tropical Gast\u00f3n que se localiza a unos 1570 kil\u00f3metros al oeste de la parte m\u00e1s sur de las islas de Cabo Verde, tiene vientos m\u00e1ximos sostenidos de 110 km\/h, se mueve hacia el oeste\/noroeste a unos 28 km\/h y por su distancia y desplazamiento, por el momento no ofrece <\/span><\/p>\n<p><span class=\"text1noticias\">peligro para la Rep\u00fablica Dominicana. <\/span><\/p>\n<\/p>\n<p><span class=\"text1noticias\">En tanto que la tormenta tropical Fiona se disip\u00f3, por lo que este fue su \u00faltima menci\u00f3n en nuestro informe.<\/span><\/p>\n<\/p>\n<p><strong><span class=\"text1noticias\">Pron\u00f3sticos locales<\/span><\/strong><\/p>\n<\/p>\n<p><span class=\"text1noticias\">Hoy el cielo estar\u00e1 medio nublado con chubascos y aisladas tronadas desde primeras horas de la ma\u00f1ana en algunos poblados de la regi\u00f3n este y el nordeste extendi\u00e9ndose de forma gradual a otras regiones del pa\u00eds.<\/span><\/p>\n<\/p>\n<p><span class=\"text1noticias\">En el Distrito Nacional y la provincia Santo Domingo habr\u00e1 nubes dispersas, con incrementos nubosos y aguaceros dispersos con tronadas ocasionales. La temperatura m\u00e1xima estar\u00e1 entre 31\u00baC y 33\u00baC y la m\u00ednima entre 22\u00baC y 24\u00baC.<\/span><\/p>\n<\/p>\n<\/p>\n<h6> 2016-08-25 00:14:10 <\/h6>\n<p><!--\n<link rel=\"stylesheet\" href=\"css\/bootstrap.min.css\">\n\n\n<ul class=\"pagination\">\n\t    \n\t\n\n<li >\n\t<a href='?page_no=12172'>Previous<\/a>\n\t<\/li>\n\n\n       \n    \n\n<li><a href='?page_no=1'>1<\/a><\/li>\n\n\n\n<li><a href='?page_no=2'>2<\/a><\/li>\n\n\n\n<li><a>...<\/a><\/li>\n\n\n\n<li><a href='?page_no=12171'>12171<\/a><\/li>\n\n\n\n<li><a href='?page_no=12172'>12172<\/a><\/li>\n\n\n\n<li class='active'><a>12173<\/a><\/li>\n\n\n\n<li><a href='?page_no=12174'>12174<\/a><\/li>\n\n\n\n<li><a href='?page_no=12175'>12175<\/a><\/li>\n\n\n\n<li><a>...<\/a><\/li>\n\n\n\n<li><a href='?page_no=56169'>56169<\/a><\/li>\n\n\n\n<li><a href='?page_no=56170'>56170<\/a><\/li>\n\n    \n\t\n\n<li >\n\t<a href='?page_no=12174'>Next<\/a>\n\t<\/li>\n\n\n    \n\n<li><a href='?page_no=56170'>Last &rsaquo;&rsaquo;<\/a><\/li>\n\n<\/ul>\n\n\n--><br \/>\n<\/body><\/p>\n","protected":false},"excerpt":{"rendered":"<p>MINERD vigila onda tropical con probabilidad de convertirse en cicl\u00f3n y que comenzar\u00e1 a sentirse en el pa\u00eds a partir de la tarde de hoy. SANTO DOMINGO, RD, 25 de Agosto de 2016.- El Ministerio de Educaci\u00f3n, comunic\u00f3 a todo su personal docente y administrativo, las medidas generales a llevar a cabo antes, durante y [&hellip;]<\/p>\n","protected":false},"author":3,"featured_media":0,"comment_status":"open","ping_status":"open","sticky":false,"template":"","format":"standard","meta":{"footnotes":""},"categories":[20],"tags":[],"class_list":["post-217675","post","type-post","status-publish","format-standard","hentry","category-dominicana-hoy"],"_links":{"self":[{"href":"https:\/\/diariodominicano.com\/index.php?rest_route=\/wp\/v2\/posts\/217675","targetHints":{"allow":["GET"]}}],"collection":[{"href":"https:\/\/diariodominicano.com\/index.php?rest_route=\/wp\/v2\/posts"}],"about":[{"href":"https:\/\/diariodominicano.com\/index.php?rest_route=\/wp\/v2\/types\/post"}],"author":[{"embeddable":true,"href":"https:\/\/diariodominicano.com\/index.php?rest_route=\/wp\/v2\/users\/3"}],"replies":[{"embeddable":true,"href":"https:\/\/diariodominicano.com\/index.php?rest_route=%2Fwp%2Fv2%2Fcomments&post=217675"}],"version-history":[{"count":0,"href":"https:\/\/diariodominicano.com\/index.php?rest_route=\/wp\/v2\/posts\/217675\/revisions"}],"wp:attachment":[{"href":"https:\/\/diariodominicano.com\/index.php?rest_route=%2Fwp%2Fv2%2Fmedia&parent=217675"}],"wp:term":[{"taxonomy":"category","embeddable":true,"href":"https:\/\/diariodominicano.com\/index.php?rest_route=%2Fwp%2Fv2%2Fcategories&post=217675"},{"taxonomy":"post_tag","embeddable":true,"href":"https:\/\/diariodominicano.com\/index.php?rest_route=%2Fwp%2Fv2%2Ftags&post=217675"}],"curies":[{"name":"wp","href":"https:\/\/api.w.org\/{rel}","templated":true}]}}