{"id":217674,"date":"2016-08-25T08:19:26","date_gmt":"2016-08-25T08:19:26","guid":{"rendered":"http:\/\/diariodominicano.ddns.net\/?p=217674"},"modified":"2016-08-25T08:19:26","modified_gmt":"2016-08-25T08:19:26","slug":"presidente-danilo-medina-designa-a-11-nuevos-gobernadores-civiles","status":"publish","type":"post","link":"https:\/\/diariodominicano.com\/?p=217674","title":{"rendered":"Presidente Danilo Medina designa a 11 nuevos gobernadores civiles"},"content":{"rendered":"<p><body><\/p>\n<p><img decoding=\"async\" src=\"img3\/Fachadaspalacio25-8.jpg\" \/>  <\/p>\n<p>Santo Domingo, R. D., 25 de agosto.- El presidente Danilo Medina design\u00f3 ayer, a 11 gobernadores civiles, mediante el decreto 211-16, entre ellos a Bol\u00edvar Marte, quien en lo adelante ser\u00e1 gobernador de la provincia La Vega.<\/p>\n<\/p>\n<p>La disposici\u00f3n presidencial tambi\u00e9n nombra a Nicio Rosario, gobernador civil de la provincia Monte Plata, mientras que Juan F\u00e9lix N\u00fa\u00f1ez Tav\u00e1rez desempe\u00f1ar\u00e1 esa posici\u00f3n en la provincia S\u00e1nchez Ram\u00edrez.<\/p>\n<\/p>\n<p>A trav\u00e9s dicho decreto, el jefe de Estado design\u00f3 a Altagracia Gonz\u00e1lez como gobernadora de la provincia Independencia, a Pedro Mota, en San Pedro de Macor\u00eds; Walkiria F\u00e9lix, en Azua y Teodoro Reyes, en La Romana.<\/p>\n<\/p>\n<p>En Monse\u00f1or Nouel, la gobernadora civil ser\u00e1 Mirian Abr\u00e9u; en la provincia Duarte, Juan Antigua Javier; en Valverde fue nombrado Jos\u00e9 Valdez y en El Seibo representar\u00e1 al presidente Danilo Medina, Gerardo Casasnovas.<\/p>\n<h6> 2016-08-25 08:19:26 <\/h6>\n<p><!--\n<link rel=\"stylesheet\" href=\"css\/bootstrap.min.css\">\n\n\n<ul class=\"pagination\">\n\t    \n\t\n\n<li >\n\t<a href='?page_no=12171'>Previous<\/a>\n\t<\/li>\n\n\n       \n    \n\n<li><a href='?page_no=1'>1<\/a><\/li>\n\n\n\n<li><a href='?page_no=2'>2<\/a><\/li>\n\n\n\n<li><a>...<\/a><\/li>\n\n\n\n<li><a href='?page_no=12170'>12170<\/a><\/li>\n\n\n\n<li><a href='?page_no=12171'>12171<\/a><\/li>\n\n\n\n<li class='active'><a>12172<\/a><\/li>\n\n\n\n<li><a href='?page_no=12173'>12173<\/a><\/li>\n\n\n\n<li><a href='?page_no=12174'>12174<\/a><\/li>\n\n\n\n<li><a>...<\/a><\/li>\n\n\n\n<li><a href='?page_no=56169'>56169<\/a><\/li>\n\n\n\n<li><a href='?page_no=56170'>56170<\/a><\/li>\n\n    \n\t\n\n<li >\n\t<a href='?page_no=12173'>Next<\/a>\n\t<\/li>\n\n\n    \n\n<li><a href='?page_no=56170'>Last &rsaquo;&rsaquo;<\/a><\/li>\n\n<\/ul>\n\n\n--><br \/>\n<\/body><\/p>\n","protected":false},"excerpt":{"rendered":"<p>Santo Domingo, R. D., 25 de agosto.- El presidente Danilo Medina design\u00f3 ayer, a 11 gobernadores civiles, mediante el decreto 211-16, entre ellos a Bol\u00edvar Marte, quien en lo adelante ser\u00e1 gobernador de la provincia La Vega. La disposici\u00f3n presidencial tambi\u00e9n nombra a Nicio Rosario, gobernador civil de la provincia Monte Plata, mientras que Juan [&hellip;]<\/p>\n","protected":false},"author":3,"featured_media":0,"comment_status":"open","ping_status":"open","sticky":false,"template":"","format":"standard","meta":{"footnotes":""},"categories":[20],"tags":[],"class_list":["post-217674","post","type-post","status-publish","format-standard","hentry","category-dominicana-hoy"],"_links":{"self":[{"href":"https:\/\/diariodominicano.com\/index.php?rest_route=\/wp\/v2\/posts\/217674","targetHints":{"allow":["GET"]}}],"collection":[{"href":"https:\/\/diariodominicano.com\/index.php?rest_route=\/wp\/v2\/posts"}],"about":[{"href":"https:\/\/diariodominicano.com\/index.php?rest_route=\/wp\/v2\/types\/post"}],"author":[{"embeddable":true,"href":"https:\/\/diariodominicano.com\/index.php?rest_route=\/wp\/v2\/users\/3"}],"replies":[{"embeddable":true,"href":"https:\/\/diariodominicano.com\/index.php?rest_route=%2Fwp%2Fv2%2Fcomments&post=217674"}],"version-history":[{"count":0,"href":"https:\/\/diariodominicano.com\/index.php?rest_route=\/wp\/v2\/posts\/217674\/revisions"}],"wp:attachment":[{"href":"https:\/\/diariodominicano.com\/index.php?rest_route=%2Fwp%2Fv2%2Fmedia&parent=217674"}],"wp:term":[{"taxonomy":"category","embeddable":true,"href":"https:\/\/diariodominicano.com\/index.php?rest_route=%2Fwp%2Fv2%2Fcategories&post=217674"},{"taxonomy":"post_tag","embeddable":true,"href":"https:\/\/diariodominicano.com\/index.php?rest_route=%2Fwp%2Fv2%2Ftags&post=217674"}],"curies":[{"name":"wp","href":"https:\/\/api.w.org\/{rel}","templated":true}]}}