{"id":217673,"date":"2016-08-25T08:55:22","date_gmt":"2016-08-25T08:55:22","guid":{"rendered":"http:\/\/diariodominicano.ddns.net\/?p=217673"},"modified":"2016-08-25T08:55:22","modified_gmt":"2016-08-25T08:55:22","slug":"onamet-mantiene-alerta-por-inundaciones-repentinas","status":"publish","type":"post","link":"https:\/\/diariodominicano.com\/?p=217673","title":{"rendered":"ONAMET mantiene alerta por inundaciones  repentinas"},"content":{"rendered":"<p><body><\/p>\n<p><img decoding=\"async\" src=\"img3\/NOaa25-8.png\" \/>  <\/p>\n<p><span class=\"text1noticias\">Santo Domingo, R. D., 25 de agosto.-  La Oficina Nacional de Meteorolog\u00eda (ONAMET) mantiene la alerta meteorol\u00f3gica de inundaciones repentinas y deslizamientos de tierra debido a que las lluvias continuar\u00e1n ocurriendo en casi todo el pa\u00eds.<\/span><\/p>\n<p><span class=\"text1noticias\"> <\/span><\/p>\n<p><span class=\"text1noticias\">Sin embargo, las provincias m\u00e1s afectadas son La Altagracia, Hato Mayor, El Seibo, San Pedro de Macor\u00eds, Puerto Plata, Monte Plata, S\u00e1nchez Ram\u00edrez y Espaillat<\/span><\/p>\n<p><span class=\"text1noticias\"> <\/span><\/p>\n<p><span class=\"text1noticias\">Mientras que se cambia el ALERTA meteorol\u00f3gico por aviso de inundaciones urbanas para San Crist\u00f3bal, Peravia, Azua, Mar\u00eda Trinidad S\u00e1nchez, La Romana y el Gran Santo Domingo. <\/span><\/p>\n<p><span class=\"text1noticias\"> <\/span><\/p>\n<p><span class=\"text1noticias\">Con respecto a las condiciones mar\u00edtimas, la ONAMET recomienda a los operadores de fr\u00e1giles, peque\u00f1as y medianas embarcaciones en toda la costa norte y el Canal de la Mona permanecer en puerto, debido a vientos y olas anormales.<\/span><\/p>\n<p><span class=\"text1noticias\"> <\/span><\/p>\n<p><span class=\"text1noticias\">La ONAMET informa que la tormenta tropical Gast\u00f3n se intensifico en la madrugada de este jueves y ahora es el Hurac\u00e1n Gast\u00f3n que se localiza a unos 1,950 kil\u00f3metros al este de las Antillas Menores, tiene vientos m\u00e1ximos sostenidos de 120 kil\u00f3metros por hora, movi\u00e9ndose hacia el  noroeste a unos 28 kil\u00f3metros por hora.<\/span><\/p>\n<\/p>\n<p><span class=\"text1noticias\">Por su distancia y desplazamiento no ofrece peligro para la Rep\u00fablica Dominicana, indica la ONAMET.<\/span><\/p>\n<p><span class=\"text1noticias\"> <\/span><\/p>\n<p><span class=\"text1noticias\">Mientras que, el sistema de baja presi\u00f3n se localiza al noreste del pa\u00eds manteniendo un amplio campo nuboso que cubre gran parte del territorio nacional est\u00e1 provocando aguaceros que pueden ser moderados a fuertes en ocasiones, con tormentas el\u00e9ctricas y r\u00e1fagas de vientos.<\/span><\/p>\n<\/p>\n<p><span class=\"text1noticias\">Estas lluvias siguen siendo m\u00e1s frecuentes e intensos hacia las provincias de La Altagracia, La Romana, El Seibo, San Pedro de Macor\u00eds, Monte Plata, Hato Mayor, S\u00e1nchez Ram\u00edrez, Duarte, Saman\u00e1, Mar\u00eda Trinidad S\u00e1nchez, Hermanas Mirabal, Espaillat, La Vega, Monse\u00f1or Nouel, Santiago, San Crist\u00f3bal, San Jos\u00e9 de Ocoa, San Juan, El\u00edas  Pi\u00f1a, Dajab\u00f3n, Puerto Plata, Valverde, Santiago Rodr\u00edguez y el Gran Santo Domingo.<\/span><\/p>\n<\/p>\n<p><span class=\"text1noticias\">Para este viernes, el sistema de baja presi\u00f3n se estar\u00e1 moviendo hacia las Bahamas, mientras que el campo nuboso que le acompa\u00f1a seguir\u00e1 incidiendo en nuestro territorio, generando con aguaceros moderados a fuertes en ocasiones, con tormentas el\u00e9ctricas y r\u00e1fagas de viento hacia gran parte del pa\u00eds. (Pura Blanco).<\/span><\/p>\n<h6> 2016-08-25 08:55:22 <\/h6>\n<p><!--\n<link rel=\"stylesheet\" href=\"css\/bootstrap.min.css\">\n\n\n<ul class=\"pagination\">\n\t    \n\t\n\n<li >\n\t<a href='?page_no=12170'>Previous<\/a>\n\t<\/li>\n\n\n       \n    \n\n<li><a href='?page_no=1'>1<\/a><\/li>\n\n\n\n<li><a href='?page_no=2'>2<\/a><\/li>\n\n\n\n<li><a>...<\/a><\/li>\n\n\n\n<li><a href='?page_no=12169'>12169<\/a><\/li>\n\n\n\n<li><a href='?page_no=12170'>12170<\/a><\/li>\n\n\n\n<li class='active'><a>12171<\/a><\/li>\n\n\n\n<li><a href='?page_no=12172'>12172<\/a><\/li>\n\n\n\n<li><a href='?page_no=12173'>12173<\/a><\/li>\n\n\n\n<li><a>...<\/a><\/li>\n\n\n\n<li><a href='?page_no=56169'>56169<\/a><\/li>\n\n\n\n<li><a href='?page_no=56170'>56170<\/a><\/li>\n\n    \n\t\n\n<li >\n\t<a href='?page_no=12172'>Next<\/a>\n\t<\/li>\n\n\n    \n\n<li><a href='?page_no=56170'>Last &rsaquo;&rsaquo;<\/a><\/li>\n\n<\/ul>\n\n\n--><br \/>\n<\/body><\/p>\n","protected":false},"excerpt":{"rendered":"<p>Santo Domingo, R. D., 25 de agosto.- La Oficina Nacional de Meteorolog\u00eda (ONAMET) mantiene la alerta meteorol\u00f3gica de inundaciones repentinas y deslizamientos de tierra debido a que las lluvias continuar\u00e1n ocurriendo en casi todo el pa\u00eds. Sin embargo, las provincias m\u00e1s afectadas son La Altagracia, Hato Mayor, El Seibo, San Pedro de Macor\u00eds, Puerto Plata, [&hellip;]<\/p>\n","protected":false},"author":3,"featured_media":0,"comment_status":"open","ping_status":"open","sticky":false,"template":"","format":"standard","meta":{"footnotes":""},"categories":[20],"tags":[],"class_list":["post-217673","post","type-post","status-publish","format-standard","hentry","category-dominicana-hoy"],"_links":{"self":[{"href":"https:\/\/diariodominicano.com\/index.php?rest_route=\/wp\/v2\/posts\/217673","targetHints":{"allow":["GET"]}}],"collection":[{"href":"https:\/\/diariodominicano.com\/index.php?rest_route=\/wp\/v2\/posts"}],"about":[{"href":"https:\/\/diariodominicano.com\/index.php?rest_route=\/wp\/v2\/types\/post"}],"author":[{"embeddable":true,"href":"https:\/\/diariodominicano.com\/index.php?rest_route=\/wp\/v2\/users\/3"}],"replies":[{"embeddable":true,"href":"https:\/\/diariodominicano.com\/index.php?rest_route=%2Fwp%2Fv2%2Fcomments&post=217673"}],"version-history":[{"count":0,"href":"https:\/\/diariodominicano.com\/index.php?rest_route=\/wp\/v2\/posts\/217673\/revisions"}],"wp:attachment":[{"href":"https:\/\/diariodominicano.com\/index.php?rest_route=%2Fwp%2Fv2%2Fmedia&parent=217673"}],"wp:term":[{"taxonomy":"category","embeddable":true,"href":"https:\/\/diariodominicano.com\/index.php?rest_route=%2Fwp%2Fv2%2Fcategories&post=217673"},{"taxonomy":"post_tag","embeddable":true,"href":"https:\/\/diariodominicano.com\/index.php?rest_route=%2Fwp%2Fv2%2Ftags&post=217673"}],"curies":[{"name":"wp","href":"https:\/\/api.w.org\/{rel}","templated":true}]}}