{"id":217672,"date":"2016-08-25T10:40:45","date_gmt":"2016-08-25T10:40:45","guid":{"rendered":"http:\/\/diariodominicano.ddns.net\/?p=217672"},"modified":"2016-08-25T10:40:45","modified_gmt":"2016-08-25T10:40:45","slug":"coe-incrementa-alerta-amarilla-para-ocho-provincias","status":"publish","type":"post","link":"https:\/\/diariodominicano.com\/?p=217672","title":{"rendered":"COE incrementa alerta amarilla para ocho provincias"},"content":{"rendered":"<p><body><\/p>\n<p><img decoding=\"async\" src=\"img3\/coe 25-8.jpg\" \/>  <\/p>\n<p><span class=\"text1noticias\">Santo Domingo, R. D.,  25 de agosto.- La Direcci\u00f3n del Centro de Operaciones de Emergencias (COE), inform\u00f3 que se incrementan los  niveles  de Alertas  por posibles inundaciones en zonas rurales y urbanas, as\u00ed como por deslizamientos de tierra para las provincias.<\/span><\/p>\n<p><span class=\"text1noticias\"> <\/span><\/p>\n<p><span class=\"text1noticias\"> Inform\u00f3 que de acuerdo al bolet\u00edn  meteorol\u00f3gico de las 6:00 am del d\u00eda de hoy de la Oficina Nacional de Meteorolog\u00eda (ONAMET) el cual establece que un sistema de baja presi\u00f3n se localiza al noreste del pa\u00eds, que podr\u00eda generar posibles aguaceros. <\/span><\/p>\n<p><span class=\"text1noticias\"> <\/span><\/p>\n<p><span class=\"text1noticias\">El COE explic\u00f3 que debido al fen\u00f3meno atmosf\u00e9rico mantiene un amplio campo nuboso que cubre gran parte del territorio nacional y est\u00e1 provocando aguaceros que pueden ser moderados a fuertes en ocasiones, con tormentas el\u00e9ctricas y r\u00e1fagas de viento.<\/span><\/p>\n<p><span class=\"text1noticias\"> <\/span><\/p>\n<p><span class=\"text1noticias\"> En virtud de lo anterior y lo establecido en la Ley 147-02, sobre Gesti\u00f3n de Riesgos,  este Centro de Operaciones de Emergencias (COE), procede a incrementar las alertas en el territorio nacional. <\/span><\/p>\n<p><span class=\"text1noticias\">En amarilla est\u00e1n: El Gran Santo Domingo, Villa Altagracia, Mar\u00eda Trinidad S\u00e1nchez, La Romana, Azua, Peravia, S\u00e1nchez Ram\u00edrez y  Monte Plata.<\/span><\/p>\n<p><span class=\"text1noticias\"> <\/span><\/p>\n<p><span class=\"text1noticias\"> Mientras que en alerta verde est\u00e1n, provincia Duarte (Bajo Yuna), El Seibo, San Jos\u00e9 Ocoa,   Hato Mayor, Espaillat, Puerto Plata, Santiago, Monse\u00f1or Nouel, San Pedro de Macor\u00eds y La Vega.<\/span><\/p>\n<p><span class=\"text1noticias\"> <\/span><\/p>\n<p><span class=\"text1noticias\">Prohibici\u00f3n: a las fr\u00e1giles, peque\u00f1as y medianas embarcaciones deben  permanecer en puerto  en toda la costa norte y el canal de la mona, debido a vientos y olas anormales. Adem\u00e1s se proh\u00edbe el uso de las playas y los deportes acu\u00e1ticos. <\/span><\/p>\n<p><span class=\"text1noticias\"> <\/span><\/p>\n<p><span class=\"text1noticias\">ACCIONES TOMADAS<\/span><\/p>\n<p><span class=\"text1noticias\"> <\/span><\/p>\n<p><span class=\"text1noticias\"> Los  Ministros de la Presidencia y  Administrativo, mantienen parmente comunicaci\u00f3n con la Direcci\u00f3n del Centro de Operaciones de Emergencia a fin de mantener informado al alto mando con relaci\u00f3n al desarrollo de este  evento, apoyando con los recursos necesarios a trav\u00e9s del Plan Social de la Presidencia y Comedores Econ\u00f3micos.<\/span><\/p>\n<p><span class=\"text1noticias\"> <\/span><\/p>\n<p><span class=\"text1noticias\">El Ministro de Obras  P\u00fablicas y Comunicaciones, mantiene una coordinaci\u00f3n directa con la Direcci\u00f3n del Centro de Operaciones de Emergencia.<\/span><\/p>\n<p><span class=\"text1noticias\">\t<\/span><\/p>\n<p><span class=\"text1noticias\">El Ministro de Obras  P\u00fablicas y Comunicaciones ordeno la activaci\u00f3n de su sala de crisis  y sus Planes de Contingencias.<\/span><\/p>\n<p><span class=\"text1noticias\"> <\/span><\/p>\n<p><span class=\"text1noticias\">El Ministro de Defensa se mantiene en comunicaci\u00f3n permanente con la Direcci\u00f3n del Centro de Operaciones de Emergencia.<\/span><\/p>\n<p><span class=\"text1noticias\">\t<\/span><\/p>\n<p><span class=\"text1noticias\">Se mantienen activos los Planes de Contingencias de Fuerzas Armadas, Policia Nacional, Cruz Roja, Defensa Civil, Obras  P\u00fablicas y Bomberos para eventos Hidrometeorologicos.<\/span><\/p>\n<p><span class=\"text1noticias\">\t<\/span><\/p>\n<p><span class=\"text1noticias\">El MOPC ha realizado limpieza de imbornales, alcantarillas y cunetas principalmente en las provincias bajo alerta para evitar inundaciones urbanas.<\/span><\/p>\n<p><span class=\"text1noticias\"> <\/span><\/p>\n<p><span class=\"text1noticias\">Se proh\u00edbe actividades recreativas, acu\u00e1ticas, lavado de veh\u00edculos, principalmente en los balnearios, playas y r\u00edos en las provincias bajo alerta.<\/span><\/p>\n<p><span class=\"text1noticias\"> <\/span><\/p>\n<p><span class=\"text1noticias\">Se proh\u00edbe las actividades de monta\u00f1as, campismo, senderismo y de otras \u00edndoles principalmente en la Cordillera Central, Oriental y Septentrional.<\/span><\/p>\n<p><span class=\"text1noticias\"> <\/span><\/p>\n<p><span class=\"text1noticias\">Recomendaciones<\/span><\/p>\n<p><span class=\"text1noticias\"> <\/span><\/p>\n<p><span class=\"text1noticias\">1.\tSeguir los lineamientos y orientaciones de los organismos de protecci\u00f3n civil.<\/span><\/p>\n<p><span class=\"text1noticias\">2.\tMantenerse en contacto con la Defensa Civil, Fuerzas Armadas, Cruz Roja, la Polic\u00eda Nacional, Cuerpos de Bomberos y este Centro de Operaciones de Emergencia a trav\u00e9s del  Tel: 809-472-0909 , *462 de la OPTIC.<\/span><\/p>\n<p><span class=\"text1noticias\"> <\/span><\/p>\n<p><span class=\"text1noticias\">ALERTA  AMARILLA: Aquella que se declara cuando la tendencia ascendente del desarrollo del evento implica situaciones eminentes de riesgos y situaciones severas de emergencias.<\/span><\/p>\n<p><span class=\"text1noticias\"> <\/span><\/p>\n<p><span class=\"text1noticias\">ALERTA VERDE: Aquella que se declara cuando las expectativas de un fen\u00f3meno permiten prever la ocurrencia de un evento de car\u00e1cter peligroso para la poblaci\u00f3n. Puede ser parc<\/span>ial o total.<\/p>\n<\/p>\n<h6> 2016-08-25 10:40:45 <\/h6>\n<p><!--\n<link rel=\"stylesheet\" href=\"css\/bootstrap.min.css\">\n\n\n<ul class=\"pagination\">\n\t    \n\t\n\n<li >\n\t<a href='?page_no=12169'>Previous<\/a>\n\t<\/li>\n\n\n       \n    \n\n<li><a href='?page_no=1'>1<\/a><\/li>\n\n\n\n<li><a href='?page_no=2'>2<\/a><\/li>\n\n\n\n<li><a>...<\/a><\/li>\n\n\n\n<li><a href='?page_no=12168'>12168<\/a><\/li>\n\n\n\n<li><a href='?page_no=12169'>12169<\/a><\/li>\n\n\n\n<li class='active'><a>12170<\/a><\/li>\n\n\n\n<li><a href='?page_no=12171'>12171<\/a><\/li>\n\n\n\n<li><a href='?page_no=12172'>12172<\/a><\/li>\n\n\n\n<li><a>...<\/a><\/li>\n\n\n\n<li><a href='?page_no=56169'>56169<\/a><\/li>\n\n\n\n<li><a href='?page_no=56170'>56170<\/a><\/li>\n\n    \n\t\n\n<li >\n\t<a href='?page_no=12171'>Next<\/a>\n\t<\/li>\n\n\n    \n\n<li><a href='?page_no=56170'>Last &rsaquo;&rsaquo;<\/a><\/li>\n\n<\/ul>\n\n\n--><br \/>\n<\/body><\/p>\n","protected":false},"excerpt":{"rendered":"<p>Santo Domingo, R. D., 25 de agosto.- La Direcci\u00f3n del Centro de Operaciones de Emergencias (COE), inform\u00f3 que se incrementan los niveles de Alertas por posibles inundaciones en zonas rurales y urbanas, as\u00ed como por deslizamientos de tierra para las provincias. Inform\u00f3 que de acuerdo al bolet\u00edn meteorol\u00f3gico de las 6:00 am del d\u00eda de [&hellip;]<\/p>\n","protected":false},"author":3,"featured_media":0,"comment_status":"open","ping_status":"open","sticky":false,"template":"","format":"standard","meta":{"footnotes":""},"categories":[20],"tags":[],"class_list":["post-217672","post","type-post","status-publish","format-standard","hentry","category-dominicana-hoy"],"_links":{"self":[{"href":"https:\/\/diariodominicano.com\/index.php?rest_route=\/wp\/v2\/posts\/217672","targetHints":{"allow":["GET"]}}],"collection":[{"href":"https:\/\/diariodominicano.com\/index.php?rest_route=\/wp\/v2\/posts"}],"about":[{"href":"https:\/\/diariodominicano.com\/index.php?rest_route=\/wp\/v2\/types\/post"}],"author":[{"embeddable":true,"href":"https:\/\/diariodominicano.com\/index.php?rest_route=\/wp\/v2\/users\/3"}],"replies":[{"embeddable":true,"href":"https:\/\/diariodominicano.com\/index.php?rest_route=%2Fwp%2Fv2%2Fcomments&post=217672"}],"version-history":[{"count":0,"href":"https:\/\/diariodominicano.com\/index.php?rest_route=\/wp\/v2\/posts\/217672\/revisions"}],"wp:attachment":[{"href":"https:\/\/diariodominicano.com\/index.php?rest_route=%2Fwp%2Fv2%2Fmedia&parent=217672"}],"wp:term":[{"taxonomy":"category","embeddable":true,"href":"https:\/\/diariodominicano.com\/index.php?rest_route=%2Fwp%2Fv2%2Fcategories&post=217672"},{"taxonomy":"post_tag","embeddable":true,"href":"https:\/\/diariodominicano.com\/index.php?rest_route=%2Fwp%2Fv2%2Ftags&post=217672"}],"curies":[{"name":"wp","href":"https:\/\/api.w.org\/{rel}","templated":true}]}}