{"id":217670,"date":"2016-08-25T12:43:46","date_gmt":"2016-08-25T12:43:46","guid":{"rendered":"http:\/\/diariodominicano.ddns.net\/?p=217670"},"modified":"2016-08-25T12:43:46","modified_gmt":"2016-08-25T12:43:46","slug":"danilo-medina-se-solidariza-con-gobierno-y-pueblo-italiano-por-terremoto","status":"publish","type":"post","link":"https:\/\/diariodominicano.com\/?p=217670","title":{"rendered":"Danilo Medina se solidariza con gobierno y pueblo italiano por terremoto"},"content":{"rendered":"<p><body><\/p>\n<p><img decoding=\"async\" src=\"img3\/Danilopalacio25-8jpg.jpg\" \/>  <\/p>\n<p><span class=\"text1noticias\">Santo Domingo, R. D., 25 de agosto.- El presidente Danilo Medina expres\u00f3 su solidaridad a su hom\u00f3logo de Italia, Sergio Mattarella, por el terremoto de 6,2 grados que sacudi\u00f3 la regi\u00f3n central de ese pa\u00eds, causando la muerte a decenas de personas y dejando numerosos heridos.<\/span><\/p>\n<p><span class=\"text1noticias\"> <\/span><\/p>\n<p><span class=\"text1noticias\">La manifestaci\u00f3n de solidaridad de Danilo Medina, en nombre del Gobierno y del pueblo de la Rep\u00fablica Dominicana, y en el suyo, se expres\u00f3 en carta enviada al presidente italiano v\u00eda el Ministerio de Relaciones Exteriores.<\/span><\/p>\n<p><span class=\"text1noticias\"> <\/span><\/p>\n<p><span class=\"text1noticias\">\u00abAnte tan dolorosa tragedia, ocurrida en la madrugada de ayer, deseamos expresar nuestros sentimientos de profundo pesar al Gobierno y al pueblo italiano en general y, de manera especial, a los familiares de las v\u00edctimas y a todas las personas afectadas de cualquier modo por el fen\u00f3meno natural, asegur\u00e1ndoles nuestra cercan\u00eda espiritual en estos angustiosos momentos\u00bb, afirm\u00f3 el jefe de Estado dominican<\/span>o.<\/p>\n<h6> 2016-08-25 12:43:46 <\/h6>\n<p><!--\n<link rel=\"stylesheet\" href=\"css\/bootstrap.min.css\">\n\n\n<ul class=\"pagination\">\n\t    \n\t\n\n<li >\n\t<a href='?page_no=12168'>Previous<\/a>\n\t<\/li>\n\n\n       \n    \n\n<li><a href='?page_no=1'>1<\/a><\/li>\n\n\n\n<li><a href='?page_no=2'>2<\/a><\/li>\n\n\n\n<li><a>...<\/a><\/li>\n\n\n\n<li><a href='?page_no=12167'>12167<\/a><\/li>\n\n\n\n<li><a href='?page_no=12168'>12168<\/a><\/li>\n\n\n\n<li class='active'><a>12169<\/a><\/li>\n\n\n\n<li><a href='?page_no=12170'>12170<\/a><\/li>\n\n\n\n<li><a href='?page_no=12171'>12171<\/a><\/li>\n\n\n\n<li><a>...<\/a><\/li>\n\n\n\n<li><a href='?page_no=56169'>56169<\/a><\/li>\n\n\n\n<li><a href='?page_no=56170'>56170<\/a><\/li>\n\n    \n\t\n\n<li >\n\t<a href='?page_no=12170'>Next<\/a>\n\t<\/li>\n\n\n    \n\n<li><a href='?page_no=56170'>Last &rsaquo;&rsaquo;<\/a><\/li>\n\n<\/ul>\n\n\n--><br \/>\n<\/body><\/p>\n","protected":false},"excerpt":{"rendered":"<p>Santo Domingo, R. D., 25 de agosto.- El presidente Danilo Medina expres\u00f3 su solidaridad a su hom\u00f3logo de Italia, Sergio Mattarella, por el terremoto de 6,2 grados que sacudi\u00f3 la regi\u00f3n central de ese pa\u00eds, causando la muerte a decenas de personas y dejando numerosos heridos. La manifestaci\u00f3n de solidaridad de Danilo Medina, en nombre [&hellip;]<\/p>\n","protected":false},"author":3,"featured_media":0,"comment_status":"open","ping_status":"open","sticky":false,"template":"","format":"standard","meta":{"footnotes":""},"categories":[20],"tags":[],"class_list":["post-217670","post","type-post","status-publish","format-standard","hentry","category-dominicana-hoy"],"_links":{"self":[{"href":"https:\/\/diariodominicano.com\/index.php?rest_route=\/wp\/v2\/posts\/217670","targetHints":{"allow":["GET"]}}],"collection":[{"href":"https:\/\/diariodominicano.com\/index.php?rest_route=\/wp\/v2\/posts"}],"about":[{"href":"https:\/\/diariodominicano.com\/index.php?rest_route=\/wp\/v2\/types\/post"}],"author":[{"embeddable":true,"href":"https:\/\/diariodominicano.com\/index.php?rest_route=\/wp\/v2\/users\/3"}],"replies":[{"embeddable":true,"href":"https:\/\/diariodominicano.com\/index.php?rest_route=%2Fwp%2Fv2%2Fcomments&post=217670"}],"version-history":[{"count":0,"href":"https:\/\/diariodominicano.com\/index.php?rest_route=\/wp\/v2\/posts\/217670\/revisions"}],"wp:attachment":[{"href":"https:\/\/diariodominicano.com\/index.php?rest_route=%2Fwp%2Fv2%2Fmedia&parent=217670"}],"wp:term":[{"taxonomy":"category","embeddable":true,"href":"https:\/\/diariodominicano.com\/index.php?rest_route=%2Fwp%2Fv2%2Fcategories&post=217670"},{"taxonomy":"post_tag","embeddable":true,"href":"https:\/\/diariodominicano.com\/index.php?rest_route=%2Fwp%2Fv2%2Ftags&post=217670"}],"curies":[{"name":"wp","href":"https:\/\/api.w.org\/{rel}","templated":true}]}}