{"id":217669,"date":"2016-08-25T15:25:18","date_gmt":"2016-08-25T15:25:18","guid":{"rendered":"http:\/\/diariodominicano.ddns.net\/?p=217669"},"modified":"2016-08-25T15:25:18","modified_gmt":"2016-08-25T15:25:18","slug":"vicepresidenta-afirma-acuerdo-con-sector-salud-se-centra-en-bienestar-de-la-gente","status":"publish","type":"post","link":"https:\/\/diariodominicano.com\/?p=217669","title":{"rendered":"Vicepresidenta afirma acuerdo con sector Salud se centra en bienestar de la gente"},"content":{"rendered":"<p><body><\/p>\n<p><img decoding=\"async\" src=\"img3\/viceuno.jpg\" \/><br \/><img decoding=\"async\" src=\"img3\/vicedos.jpg\" \/>  <\/p>\n<\/p>\n<p><span class=\"text1noticias\"> <\/span><\/p>\n<p><span class=\"text1noticias\"> <\/span><\/p>\n<p><span class=\"text1noticias\">Santo Domingo, RD, 25 de agosto .- La vicepresidenta de la Rep\u00fablica, doctora Margarita Cede\u00f1o, reproch\u00f3 que el escollo principal para llegar a un acuerdo con el Colegio M\u00e9dico Dominicano (CMD) radique en el horario de los m\u00e9dicos, en momentos que el Gobierno propicia un acuerdo donde prime la salud del pueblo.<\/span><\/p>\n<p><span class=\"text1noticias\"> <\/span><\/p>\n<p><span class=\"text1noticias\">Se\u00f1al\u00f3 que la medicina debe ejercerse con vocaci\u00f3n de servicio en beneficio de la gente.<\/span><\/p>\n<p><span class=\"text1noticias\"> <\/span><\/p>\n<p><span class=\"text1noticias\">\u00abEs a ellos a quienes nos debemos y es para ellos que tenemos que trabajar, no cuatro horas, ni ocho horas, ni 12 horas. Para los ciudadanos debemos estar todas las horas del d\u00eda, para los ciudadanos debemos estar las 24 horas del d\u00eda, para eso estudiaron medicina\u00bb, asever\u00f3.<\/span><\/p>\n<p><span class=\"text1noticias\"> <\/span><\/p>\n<p><span class=\"text1noticias\">Compar\u00f3 el ejercicio m\u00e9dico como un sacerdocio que no se debe anteponer con mejoras en salarios y prestaciones que puedan afectar la salud de las personas.<\/span><\/p>\n<p><span class=\"text1noticias\"> <\/span><\/p>\n<p><span class=\"text1noticias\">\u00abNosotros debemos de entender que un salario, por mejor que sea, no vale ni siquiera una infecci\u00f3n de o\u00eddo de una persona, mucho menos que alguien se muera; entonces, c\u00f3mo es posible que dejen de trabajar a costa de que muchas personas puedan morir\u00bb, sostuvo.<\/span><\/p>\n<p><span class=\"text1noticias\"> <\/span><\/p>\n<p><span class=\"text1noticias\">Calic\u00f3 como inaudito que el CMD exija al Gobierno que los m\u00e9dicos solo laboren cuatro horas al d\u00eda cuando se eligi\u00f3 la carrera de medicina, una profesi\u00f3n que entiende se ejerce por vocaci\u00f3n.<\/span><\/p>\n<p><span class=\"text1noticias\"> <\/span><\/p>\n<p><span class=\"text1noticias\">Dijo que el Gobierno se mantiene abierto al di\u00e1logo con el CMD y a las mejoras de las condiciones de los centros de salud y salarios de los galenos.<\/span><\/p>\n<p><span class=\"text1noticias\"> <\/span><\/p>\n<p><span class=\"text1noticias\">\u00abEse siempre ha sido nuestro deseo y nuestra vocaci\u00f3n, el di\u00e1logo, el conceso, porque al final los afectados son los m\u00e1s pobres, los que m\u00e1s los necesitan, los que acuden a los hospitales\u00bb, indic\u00f3.<\/span><\/p>\n<p><span class=\"text1noticias\"> <\/span><\/p>\n<p><span class=\"text1noticias\">La vicepresidenta se expres\u00f3 en esos t\u00e9rminos al ser abordada por periodistas este jueves durante el acto de lanzamiento de la Gu\u00eda Diagn\u00f3stica y de Tratamiento de las Unidades de Atenci\u00f3n Primaria y el Formulario Nacional de Medicamentos, elaborado por el Servicio Nacional de Salud, realizado en un hotel de la capital.<\/span><\/p>\n<p><span class=\"text1noticias\"> <\/span><\/p>\n<p><span class=\"text1noticias\">Participaron en el acto el director del Servicio Nacional de Salud (SNS), doctor Nelson Rodr\u00edguez Monegro; el representante residente del Programa de las Naciones Unidas para el Desarrollo (PNUD), Lorenzo Jim\u00e9nez de Luis; la directora de salud de la Agencia de los Estados Unidos para el Desarrollo Internacional (USAID) en el pa\u00eds, Jo Jean Elenes; el director de Atenci\u00f3n Primaria del SNS, doctor Alexander Suazo; y el doctor Neftal\u00ed V\u00e1squez, en representaci\u00f3n del Ministerio de Salud.<\/span><\/p>\n<h6> 2016-08-25 15:25:18 <\/h6>\n<p><!--\n<link rel=\"stylesheet\" href=\"css\/bootstrap.min.css\">\n\n\n<ul class=\"pagination\">\n\t    \n\t\n\n<li >\n\t<a href='?page_no=12167'>Previous<\/a>\n\t<\/li>\n\n\n       \n    \n\n<li><a href='?page_no=1'>1<\/a><\/li>\n\n\n\n<li><a href='?page_no=2'>2<\/a><\/li>\n\n\n\n<li><a>...<\/a><\/li>\n\n\n\n<li><a href='?page_no=12166'>12166<\/a><\/li>\n\n\n\n<li><a href='?page_no=12167'>12167<\/a><\/li>\n\n\n\n<li class='active'><a>12168<\/a><\/li>\n\n\n\n<li><a href='?page_no=12169'>12169<\/a><\/li>\n\n\n\n<li><a href='?page_no=12170'>12170<\/a><\/li>\n\n\n\n<li><a>...<\/a><\/li>\n\n\n\n<li><a href='?page_no=56169'>56169<\/a><\/li>\n\n\n\n<li><a href='?page_no=56170'>56170<\/a><\/li>\n\n    \n\t\n\n<li >\n\t<a href='?page_no=12169'>Next<\/a>\n\t<\/li>\n\n\n    \n\n<li><a href='?page_no=56170'>Last &rsaquo;&rsaquo;<\/a><\/li>\n\n<\/ul>\n\n\n--><br \/>\n<\/body><\/p>\n","protected":false},"excerpt":{"rendered":"<p>Santo Domingo, RD, 25 de agosto .- La vicepresidenta de la Rep\u00fablica, doctora Margarita Cede\u00f1o, reproch\u00f3 que el escollo principal para llegar a un acuerdo con el Colegio M\u00e9dico Dominicano (CMD) radique en el horario de los m\u00e9dicos, en momentos que el Gobierno propicia un acuerdo donde prime la salud del pueblo. Se\u00f1al\u00f3 que la [&hellip;]<\/p>\n","protected":false},"author":3,"featured_media":0,"comment_status":"open","ping_status":"open","sticky":false,"template":"","format":"standard","meta":{"footnotes":""},"categories":[20],"tags":[],"class_list":["post-217669","post","type-post","status-publish","format-standard","hentry","category-dominicana-hoy"],"_links":{"self":[{"href":"https:\/\/diariodominicano.com\/index.php?rest_route=\/wp\/v2\/posts\/217669","targetHints":{"allow":["GET"]}}],"collection":[{"href":"https:\/\/diariodominicano.com\/index.php?rest_route=\/wp\/v2\/posts"}],"about":[{"href":"https:\/\/diariodominicano.com\/index.php?rest_route=\/wp\/v2\/types\/post"}],"author":[{"embeddable":true,"href":"https:\/\/diariodominicano.com\/index.php?rest_route=\/wp\/v2\/users\/3"}],"replies":[{"embeddable":true,"href":"https:\/\/diariodominicano.com\/index.php?rest_route=%2Fwp%2Fv2%2Fcomments&post=217669"}],"version-history":[{"count":0,"href":"https:\/\/diariodominicano.com\/index.php?rest_route=\/wp\/v2\/posts\/217669\/revisions"}],"wp:attachment":[{"href":"https:\/\/diariodominicano.com\/index.php?rest_route=%2Fwp%2Fv2%2Fmedia&parent=217669"}],"wp:term":[{"taxonomy":"category","embeddable":true,"href":"https:\/\/diariodominicano.com\/index.php?rest_route=%2Fwp%2Fv2%2Fcategories&post=217669"},{"taxonomy":"post_tag","embeddable":true,"href":"https:\/\/diariodominicano.com\/index.php?rest_route=%2Fwp%2Fv2%2Ftags&post=217669"}],"curies":[{"name":"wp","href":"https:\/\/api.w.org\/{rel}","templated":true}]}}