{"id":217668,"date":"2016-08-25T16:02:40","date_gmt":"2016-08-25T16:02:40","guid":{"rendered":"http:\/\/diariodominicano.ddns.net\/?p=217668"},"modified":"2016-08-25T16:02:40","modified_gmt":"2016-08-25T16:02:40","slug":"despacho-primera-dama-participa-reunion-regional-sobre-virus-del-zika-en-rd","status":"publish","type":"post","link":"https:\/\/diariodominicano.com\/?p=217668","title":{"rendered":"Despacho Primera Dama participa reuni\u00f3n regional sobre virus del Zika, en RD"},"content":{"rendered":"<p><body><\/p>\n<p><img decoding=\"async\" src=\"img3\/despachouno.jpg\" \/><br \/><img decoding=\"async\" src=\"img3\/despachodos.jpg\" \/><br \/><img decoding=\"async\" src=\"img3\/despachotres.jpg\" \/>  <\/p>\n<\/p>\n<\/p>\n<p><span class=\"text1noticias\">Santo Domingo, RD, El Despacho de la Primera Dama de la Rep\u00fablica participa en la \u00abReuni\u00f3n Regional sobre el Estado Actual y Pr\u00f3ximos Pasos en el Contexto de la Epidemia de Zika\u00bb,  que se realiza en el pa\u00eds, organizada por las autoridades de Salud P\u00fablica; las Organizaciones Mundial y la Panamericana de la Salud (OMS) y (OPS), respectivamente.<\/span><\/p>\n<\/p>\n<p><span class=\"text1noticias\">La actividad es organizada tambi\u00e9n por el Centro Latinoamericano de Perinatolog\u00eda, Salud de la Mujer y Reproductiva CLAP\/SMR; as\u00ed como por las entidades Canadian International Development Agency  y la Oficina Internacional de Desarrollo de los Estados Unidos de Norteamerica (USAID).<\/span><\/p>\n<\/p>\n<p><span class=\"text1noticias\">\u00abCuenta Conmigo\u00bb<\/span><\/p>\n<\/p>\n<p><span class=\"text1noticias\">Por el Despacho de la Primera Dama, participa la doctora Lissy Campos, coordinadora del Programa Cuenta Conmigo, brazo m\u00e9dico-social de la instituci\u00f3n, acompa\u00f1ada de la licenciada Mary Concepci\u00f3n, encargada del componente \u00abPor Un Comienzo Positivo\u00bb, del programa Comunidades Inteligentes.<\/span><\/p>\n<\/p>\n<p><span class=\"text1noticias\">En la reuni\u00f3n fueron expuestos aspectos relativos al impacto de la epidemia del Zika en la salud reproductiva de la mujer y los neonatos, la necesidad de atenci\u00f3n especializada a las embarazadas; el apoyo psicosocial, los enfoques \u00e9ticos; as\u00ed como los desaf\u00edos en el seguimiento a mediano y corto plazo, entre otros.<\/span><\/p>\n<\/p>\n<p><span class=\"text1noticias\">Proponen cooperaci\u00f3n t\u00e9cnica<\/span><\/p>\n<\/p>\n<p><span class=\"text1noticias\">Estos temas condujeron a los expositores y participantes a plantear la necesidad de que se produzca una cooperaci\u00f3n t\u00e9cnica regional para enfrentar las consecuencias del  virus del Zika, del cual, de acuerdo, a informes internacionales han sido detectados casos en 45 pa\u00edses de las Am\u00e9ricas.<\/span><\/p>\n<\/p>\n<p><span class=\"text1noticias\">El Despacho combate el Zika<\/span><\/p>\n<\/p>\n<p><span class=\"text1noticias\">Desde el pasado a\u00f1o 2015, cuando comenz\u00f3 la alerta sobre la incidencia del virus del Zika, la primera Dama C\u00e1ndida Montilla de Medina dispuso el inicio de ciclos de orientaci\u00f3n a mujeres embarazadas y p\u00fablico en general para combatir el mosquito Aedes Aegypti, que es el vector de transmisi\u00f3n.<\/span><\/p>\n<\/p>\n<p><span class=\"text1noticias\">En ese sentido, tanto el componente \u00abPor Un Comienzo Positivo\u00bb, con el cual se educa, orienta y asiste a mujeres embarazadas en las maternidades p\u00fablicas, como el programa de Salud \u00abCuenta Conmigo\u00bb, desarrollan intensas jornadas para la prevenci\u00f3n y seguimiento, cuando ha sido necesario.<\/span><\/p>\n<\/p>\n<p><span class=\"text1noticias\">La Salud, sector focal del Despacho<\/span><\/p>\n<\/p>\n<p><span class=\"text1noticias\">Montilla de Medina asumi\u00f3 entre sus puntos estrat\u00e9gicos, aspectos focales de salud a favor de mujeres, ni\u00f1os y personas envejecientes, como sectores vulnerables de la poblaci\u00f3n que requieren atenci\u00f3n especializada.<\/span><\/p>\n<\/p>\n<p><span class=\"text1noticias\">Adem\u00e1s de Cuenta Conmigo y Por un Comienzo Positivo, el Despacho de la Primera Dama trabaja los aspectos de salud desde sus componentes \u00abMujeres Saludables\u00bb y \u00abMujer y Vida\u00bb, con los cuales previene la incidencia de c\u00e1ncer de mamas y c\u00e1ncer c\u00e9rvico-uterino, as\u00ed como la osteoporosis.<\/span><\/p>\n<\/p>\n<p><span class=\"text1noticias\">CAID y Tamiz Neonatal<\/span><\/p>\n<\/p>\n<p><span class=\"text1noticias\">Aparte del revolucionario Centro de Atenci\u00f3n Integral para la Discapacidad (CAID), en el que por primera vez desde el Estado se brinda atenci\u00f3n a ni\u00f1os y ni\u00f1as con discapacidades generadas por S\u00edndrome de Down, Trastornos del Espectro Autista y Par\u00e1lisis Cerebral, Montilla de Medina introduce el novedoso procedimiento de Tamiz Neonatal.<\/span><\/p>\n<\/p>\n<p><span class=\"text1noticias\">Mediante el Tamiz Neonatal, la ciencia trabaja en la reducci\u00f3n de las muertes s\u00fabitas de ni\u00f1os y ni\u00f1as y en el diagn\u00f3stico temprano de enfermedades cong\u00e9nitas que provocan discapacidades, lo que permite un manejo adecuado, integral e inclusivo, a las personas que las poseen.<\/span><\/p>\n<h6> 2016-08-25 16:02:40 <\/h6>\n<p><!--\n<link rel=\"stylesheet\" href=\"css\/bootstrap.min.css\">\n\n\n<ul class=\"pagination\">\n\t    \n\t\n\n<li >\n\t<a href='?page_no=12166'>Previous<\/a>\n\t<\/li>\n\n\n       \n    \n\n<li><a href='?page_no=1'>1<\/a><\/li>\n\n\n\n<li><a href='?page_no=2'>2<\/a><\/li>\n\n\n\n<li><a>...<\/a><\/li>\n\n\n\n<li><a href='?page_no=12165'>12165<\/a><\/li>\n\n\n\n<li><a href='?page_no=12166'>12166<\/a><\/li>\n\n\n\n<li class='active'><a>12167<\/a><\/li>\n\n\n\n<li><a href='?page_no=12168'>12168<\/a><\/li>\n\n\n\n<li><a href='?page_no=12169'>12169<\/a><\/li>\n\n\n\n<li><a>...<\/a><\/li>\n\n\n\n<li><a href='?page_no=56169'>56169<\/a><\/li>\n\n\n\n<li><a href='?page_no=56170'>56170<\/a><\/li>\n\n    \n\t\n\n<li >\n\t<a href='?page_no=12168'>Next<\/a>\n\t<\/li>\n\n\n    \n\n<li><a href='?page_no=56170'>Last &rsaquo;&rsaquo;<\/a><\/li>\n\n<\/ul>\n\n\n--><br \/>\n<\/body><\/p>\n","protected":false},"excerpt":{"rendered":"<p>Santo Domingo, RD, El Despacho de la Primera Dama de la Rep\u00fablica participa en la \u00abReuni\u00f3n Regional sobre el Estado Actual y Pr\u00f3ximos Pasos en el Contexto de la Epidemia de Zika\u00bb, que se realiza en el pa\u00eds, organizada por las autoridades de Salud P\u00fablica; las Organizaciones Mundial y la Panamericana de la Salud (OMS) [&hellip;]<\/p>\n","protected":false},"author":3,"featured_media":0,"comment_status":"open","ping_status":"open","sticky":false,"template":"","format":"standard","meta":{"footnotes":""},"categories":[20],"tags":[],"class_list":["post-217668","post","type-post","status-publish","format-standard","hentry","category-dominicana-hoy"],"_links":{"self":[{"href":"https:\/\/diariodominicano.com\/index.php?rest_route=\/wp\/v2\/posts\/217668","targetHints":{"allow":["GET"]}}],"collection":[{"href":"https:\/\/diariodominicano.com\/index.php?rest_route=\/wp\/v2\/posts"}],"about":[{"href":"https:\/\/diariodominicano.com\/index.php?rest_route=\/wp\/v2\/types\/post"}],"author":[{"embeddable":true,"href":"https:\/\/diariodominicano.com\/index.php?rest_route=\/wp\/v2\/users\/3"}],"replies":[{"embeddable":true,"href":"https:\/\/diariodominicano.com\/index.php?rest_route=%2Fwp%2Fv2%2Fcomments&post=217668"}],"version-history":[{"count":0,"href":"https:\/\/diariodominicano.com\/index.php?rest_route=\/wp\/v2\/posts\/217668\/revisions"}],"wp:attachment":[{"href":"https:\/\/diariodominicano.com\/index.php?rest_route=%2Fwp%2Fv2%2Fmedia&parent=217668"}],"wp:term":[{"taxonomy":"category","embeddable":true,"href":"https:\/\/diariodominicano.com\/index.php?rest_route=%2Fwp%2Fv2%2Fcategories&post=217668"},{"taxonomy":"post_tag","embeddable":true,"href":"https:\/\/diariodominicano.com\/index.php?rest_route=%2Fwp%2Fv2%2Ftags&post=217668"}],"curies":[{"name":"wp","href":"https:\/\/api.w.org\/{rel}","templated":true}]}}