{"id":217665,"date":"2016-08-26T15:59:58","date_gmt":"2016-08-26T15:59:58","guid":{"rendered":"http:\/\/diariodominicano.ddns.net\/?p=217665"},"modified":"2016-08-26T15:59:58","modified_gmt":"2016-08-26T15:59:58","slug":"alcalde-guillen-anuncia-vasto-plan-de-limpieza-y-solicita-a-los-municipes-empoderarse-por-una-ciudad-limpiaordenada-y-segura","status":"publish","type":"post","link":"https:\/\/diariodominicano.com\/?p=217665","title":{"rendered":"Alcalde Guill\u00e9n anuncia vasto plan de limpieza y solicita a los mun\u00eccipes empoderarse por una ciudad limpia,ordenada y segura"},"content":{"rendered":"<p><body><\/p>\n<\/p>\n<p>SAN CRISTOBAL, RD, 26 de agosto.-El alcalde municipal Jos\u00e9  Nelson Guill\u00e9n Valdez, anunci\u00f3 la realizaci\u00f3n de una jornada de limpieza en esta ciudad a llevarse a cabo el pr\u00f3ximo lunes.<\/p>\n<\/p>\n<p>Guill\u00e9n Valdez expres\u00f3:\u00bbel ayuntamiento a partir de este momento cumplir\u00e1 con su responsabilidad y los mun\u00edcipes tambi\u00e9n que asuman la suya a partir del lunes\u00bb.<\/p>\n<\/p>\n<p> Nelson Guill\u00e9n Valdez, al hacer el anuncio de un amplio plan de recogida de basura que se iniciar\u00e1 el pr\u00f3ximo lunes, en este municipio.<\/p>\n<\/p>\n<p> Guill\u00e9n Valdez indic\u00f3 que esa jornada de recogida de desechos s\u00f3lidos se enmarca en el programa que desarrolla la alcald\u00eda, tras la Sala Capitular declarar, en una secci\u00f3n extraordinaria, a este municipio en Estado de Emergencia, durante 100 d\u00edas.<\/p>\n<\/p>\n<p>Revel\u00f3 que seg\u00fan estudios t\u00e9cnicos realizado, el municipio ser\u00e1 dividido en 4 cuadrantes.<\/p>\n<\/p>\n<p>Adelant\u00f3 que, de acuerdo a esos mismos estudios, habr\u00e1<\/p>\n<p> sectores donde los desechos s\u00f3lidos ser\u00e1n recogidos hasta dos  veces al d\u00eda, mientras que en otros los camiones recolectores pasar\u00e1n interdiario, por lo que ning\u00fan ciudadano podr\u00e1 alegar que la alcald\u00eda no est\u00e1 brindando los soportes necesarios para resolver la problem\u00e1tica existente.<\/p>\n<\/p>\n<p>\u00abA partir de la implementaci\u00f3n de este programa, el mun\u00edcipe que sea sorprendido tirando basura, en lugares inapropiados, ser\u00e1 apresado y traducido a la acci\u00f3n de la justicia, por violaci\u00f3n a la ley 120-99, la cual establece multas y prisi\u00f3n de 2 a 10 d\u00edas\u00bb, apunt\u00f3.<\/p>\n<\/p>\n<p>Las anteriores declaraciones las ofreci\u00f3 s el alcalde Jos\u00e8 Nelson Guill\u00e8n al participar en una reuni\u00f2n dirigentes comunitarios de los diferentes sectores de esta ciudad<\/p>\n<h6> 2016-08-26 15:59:58 <\/h6>\n<p><!--\n<link rel=\"stylesheet\" href=\"css\/bootstrap.min.css\">\n\n\n<ul class=\"pagination\">\n\t    \n\t\n\n<li >\n\t<a href='?page_no=12163'>Previous<\/a>\n\t<\/li>\n\n\n       \n    \n\n<li><a href='?page_no=1'>1<\/a><\/li>\n\n\n\n<li><a href='?page_no=2'>2<\/a><\/li>\n\n\n\n<li><a>...<\/a><\/li>\n\n\n\n<li><a href='?page_no=12162'>12162<\/a><\/li>\n\n\n\n<li><a href='?page_no=12163'>12163<\/a><\/li>\n\n\n\n<li class='active'><a>12164<\/a><\/li>\n\n\n\n<li><a href='?page_no=12165'>12165<\/a><\/li>\n\n\n\n<li><a href='?page_no=12166'>12166<\/a><\/li>\n\n\n\n<li><a>...<\/a><\/li>\n\n\n\n<li><a href='?page_no=56169'>56169<\/a><\/li>\n\n\n\n<li><a href='?page_no=56170'>56170<\/a><\/li>\n\n    \n\t\n\n<li >\n\t<a href='?page_no=12165'>Next<\/a>\n\t<\/li>\n\n\n    \n\n<li><a href='?page_no=56170'>Last &rsaquo;&rsaquo;<\/a><\/li>\n\n<\/ul>\n\n\n--><br \/>\n<\/body><\/p>\n","protected":false},"excerpt":{"rendered":"<p>SAN CRISTOBAL, RD, 26 de agosto.-El alcalde municipal Jos\u00e9 Nelson Guill\u00e9n Valdez, anunci\u00f3 la realizaci\u00f3n de una jornada de limpieza en esta ciudad a llevarse a cabo el pr\u00f3ximo lunes. Guill\u00e9n Valdez expres\u00f3:\u00bbel ayuntamiento a partir de este momento cumplir\u00e1 con su responsabilidad y los mun\u00edcipes tambi\u00e9n que asuman la suya a partir del lunes\u00bb. [&hellip;]<\/p>\n","protected":false},"author":3,"featured_media":0,"comment_status":"open","ping_status":"open","sticky":false,"template":"","format":"standard","meta":{"footnotes":""},"categories":[20],"tags":[],"class_list":["post-217665","post","type-post","status-publish","format-standard","hentry","category-dominicana-hoy"],"_links":{"self":[{"href":"https:\/\/diariodominicano.com\/index.php?rest_route=\/wp\/v2\/posts\/217665","targetHints":{"allow":["GET"]}}],"collection":[{"href":"https:\/\/diariodominicano.com\/index.php?rest_route=\/wp\/v2\/posts"}],"about":[{"href":"https:\/\/diariodominicano.com\/index.php?rest_route=\/wp\/v2\/types\/post"}],"author":[{"embeddable":true,"href":"https:\/\/diariodominicano.com\/index.php?rest_route=\/wp\/v2\/users\/3"}],"replies":[{"embeddable":true,"href":"https:\/\/diariodominicano.com\/index.php?rest_route=%2Fwp%2Fv2%2Fcomments&post=217665"}],"version-history":[{"count":0,"href":"https:\/\/diariodominicano.com\/index.php?rest_route=\/wp\/v2\/posts\/217665\/revisions"}],"wp:attachment":[{"href":"https:\/\/diariodominicano.com\/index.php?rest_route=%2Fwp%2Fv2%2Fmedia&parent=217665"}],"wp:term":[{"taxonomy":"category","embeddable":true,"href":"https:\/\/diariodominicano.com\/index.php?rest_route=%2Fwp%2Fv2%2Fcategories&post=217665"},{"taxonomy":"post_tag","embeddable":true,"href":"https:\/\/diariodominicano.com\/index.php?rest_route=%2Fwp%2Fv2%2Ftags&post=217665"}],"curies":[{"name":"wp","href":"https:\/\/api.w.org\/{rel}","templated":true}]}}