{"id":217664,"date":"2016-08-27T16:11:35","date_gmt":"2016-08-27T16:11:35","guid":{"rendered":"http:\/\/diariodominicano.ddns.net\/?p=217664"},"modified":"2016-08-27T16:11:35","modified_gmt":"2016-08-27T16:11:35","slug":"coe-informa-que-lluvias-continuaran-en-gran-parte-del-territorio","status":"publish","type":"post","link":"https:\/\/diariodominicano.com\/?p=217664","title":{"rendered":"&#13;COE informa que lluvias continuaran en gran parte del territorio"},"content":{"rendered":"<p><body><\/p>\n<\/p>\n<\/p>\n<\/p>\n<p><span class=\"text1noticias\">Santo Domingo, RD, 27 de agosto.- El  Centro de Operaciones de Emergencias  (COE ) inform\u00f3 que la Vaguada en los niveles medios y altos de la atm\u00f3sfera  seguir\u00e1  generando  aguaceros dispersos con tormentas el\u00e9ctricas en gran parte del Pa\u00eds.<\/span><\/p>\n<\/p>\n<p><span class=\"text1noticias\">Las provincias en alerta amarilla son Azua, Peravia, San Crist\u00f3bal (Villa <\/span><\/p>\n<p><span class=\"text1noticias\">Altagracia) y El Gran Santo Domingo.<\/span><\/p>\n<p><span class=\"text1noticias\">En tanto que en alerta verde se encuentran S\u00e1nchez Ram\u00edrez, Monte Plata, Mar\u00eda Trinidad S\u00e1nchez, Dajab\u00f3n, Montecristi, Valverde Mao, Espaillat, Santiago, Duarte, La Romana, La Altagracia y San Pedro de Macor\u00eds  <\/span><\/p>\n<\/p>\n<p><span class=\"text1noticias\">El COE, dijo que se  mantiene la prohibici\u00f3n de las actividades de monta\u00f1as, campismo, senderismo y de otras \u00edndoles principalmente en las provincias bajo alerta. <\/span><\/p>\n<\/p>\n<p><span class=\"text1noticias\">Adem\u00e1s  prohibi\u00f3 las actividades recreativas, acu\u00e1ticas, lavado de veh\u00edculos, principalmente en los balnearios y  r\u00edos de  las provincias bajo alerta.<\/span><\/p>\n<h6> 2016-08-27 16:11:35 <\/h6>\n<p><!--\n<link rel=\"stylesheet\" href=\"css\/bootstrap.min.css\">\n\n\n<ul class=\"pagination\">\n\t    \n\t\n\n<li >\n\t<a href='?page_no=12162'>Previous<\/a>\n\t<\/li>\n\n\n       \n    \n\n<li><a href='?page_no=1'>1<\/a><\/li>\n\n\n\n<li><a href='?page_no=2'>2<\/a><\/li>\n\n\n\n<li><a>...<\/a><\/li>\n\n\n\n<li><a href='?page_no=12161'>12161<\/a><\/li>\n\n\n\n<li><a href='?page_no=12162'>12162<\/a><\/li>\n\n\n\n<li class='active'><a>12163<\/a><\/li>\n\n\n\n<li><a href='?page_no=12164'>12164<\/a><\/li>\n\n\n\n<li><a href='?page_no=12165'>12165<\/a><\/li>\n\n\n\n<li><a>...<\/a><\/li>\n\n\n\n<li><a href='?page_no=56169'>56169<\/a><\/li>\n\n\n\n<li><a href='?page_no=56170'>56170<\/a><\/li>\n\n    \n\t\n\n<li >\n\t<a href='?page_no=12164'>Next<\/a>\n\t<\/li>\n\n\n    \n\n<li><a href='?page_no=56170'>Last &rsaquo;&rsaquo;<\/a><\/li>\n\n<\/ul>\n\n\n--><br \/>\n<\/body><\/p>\n","protected":false},"excerpt":{"rendered":"<p>Santo Domingo, RD, 27 de agosto.- El Centro de Operaciones de Emergencias (COE ) inform\u00f3 que la Vaguada en los niveles medios y altos de la atm\u00f3sfera seguir\u00e1 generando aguaceros dispersos con tormentas el\u00e9ctricas en gran parte del Pa\u00eds. Las provincias en alerta amarilla son Azua, Peravia, San Crist\u00f3bal (Villa Altagracia) y El Gran Santo [&hellip;]<\/p>\n","protected":false},"author":3,"featured_media":0,"comment_status":"open","ping_status":"open","sticky":false,"template":"","format":"standard","meta":{"footnotes":""},"categories":[20],"tags":[],"class_list":["post-217664","post","type-post","status-publish","format-standard","hentry","category-dominicana-hoy"],"_links":{"self":[{"href":"https:\/\/diariodominicano.com\/index.php?rest_route=\/wp\/v2\/posts\/217664","targetHints":{"allow":["GET"]}}],"collection":[{"href":"https:\/\/diariodominicano.com\/index.php?rest_route=\/wp\/v2\/posts"}],"about":[{"href":"https:\/\/diariodominicano.com\/index.php?rest_route=\/wp\/v2\/types\/post"}],"author":[{"embeddable":true,"href":"https:\/\/diariodominicano.com\/index.php?rest_route=\/wp\/v2\/users\/3"}],"replies":[{"embeddable":true,"href":"https:\/\/diariodominicano.com\/index.php?rest_route=%2Fwp%2Fv2%2Fcomments&post=217664"}],"version-history":[{"count":0,"href":"https:\/\/diariodominicano.com\/index.php?rest_route=\/wp\/v2\/posts\/217664\/revisions"}],"wp:attachment":[{"href":"https:\/\/diariodominicano.com\/index.php?rest_route=%2Fwp%2Fv2%2Fmedia&parent=217664"}],"wp:term":[{"taxonomy":"category","embeddable":true,"href":"https:\/\/diariodominicano.com\/index.php?rest_route=%2Fwp%2Fv2%2Fcategories&post=217664"},{"taxonomy":"post_tag","embeddable":true,"href":"https:\/\/diariodominicano.com\/index.php?rest_route=%2Fwp%2Fv2%2Ftags&post=217664"}],"curies":[{"name":"wp","href":"https:\/\/api.w.org\/{rel}","templated":true}]}}