{"id":217663,"date":"2016-08-28T09:37:50","date_gmt":"2016-08-28T09:37:50","guid":{"rendered":"http:\/\/diariodominicano.ddns.net\/?p=217663"},"modified":"2016-08-28T09:37:50","modified_gmt":"2016-08-28T09:37:50","slug":"rosario-y-selman-realizan-sesion-de-trabajo","status":"publish","type":"post","link":"https:\/\/diariodominicano.com\/?p=217663","title":{"rendered":"Rosario y Selman realizan sesi\u00f3n de trabajo"},"content":{"rendered":"<p><body><\/p>\n<p><img decoding=\"async\" src=\"img3\/DSCF9953.JPG\" \/><br \/><img decoding=\"async\" src=\"img3\/DSCF9948.JPG\" \/>  <\/p>\n<p><strong><span class=\"text1noticias\">El c\u00f3nsul Eduardo Selman, segundo desde derecha, junto al presidente de la JCE, Roberto Rosario, Miguel Melenciano y Elpidio De la Rosa.<\/span><\/strong><\/p>\n<\/p>\n<p><strong><span class=\"text1noticias\">NUEVA YORK.<\/span><\/strong><span class=\"text1noticias\">-El presidente de la Junta Central Electoral (JCE), Roberto Rosario, y el c\u00f3nsul general arquitecto Eduardo Selman sostuvieron una reuni\u00f3n de trabajo en la que trataron las limitaciones del espacio f\u00edsico donde opera ese organismo en el Consulado General de la Rep\u00fablica Dominicana en esta ciudad.<\/span><\/p>\n<p><span class=\"text1noticias\">En sus oficinas donde opera la JCE en el Consulado expide C\u00e9dula de Identidad y Electoral, actas de nacimiento, matrimonio, divorcio y defunci\u00f3n, entre otros documentos de derecho civil, y el espacio f\u00edsico limita la capacidad de usuarios de esos servicios.<\/span><\/p>\n<p><span class=\"text1noticias\">Ante esa problem\u00e1tica Selman le trat\u00f3 a Rosario la necesidad de alquilar un local m\u00e1s amplio contiguo al Consulado, que les permita a los ciudadanos recibir servicios de mayor calidad y confort.<\/span><\/p>\n<\/p>\n<p><strong><span class=\"text1noticias\">El  c\u00f3nsul Eduardo Selman junto a Roberto Rosario, presidente de la Junta Central Electoral.<\/span><\/strong><\/p>\n<\/p>\n<p><span class=\"text1noticias\">Rosario dijo que su visita a Selman es parte del compromiso que asumi\u00f3 con \u00e9l para resolver la falta de espacio f\u00edsico de la JCE.<\/span><\/p>\n<p><span class=\"text1noticias\">Precis\u00f3 que en esa ocasi\u00f3n le dijo a Selman que lo visitar\u00eda en su despacho \u00abpara analizar las condiciones y posibles soluciones\u00bb.<\/span><\/p>\n<p><span class=\"text1noticias\">\u00abEsa limitaci\u00f3n estaba generando una disminuci\u00f3n de la imagen positiva del Estado Dominicano a trav\u00e9s de sus instituciones, ya sea a trav\u00e9s del Consulado o ya sea a trav\u00e9s de la Junta Central Electoral\u00bb, puntualiz\u00f3.<\/span><\/p>\n<p><span class=\"text1noticias\">Desde que asumi\u00f3 sus funciones el 28 de enero de 2015, Selman dispuso que se cedieran otras oficinas a la JCE, adem\u00e1s del espacio que ocupa en el Consulado, con tal de que el servicio fuera m\u00e1s eficiente ante el incremento de la demanda de renovaci\u00f3n o expedici\u00f3n de c\u00e9dulas. <\/span><\/p>\n<p><span class=\"text1noticias\">Tras concluir el encuentro con Selman, Rosario dijo que \u00abal final de cuentas, tanto el Consulado como la Junta son dos instituciones de un mismo Estado y era necesario que tuvi\u00e9semos una reuni\u00f3n para encontrar soluci\u00f3n\u00bb.<\/span><\/p>\n<p><span class=\"text1noticias\">En la reuni\u00f3n sostenida por Rosario y Selman en la cual se habl\u00f3 ampliamente sobre el tema, con la participaci\u00f3n de t\u00e9cnicos de ambos organismos, se acord\u00f3 una serie de soluciones. <\/span><\/p>\n<p><span class=\"text1noticias\">Rosario dijo que los dominicanos \u00abvan a estar en un espacio m\u00e1s c\u00f3modo, m\u00e1s confortable, eso va a permitir tambi\u00e9n que haya m\u00e1s agilidad, m\u00e1s rapidez en dar el servicio\u00bb. <\/span><\/p>\n<p><span class=\"text1noticias\">\u00abRespetando la independencia de la JCE, por ser una instituci\u00f3n de derecho civil, le cedimos nuevos espacios f\u00edsicos en el Consulado y ahora esperamos que pueda tener un local m\u00e1s amplio\u00bb, expres\u00f3 el c\u00f3nsul Eduardo Selman.<\/span><\/p>\n<p><span class=\"text1noticias\">En la reuni\u00f3n estuvieron presentes, adem\u00e1s, los licenciados Miguel Melenciano, supervisor general de la JCE en los Estados Unidos y Elpidio De la Rosa, encargado de sus oficinas en Nueva York.<\/span><\/p>\n<\/p>\n<\/p>\n<h6> 2016-08-28 09:37:50 <\/h6>\n<p><!--\n<link rel=\"stylesheet\" href=\"css\/bootstrap.min.css\">\n\n\n<ul class=\"pagination\">\n\t    \n\t\n\n<li >\n\t<a href='?page_no=12161'>Previous<\/a>\n\t<\/li>\n\n\n       \n    \n\n<li><a href='?page_no=1'>1<\/a><\/li>\n\n\n\n<li><a href='?page_no=2'>2<\/a><\/li>\n\n\n\n<li><a>...<\/a><\/li>\n\n\n\n<li><a href='?page_no=12160'>12160<\/a><\/li>\n\n\n\n<li><a href='?page_no=12161'>12161<\/a><\/li>\n\n\n\n<li class='active'><a>12162<\/a><\/li>\n\n\n\n<li><a href='?page_no=12163'>12163<\/a><\/li>\n\n\n\n<li><a href='?page_no=12164'>12164<\/a><\/li>\n\n\n\n<li><a>...<\/a><\/li>\n\n\n\n<li><a href='?page_no=56169'>56169<\/a><\/li>\n\n\n\n<li><a href='?page_no=56170'>56170<\/a><\/li>\n\n    \n\t\n\n<li >\n\t<a href='?page_no=12163'>Next<\/a>\n\t<\/li>\n\n\n    \n\n<li><a href='?page_no=56170'>Last &rsaquo;&rsaquo;<\/a><\/li>\n\n<\/ul>\n\n\n--><br \/>\n<\/body><\/p>\n","protected":false},"excerpt":{"rendered":"<p>El c\u00f3nsul Eduardo Selman, segundo desde derecha, junto al presidente de la JCE, Roberto Rosario, Miguel Melenciano y Elpidio De la Rosa. NUEVA YORK.-El presidente de la Junta Central Electoral (JCE), Roberto Rosario, y el c\u00f3nsul general arquitecto Eduardo Selman sostuvieron una reuni\u00f3n de trabajo en la que trataron las limitaciones del espacio f\u00edsico donde [&hellip;]<\/p>\n","protected":false},"author":3,"featured_media":0,"comment_status":"open","ping_status":"open","sticky":false,"template":"","format":"standard","meta":{"footnotes":""},"categories":[20],"tags":[],"class_list":["post-217663","post","type-post","status-publish","format-standard","hentry","category-dominicana-hoy"],"_links":{"self":[{"href":"https:\/\/diariodominicano.com\/index.php?rest_route=\/wp\/v2\/posts\/217663","targetHints":{"allow":["GET"]}}],"collection":[{"href":"https:\/\/diariodominicano.com\/index.php?rest_route=\/wp\/v2\/posts"}],"about":[{"href":"https:\/\/diariodominicano.com\/index.php?rest_route=\/wp\/v2\/types\/post"}],"author":[{"embeddable":true,"href":"https:\/\/diariodominicano.com\/index.php?rest_route=\/wp\/v2\/users\/3"}],"replies":[{"embeddable":true,"href":"https:\/\/diariodominicano.com\/index.php?rest_route=%2Fwp%2Fv2%2Fcomments&post=217663"}],"version-history":[{"count":0,"href":"https:\/\/diariodominicano.com\/index.php?rest_route=\/wp\/v2\/posts\/217663\/revisions"}],"wp:attachment":[{"href":"https:\/\/diariodominicano.com\/index.php?rest_route=%2Fwp%2Fv2%2Fmedia&parent=217663"}],"wp:term":[{"taxonomy":"category","embeddable":true,"href":"https:\/\/diariodominicano.com\/index.php?rest_route=%2Fwp%2Fv2%2Fcategories&post=217663"},{"taxonomy":"post_tag","embeddable":true,"href":"https:\/\/diariodominicano.com\/index.php?rest_route=%2Fwp%2Fv2%2Ftags&post=217663"}],"curies":[{"name":"wp","href":"https:\/\/api.w.org\/{rel}","templated":true}]}}