{"id":217661,"date":"2016-08-29T00:08:27","date_gmt":"2016-08-29T00:08:27","guid":{"rendered":"http:\/\/diariodominicano.ddns.net\/?p=217661"},"modified":"2016-08-29T00:08:27","modified_gmt":"2016-08-29T00:08:27","slug":"uasd-inviste-126-nuevos-profesionales-en-nagua","status":"publish","type":"post","link":"https:\/\/diariodominicano.com\/?p=217661","title":{"rendered":"UASD inviste 126 nuevos profesionales en Nagua"},"content":{"rendered":"<p><body><\/p>\n<p><img decoding=\"async\" src=\"img3\/DSC_4585 copia.jpg\" \/>  <\/p>\n<\/p>\n<p><strong>SANTO DOMINGO, RD, 28 de Agosto de 2016.- <\/strong>La Universidad Aut\u00f3noma de Santo Domingo (UASD)  invisti\u00f3 el s\u00e1bado en su centro de Nagua,  capital de la provincia Mar\u00eda Trinidad S\u00e1nchez,  125 nuevos profesionales  en el nivel de grado y 56 de postgrado,   durante una ceremonia encabezada por el rector en funciones de esa academia,  maestro Rafael Nino F\u00e9liz, en  nombre  del Rector doctor Iv\u00e1n Grull\u00f3n Fern\u00e1ndez.<\/p>\n<\/p>\n<p>Junto al  representante del Primer Funcionario de la Primada de Am\u00e9rica encabezaron la  mesa de honor del  acto solemne  los miembros del Consejo Universitario de  esa  instituci\u00f3n;    la maestra  Severina  De Jes\u00fas, directora de la UASD-Nagua;  el gobernador de esa demarcaci\u00f3n, Napol\u00e9on Hern\u00e1ndez;  junto a  otros funcionarios  de ese centro y  autoridades de la regi\u00f3n. <\/p>\n<\/p>\n<p>Al iniciar su discurso,  Nino F\u00e9liz lament\u00f3 la muerte del licenciado Hatuey Decamps, a quien  defini\u00f3 como un pol\u00edtico  ejemplar que jug\u00f3 un papel importante como dirigente estudiantil, el cual tuvo una  destacada participaci\u00f3n en la Revoluci\u00f3n de Abril  del 1965  y en movimientos encaminados a lograr que la Universidad del Estado  dejara de ser una instituci\u00f3n de \u00e9lite.<\/p>\n<\/p>\n<p>Asimismo,  consider\u00f3 que al entregar  a la  sociedad  a estos  nuevos profesionales, la UASD hace  un  importante aporte  al desarrollo de esa  localidad y del pa\u00eds, gracias a que pese a las limitaciones econ\u00f3micas con que opera se mantiene abierta, recibiendo sin discriminaci\u00f3n a todo el que se quiera superar. <\/p>\n<\/p>\n<p>Tambi\u00e9n resalt\u00f3 el predominio  femenino en esa y otras investiduras de la UASD,  al tiempo de  felicitar  a las mujeres porque con su tenacidad  han sido capaces de derribar  las barreras  y los obst\u00e1culos,  para acabar con el machismo y salir triunfante en una sociedad excluyente. <\/p>\n<\/p>\n<p>El alto funcionario acad\u00e9mico dijo sentirse satisfecho por el gran porcentaje de graduandos que egresa de la Facultad de Ciencias de la Educaci\u00f3n, lo que demuestra el valor que se le da a los maestros como ejes claves del desarrollo nacional.<\/p>\n<\/p>\n<p>Reiter\u00f3  que la UASD se mantiene abierta para todos los dominicanos y felicit\u00f2 a los que tomaron la sabia decisi\u00f3n de elegirla  para formarse profesionalmente, porque es la instituci\u00f3n de estudios superiores que posee la mejor plataforma acad\u00e9mica, de investigaci\u00f3n y de extensi\u00f3n.<\/p>\n<\/p>\n<p>Otro aspecto subrayado por el maestro Nino F\u00e9liz es el impacto de esa Primera Universidad del Nuevo Mundo en la lucha encaminada a evitar la explotaci\u00f3n indiscriminada de los  recursos naturales de la Rep\u00fablica Dominicana,  los cuales son sustentos de las regiones; como en el caso de Los Haitises y Loma Miranda. <\/p>\n<\/p>\n<p>Al felicitar a los graduandos por haber alcanzado la meta propuesta, les advirti\u00f3 que la obtenci\u00f3n de un t\u00edtulo universitario representa  solo una etapa del aprendizaje , no el final,  pues se termina de aprender cuando concluye la vida; tras exhortarlos a que asuman conductas ejemplares y a trabajar con profesionalidad. <\/p>\n<\/p>\n<p>La maestra Severina De Jes\u00fas expres\u00f3 que con ese acto de graduaci\u00f3n se concluye la celebraci\u00f3n del 36 aniversario de ese centro uasdiano en Nagua, destac\u00f3 los logros actuales, as\u00ed como de los  aportes de los directores que le antecedieron  y la entrega de sus  profesores y empleados para mantenerlo en constante crecimiento.<\/p>\n<\/p>\n<p>En el grado, de  los 14 investidos con lauros acad\u00e9micos tres alcanzaron la categor\u00eda Magna Cum Laude, por finalizar sus estudios con un \u00edndice superior a los 90 puntos, correspondiendo la m\u00e1s alta puntuaci\u00f3n (93.6)  a  la nueval Licenciada en Contabilidad Miguelina Altagracia S\u00e1nchez Ventura, quien recibi\u00f3 el Galard\u00f3n Juan B. Mej\u00eda y habl\u00f3  en  nombre de sus compa\u00f1eros..<\/p>\n<\/p>\n<p>Otras egresadas destacadas fueron Marilayni Camilo, quien se gradu\u00f3 de Licenciada en Educaci\u00f3n Inicial con un \u00edndice de  91.1; y  Ana Margarita Polanco Ozoria,  quien obtuvo el mismo grado pero en  Contabilidad , con una puntuaci\u00f3n de  90.1. <\/p>\n<\/p>\n<p>  De los investidos el \u00e1rea de postgrado el mayor \u00edndice fue obtenido por la Roddy Massiel   Arias Francisco, quien concluy\u00f3 el programa de Maestr\u00eda Profesionalizante en Orientaci\u00f3n Educativa e Intervenci\u00f3n Psicopedag\u00f3gica con un promedio general de 95.36 puntos. <\/p>\n<\/p>\n<p>Los dem\u00e1s egresados corresponden a las \u00e1reas de Letras, Ciencias Sociales, Matem\u00e1tica, Biolog\u00eda y Qu\u00edmica, Orientaci\u00f3n Acad\u00e9mica,  Educaci\u00f3n F\u00edsica, Contabilidad, Administraci\u00f3n de Empresas Tur\u00edsticas y Hoteleras, Comunicaci\u00f3n Social, Enfermer\u00eda, Radiolog\u00eda y Derecho.<\/p>\n<h6> 2016-08-29 00:08:27 <\/h6>\n<p><!--\n<link rel=\"stylesheet\" href=\"css\/bootstrap.min.css\">\n\n\n<ul class=\"pagination\">\n\t    \n\t\n\n<li >\n\t<a href='?page_no=12159'>Previous<\/a>\n\t<\/li>\n\n\n       \n    \n\n<li><a href='?page_no=1'>1<\/a><\/li>\n\n\n\n<li><a href='?page_no=2'>2<\/a><\/li>\n\n\n\n<li><a>...<\/a><\/li>\n\n\n\n<li><a href='?page_no=12158'>12158<\/a><\/li>\n\n\n\n<li><a href='?page_no=12159'>12159<\/a><\/li>\n\n\n\n<li class='active'><a>12160<\/a><\/li>\n\n\n\n<li><a href='?page_no=12161'>12161<\/a><\/li>\n\n\n\n<li><a href='?page_no=12162'>12162<\/a><\/li>\n\n\n\n<li><a>...<\/a><\/li>\n\n\n\n<li><a href='?page_no=56169'>56169<\/a><\/li>\n\n\n\n<li><a href='?page_no=56170'>56170<\/a><\/li>\n\n    \n\t\n\n<li >\n\t<a href='?page_no=12161'>Next<\/a>\n\t<\/li>\n\n\n    \n\n<li><a href='?page_no=56170'>Last &rsaquo;&rsaquo;<\/a><\/li>\n\n<\/ul>\n\n\n--><br \/>\n<\/body><\/p>\n","protected":false},"excerpt":{"rendered":"<p>SANTO DOMINGO, RD, 28 de Agosto de 2016.- La Universidad Aut\u00f3noma de Santo Domingo (UASD) invisti\u00f3 el s\u00e1bado en su centro de Nagua, capital de la provincia Mar\u00eda Trinidad S\u00e1nchez, 125 nuevos profesionales en el nivel de grado y 56 de postgrado, durante una ceremonia encabezada por el rector en funciones de esa academia, maestro [&hellip;]<\/p>\n","protected":false},"author":3,"featured_media":0,"comment_status":"open","ping_status":"open","sticky":false,"template":"","format":"standard","meta":{"footnotes":""},"categories":[20],"tags":[],"class_list":["post-217661","post","type-post","status-publish","format-standard","hentry","category-dominicana-hoy"],"_links":{"self":[{"href":"https:\/\/diariodominicano.com\/index.php?rest_route=\/wp\/v2\/posts\/217661","targetHints":{"allow":["GET"]}}],"collection":[{"href":"https:\/\/diariodominicano.com\/index.php?rest_route=\/wp\/v2\/posts"}],"about":[{"href":"https:\/\/diariodominicano.com\/index.php?rest_route=\/wp\/v2\/types\/post"}],"author":[{"embeddable":true,"href":"https:\/\/diariodominicano.com\/index.php?rest_route=\/wp\/v2\/users\/3"}],"replies":[{"embeddable":true,"href":"https:\/\/diariodominicano.com\/index.php?rest_route=%2Fwp%2Fv2%2Fcomments&post=217661"}],"version-history":[{"count":0,"href":"https:\/\/diariodominicano.com\/index.php?rest_route=\/wp\/v2\/posts\/217661\/revisions"}],"wp:attachment":[{"href":"https:\/\/diariodominicano.com\/index.php?rest_route=%2Fwp%2Fv2%2Fmedia&parent=217661"}],"wp:term":[{"taxonomy":"category","embeddable":true,"href":"https:\/\/diariodominicano.com\/index.php?rest_route=%2Fwp%2Fv2%2Fcategories&post=217661"},{"taxonomy":"post_tag","embeddable":true,"href":"https:\/\/diariodominicano.com\/index.php?rest_route=%2Fwp%2Fv2%2Ftags&post=217661"}],"curies":[{"name":"wp","href":"https:\/\/api.w.org\/{rel}","templated":true}]}}