{"id":217656,"date":"2016-08-29T10:15:07","date_gmt":"2016-08-29T10:15:07","guid":{"rendered":"http:\/\/diariodominicano.ddns.net\/?p=217656"},"modified":"2016-08-29T10:15:07","modified_gmt":"2016-08-29T10:15:07","slug":"cientificos-de-europa-y-america-expondran-sobre-genetica-forense-en-la-romana","status":"publish","type":"post","link":"https:\/\/diariodominicano.com\/?p=217656","title":{"rendered":"Cient\u00edficos de Europa y Am\u00e9rica Expondr\u00e1n sobre gen\u00e9tica forense en La Romana"},"content":{"rendered":"<p><body><\/p>\n<p><img decoding=\"async\" src=\"img3\/jornada 29-8.jpg\" \/>  <\/p>\n<p><span class=\"text1noticias\">La Romana, R. D., 29 de agosto.- Connotados cient\u00edficos y funcionarios de las \u00e1reas de salud y judicial de Europa y Am\u00e9rica expondr\u00e1n en la XXI Jornadas de Gen\u00e9tica Forense del grupo de habla espa\u00f1ola y portuguesa de la Sociedad Internacional de Gen\u00e9tica Forense (GHEP-ISFG, por sus siglas en ingl\u00e9s), que por primera vez recibir\u00e1 el pa\u00eds como anfitri\u00f3n, del domingo 4 al martes 6 de septiembre pr\u00f3ximo, en el hotel Dreams de Bayahibe, en La Romana.<\/span><\/p>\n<p><span class=\"text1noticias\"> <\/span><\/p>\n<p><span class=\"text1noticias\">La apertura del evento cient\u00edfico mundial, crear\u00e1 un precedente en la Rep\u00fablica Dominicana y en la regi\u00f3n del Caribe porque reunir\u00e1 a las figuras m\u00e1s destacas de la ciencia g\u00e9nica de las \u00faltimas d\u00e9cadas, est\u00e1 prevista para iniciar a las 9 de la ma\u00f1ana del domingo 4 de septiembre, con las palabras de bienvenida de Lourdes Prieto y Marisol De Castro, presidenta y miembro del comit\u00e9 organizador local del GHEP-ISFG.<\/span><\/p>\n<p><span class=\"text1noticias\"> <\/span><\/p>\n<p><span class=\"text1noticias\">Intervendr\u00e1n tambi\u00e9n en el acto de apertura los dominicanos Francisco Gerdo, director del Instituto Nacional de Ciencias Forenses (INACIF) y do\u00f1a Patricia Le\u00f3n, directora ejecutiva de Referencia Laboratorio Cl\u00ednico.<\/span><\/p>\n<p><span class=\"text1noticias\"> <\/span><\/p>\n<p><span class=\"text1noticias\">Participar\u00e1n miembros del GHEP-ISFG y autoridades del \u00e1rea de la gen\u00e9tica forense en procuradur\u00edas generales, departamentos de criminal\u00edstica, huellas digitales, \u00e1reas de perito judiciales, entre otros, de Argentina, Bolivia, Brasil, Colombia, Costa Rica, Chile, Ecuador, Espa\u00f1a, El Salvador, Italia, Francia, M\u00e9xico, Noruega, Panam\u00e1, Per\u00fa, Portugal, Uruguay y Venezuela.<\/span><\/p>\n<p><span class=\"text1noticias\"> <\/span><\/p>\n<p><span class=\"text1noticias\">De Rep\u00fablica Dominicana han sido invitados funcionarios del Ministerio de Salud P\u00fablica, la Procuradur\u00eda General de la Rep\u00fablica, Instituto Nacional de Ciencias Forense (INACIF), las \u00e1reas de criminal\u00edstica, las universidades que imparten la c\u00e1tedra de gen\u00e9tica forense en las carreras de medicina y derecho, entre otras entidades.<\/span><\/p>\n<p><span class=\"text1noticias\"> <\/span><\/p>\n<p><span class=\"text1noticias\">Entre los temas que ser\u00e1n abordados en los paneles y debates figuran la identificaci\u00f3n de fluidos, marcadores autos\u00f3micos, cromosomas sexuales, ADN mitocondrial, identificaci\u00f3n animal, estudio te\u00f3rico de parentesco a nivel b\u00e1sico, desaf\u00edo te\u00f3rico de parentesco, evaluaci\u00f3n de an\u00e1lisis de ADN mitocondrial, expresi\u00f3n y comunicaci\u00f3n de la prueba de ADN, nuevas propuestas, entre otros.<\/span><\/p>\n<p><span class=\"text1noticias\"> <\/span><\/p>\n<p><span class=\"text1noticias\">El Grupo de Habla Espa\u00f1ola y Portuguesa de la International Society for Forensic Genetics (GHEP-ISFG), es una asociaci\u00f3n de car\u00e1cter cient\u00edfico sin fines de lucro que re\u00fane a profesionales de esta \u00e1rea de habla espa\u00f1ola y portuguesa, asesora a organismos mundiales  y colabora con universidades e instituciones p\u00fablicas y privadas para el desarrollo cient\u00edfico, t\u00e9cnico y la protecci\u00f3n jur\u00eddica de la gen\u00e9tica aplicada a los fines forenses.<\/span><\/p>\n<p><span class=\"text1noticias\"> <\/span><\/p>\n<p><span class=\"text1noticias\">Asimismo, organizar reuniones cient\u00edficas, promover las relaciones y cooperaciones entre sus miembros, as\u00ed como con otros grupos dependientes de la ISFG y asociaciones cient\u00edficas de \u00e1reas afines, e instar al cumplimiento de las directrices marcadas por la ISFG relativas a la homologaci\u00f3n de t\u00e9cnicas aplicables, control y garant\u00eda de calidad de las mismas, y en general a todo cuanto se refiera al uso de marcadores gen\u00e9ticos con fines forenses.<\/span><\/p>\n<p><span class=\"text1noticias\"> <\/span><\/p>\n<p><span class=\"text1noticias\">Principales expositores<\/span><\/p>\n<p><span class=\"text1noticias\"> <\/span><\/p>\n<p><span class=\"text1noticias\">Los principales expositores de esta XXI Jornadas de Gen\u00e9tica Forense disertar\u00e1n sobre \u00abLa utilidad de los marcadores del cromosoma X en el parentesco\u00bb, a cargo de la doctora Leonor Gusm\u00e3o, PHD en biolog\u00eda e investigadora en el Instituto de Patolog\u00eda e Inmunolog\u00eda Molecular de la Universidad  de  Porto, Brasil, miembro del comit\u00e9 ejecutivo del  GHEP-ISFG.<\/span><\/p>\n<p><span class=\"text1noticias\"> <\/span><\/p>\n<p><span class=\"text1noticias\">Las investigaciones de la doctora Gusm\u00e3o se enfocan en gen\u00e9tica de poblaciones usando marcadores recombinantes y no recombinantes, y en estudios de relaciones biol\u00f3gicas utilizando marcadores autos\u00f3micos y marcadores de cromosoma sexual X. Est\u00e1 envuelta en los programas de formaci\u00f3n como charlista invitado y miembro de la comisi\u00f3n cient\u00edfica de los cursos de maestr\u00eda de gen\u00e9tica forense de la facultad de ciencias de la Universidad de Porto y es profesor permanente del programa de postgrado de Biociencias de la UERJ.<\/span><\/p>\n<p><span class=\"text1noticias\"> <\/span><\/p>\n<p><span class=\"text1noticias\">Mientras que el tema \u00abLa estimaci\u00f3n de las frecuencias de Haplotipos\u00bb ser\u00e1 expuesto por el doctor Thore Egeland, profesor de estad\u00edstica en la Universidad de Oslo, con experiencia en geostatistica, su enfoque principal es la gen\u00e9tica forense y los proyectos relacionados al software familias.<\/span><\/p>\n<p><span class=\"text1noticias\"> <\/span><\/p>\n<p><span class=\"text1noticias\">El doctor Egeland sostiene que \u00abfamilias es un programa de c\u00e1lculo de probabilidades para el establecimiento de relaciones biol\u00f3gicas humanas basadas en los datos que aporta el ADN\u00bb.<\/span><\/p>\n<p><span class=\"text1noticias\"> <\/span><\/p>\n<p><span class=\"text1noticias\">Ha sido profesor y conferencista en m\u00faltiples ocasiones en varios pa\u00edses, dando cursos para mostrar las caracter\u00edsticas de familias.<\/span><\/p>\n<p><span class=\"text1noticias\"> <\/span><\/p>\n<p><span class=\"text1noticias\">\u00abLos cocientes de probabilidad con ejemplos de marcadores de cromosoma X\u00bb ser\u00e1 desarrollado por Nadia Pinto, PHD en matem\u00e1ticas aplicadas en la facultad de ciencias de la Universidad de Porto (FCUP), Porto, Portugal. Trabajando en el desarrollo de Softwares matem\u00e1ticos para evaluar el significado estad\u00edstico de la data aportada en el estudio de las relaciones de parentesco tanto para marcadores autos\u00f3micos como para marcadores ligados a cromosoma X.<\/span><\/p>\n<p><span class=\"text1noticias\"> <\/span><\/p>\n<p><span class=\"text1noticias\">Referencia Laboratorio Cl\u00ednico organizador de las jornadas GHEP-ISFG<\/span><\/p>\n<p><span class=\"text1noticias\"> <\/span><\/p>\n<p><span class=\"text1noticias\">Referencia Laboratorio Cl\u00ednico como Comit\u00e9 Organizador de las Jornadas de Gen\u00e9tica Forense del GHEP-ISFG, a trav\u00e9s de su departamento de pruebas de parentesco por ADN, actualmente trabaja en la gen\u00e9tica forense identificando restos humanos a solicitud de diversas instituciones.<\/span><\/p>\n<p><span class=\"text1noticias\"> <\/span><\/p>\n<p><span class=\"text1noticias\">Es un laboratorio cl\u00ednico establecido en el 1983, al servicio de la salud y comprometidos con la calidad.<\/span><\/p>\n<p><span class=\"text1noticias\"> <\/span><\/p>\n<p><span class=\"text1noticias\">Referencia en su Departamento de Pruebas de Parentesco por ADN cuenta con un estricto sistema de control de calidad, avalado por un programa de evaluaci\u00f3n externa de calidad por el Colegio Americano de Pat\u00f3logos (CAP), la Certificaci\u00f3n ISO 9001, ISO 15189, adem\u00e1s de la acreditaci\u00f3n por la Asociaci\u00f3n Americana de Bancos de Sangre (AABB, por sus siglas en ingl\u00e9s).<\/span><\/p>\n<p><span class=\"text1noticias\"> <\/span><\/p>\n<p><span class=\"text1noticias\">Referencia actualmente dispone de 38 centros de servicios en Santo Domingo y varias ciudades de la ge<\/span>ograf\u00eda nacional.<\/p>\n<\/p>\n<h6> 2016-08-29 10:15:07 <\/h6>\n<p><!--\n<link rel=\"stylesheet\" href=\"css\/bootstrap.min.css\">\n\n\n<ul class=\"pagination\">\n\t    \n\t\n\n<li >\n\t<a href='?page_no=12155'>Previous<\/a>\n\t<\/li>\n\n\n       \n    \n\n<li><a href='?page_no=1'>1<\/a><\/li>\n\n\n\n<li><a href='?page_no=2'>2<\/a><\/li>\n\n\n\n<li><a>...<\/a><\/li>\n\n\n\n<li><a href='?page_no=12154'>12154<\/a><\/li>\n\n\n\n<li><a href='?page_no=12155'>12155<\/a><\/li>\n\n\n\n<li class='active'><a>12156<\/a><\/li>\n\n\n\n<li><a href='?page_no=12157'>12157<\/a><\/li>\n\n\n\n<li><a href='?page_no=12158'>12158<\/a><\/li>\n\n\n\n<li><a>...<\/a><\/li>\n\n\n\n<li><a href='?page_no=56169'>56169<\/a><\/li>\n\n\n\n<li><a href='?page_no=56170'>56170<\/a><\/li>\n\n    \n\t\n\n<li >\n\t<a href='?page_no=12157'>Next<\/a>\n\t<\/li>\n\n\n    \n\n<li><a href='?page_no=56170'>Last &rsaquo;&rsaquo;<\/a><\/li>\n\n<\/ul>\n\n\n--><br \/>\n<\/body><\/p>\n","protected":false},"excerpt":{"rendered":"<p>La Romana, R. D., 29 de agosto.- Connotados cient\u00edficos y funcionarios de las \u00e1reas de salud y judicial de Europa y Am\u00e9rica expondr\u00e1n en la XXI Jornadas de Gen\u00e9tica Forense del grupo de habla espa\u00f1ola y portuguesa de la Sociedad Internacional de Gen\u00e9tica Forense (GHEP-ISFG, por sus siglas en ingl\u00e9s), que por primera vez recibir\u00e1 [&hellip;]<\/p>\n","protected":false},"author":3,"featured_media":0,"comment_status":"open","ping_status":"open","sticky":false,"template":"","format":"standard","meta":{"footnotes":""},"categories":[20],"tags":[],"class_list":["post-217656","post","type-post","status-publish","format-standard","hentry","category-dominicana-hoy"],"_links":{"self":[{"href":"https:\/\/diariodominicano.com\/index.php?rest_route=\/wp\/v2\/posts\/217656","targetHints":{"allow":["GET"]}}],"collection":[{"href":"https:\/\/diariodominicano.com\/index.php?rest_route=\/wp\/v2\/posts"}],"about":[{"href":"https:\/\/diariodominicano.com\/index.php?rest_route=\/wp\/v2\/types\/post"}],"author":[{"embeddable":true,"href":"https:\/\/diariodominicano.com\/index.php?rest_route=\/wp\/v2\/users\/3"}],"replies":[{"embeddable":true,"href":"https:\/\/diariodominicano.com\/index.php?rest_route=%2Fwp%2Fv2%2Fcomments&post=217656"}],"version-history":[{"count":0,"href":"https:\/\/diariodominicano.com\/index.php?rest_route=\/wp\/v2\/posts\/217656\/revisions"}],"wp:attachment":[{"href":"https:\/\/diariodominicano.com\/index.php?rest_route=%2Fwp%2Fv2%2Fmedia&parent=217656"}],"wp:term":[{"taxonomy":"category","embeddable":true,"href":"https:\/\/diariodominicano.com\/index.php?rest_route=%2Fwp%2Fv2%2Fcategories&post=217656"},{"taxonomy":"post_tag","embeddable":true,"href":"https:\/\/diariodominicano.com\/index.php?rest_route=%2Fwp%2Fv2%2Ftags&post=217656"}],"curies":[{"name":"wp","href":"https:\/\/api.w.org\/{rel}","templated":true}]}}