{"id":217655,"date":"2016-08-29T12:17:16","date_gmt":"2016-08-29T12:17:16","guid":{"rendered":"http:\/\/diariodominicano.ddns.net\/?p=217655"},"modified":"2016-08-29T12:17:16","modified_gmt":"2016-08-29T12:17:16","slug":"camara-de-comercio-apoya-operativo-de-limpieza-en-san-cristobal","status":"publish","type":"post","link":"https:\/\/diariodominicano.com\/?p=217655","title":{"rendered":"C\u00e1mara de Comercio apoya operativo de limpieza en San Crist\u00f3bal"},"content":{"rendered":"<p><body><\/p>\n<p><img decoding=\"async\" src=\"img3\/camara 29-8.jpg\" \/>  <\/p>\n<p><span class=\"text1noticias\">San Crist\u00f3bal, R. D., 29 de agosto.- La C\u00e1mara de Comercio y Producci\u00f3n de San Crist\u00f3bal manifest\u00f3 este lunes su apoyo al gran operativo de limpieza que realizan las nuevas autoridades municipales.<\/span><\/p>\n<p><span class=\"text1noticias\"> <\/span><\/p>\n<p><span class=\"text1noticias\">Asimismo, Emmanuel Junior Dionicio, presidente de la entidad, se mostr\u00f3 de acuerdo en aplicar la ley para someter a la justicia a toda aquella persona que lance basura y desperdicios s\u00f3lidos en la v\u00eda p\u00fablica.<\/span><\/p>\n<p><span class=\"text1noticias\"> <\/span><\/p>\n<p><span class=\"text1noticias\">Dionicio explic\u00f3 que los comerciantes y empresarios se unen a la amplia jornada de limpieza que dejar\u00e1 a San Crist\u00f3bal libre de basura y desechos s\u00f3lidos.<\/span><\/p>\n<p><span class=\"text1noticias\"> <\/span><\/p>\n<p><span class=\"text1noticias\">\u00abDamos nuestro apoyo irrestricto al alcalde Nelson Guill\u00e9n, no solo como empresario sino como mun\u00edcipe, porque es tiempo ya que esta ciudad florezca y recobre su esplendor\u00bb, indic\u00f3 el dirigente empresarial y comercial.<\/span><\/p>\n<p><span class=\"text1noticias\"> <\/span><\/p>\n<p><span class=\"text1noticias\">Sobre la Ley 120-99 que prohibe tirar desperdicios s\u00f3lidos en las calles, Emmanuel Junior Dionicio dijo que es tiempo de aplicarla. \u00abEstamos totalmente de acuerdo de someter a todo aquel que sea sorprendido lanzando basura en las calles\u00bb.<\/span><\/p>\n<p><span class=\"text1noticias\"> <\/span><\/p>\n<p><span class=\"text1noticias\">En ese sentido, Dionicio dijo que se deben endurecer las sanciones para quienes tiren basura en la v\u00eda p\u00fablica.<\/span><\/p>\n<p><span class=\"text1noticias\"> <\/span><\/p>\n<p><span class=\"text1noticias\">\u00abDamos nuestro espaldarazo al alcalde Nelson Guill\u00e9n en este operativo, nos unimos al esfuerzo del Ayuntamiento de San Crist\u00f3bal para erradicar de las calles, avenidas, barrios y sectores todos los vertederos improvisados y reiteramos apoyar el sometimiento a la justifica de quien lance basura en la v\u00eda p\u00fablica\u00bb, manifest\u00f3 Dionicio.<\/span><\/p>\n<p><span class=\"text1noticias\"> <\/span><\/p>\n<p><span class=\"text1noticias\">Termin\u00f3 diciendo que es necesario mantener la armon\u00eda entre la municipalidad y su ambiente e impedir las situaciones que perjudican la calidad de los recursos natu<\/span>rales.<\/p>\n<h6> 2016-08-29 12:17:16 <\/h6>\n<p><!--\n<link rel=\"stylesheet\" href=\"css\/bootstrap.min.css\">\n\n\n<ul class=\"pagination\">\n\t    \n\t\n\n<li >\n\t<a href='?page_no=12154'>Previous<\/a>\n\t<\/li>\n\n\n       \n    \n\n<li><a href='?page_no=1'>1<\/a><\/li>\n\n\n\n<li><a href='?page_no=2'>2<\/a><\/li>\n\n\n\n<li><a>...<\/a><\/li>\n\n\n\n<li><a href='?page_no=12153'>12153<\/a><\/li>\n\n\n\n<li><a href='?page_no=12154'>12154<\/a><\/li>\n\n\n\n<li class='active'><a>12155<\/a><\/li>\n\n\n\n<li><a href='?page_no=12156'>12156<\/a><\/li>\n\n\n\n<li><a href='?page_no=12157'>12157<\/a><\/li>\n\n\n\n<li><a>...<\/a><\/li>\n\n\n\n<li><a href='?page_no=56169'>56169<\/a><\/li>\n\n\n\n<li><a href='?page_no=56170'>56170<\/a><\/li>\n\n    \n\t\n\n<li >\n\t<a href='?page_no=12156'>Next<\/a>\n\t<\/li>\n\n\n    \n\n<li><a href='?page_no=56170'>Last &rsaquo;&rsaquo;<\/a><\/li>\n\n<\/ul>\n\n\n--><br \/>\n<\/body><\/p>\n","protected":false},"excerpt":{"rendered":"<p>San Crist\u00f3bal, R. D., 29 de agosto.- La C\u00e1mara de Comercio y Producci\u00f3n de San Crist\u00f3bal manifest\u00f3 este lunes su apoyo al gran operativo de limpieza que realizan las nuevas autoridades municipales. Asimismo, Emmanuel Junior Dionicio, presidente de la entidad, se mostr\u00f3 de acuerdo en aplicar la ley para someter a la justicia a toda [&hellip;]<\/p>\n","protected":false},"author":3,"featured_media":0,"comment_status":"open","ping_status":"open","sticky":false,"template":"","format":"standard","meta":{"footnotes":""},"categories":[20],"tags":[],"class_list":["post-217655","post","type-post","status-publish","format-standard","hentry","category-dominicana-hoy"],"_links":{"self":[{"href":"https:\/\/diariodominicano.com\/index.php?rest_route=\/wp\/v2\/posts\/217655","targetHints":{"allow":["GET"]}}],"collection":[{"href":"https:\/\/diariodominicano.com\/index.php?rest_route=\/wp\/v2\/posts"}],"about":[{"href":"https:\/\/diariodominicano.com\/index.php?rest_route=\/wp\/v2\/types\/post"}],"author":[{"embeddable":true,"href":"https:\/\/diariodominicano.com\/index.php?rest_route=\/wp\/v2\/users\/3"}],"replies":[{"embeddable":true,"href":"https:\/\/diariodominicano.com\/index.php?rest_route=%2Fwp%2Fv2%2Fcomments&post=217655"}],"version-history":[{"count":0,"href":"https:\/\/diariodominicano.com\/index.php?rest_route=\/wp\/v2\/posts\/217655\/revisions"}],"wp:attachment":[{"href":"https:\/\/diariodominicano.com\/index.php?rest_route=%2Fwp%2Fv2%2Fmedia&parent=217655"}],"wp:term":[{"taxonomy":"category","embeddable":true,"href":"https:\/\/diariodominicano.com\/index.php?rest_route=%2Fwp%2Fv2%2Fcategories&post=217655"},{"taxonomy":"post_tag","embeddable":true,"href":"https:\/\/diariodominicano.com\/index.php?rest_route=%2Fwp%2Fv2%2Ftags&post=217655"}],"curies":[{"name":"wp","href":"https:\/\/api.w.org\/{rel}","templated":true}]}}