{"id":217653,"date":"2016-08-29T14:43:40","date_gmt":"2016-08-29T14:43:40","guid":{"rendered":"http:\/\/diariodominicano.ddns.net\/?p=217653"},"modified":"2016-08-29T14:43:40","modified_gmt":"2016-08-29T14:43:40","slug":"coe-informa-pais-seguira-bajo-la-incidencia-de-vaguada-por-lo-que-las-lluvias-continuaran","status":"publish","type":"post","link":"https:\/\/diariodominicano.com\/?p=217653","title":{"rendered":"&#13;&#13;COE  informa pa\u00eds seguir\u00e1 bajo la incidencia de vaguada por lo que las lluvias continuar\u00e1n.&#13;"},"content":{"rendered":"<p><body><\/p>\n<\/p>\n<p>Santo Domingo, RD, 29 de agosto.- El Centro de Operaciones de Emergencias inform\u00f3 que la Rep\u00fablica Dominicana seguir\u00e1 bajo la incidencia de una vaguada en altura localizada al noreste del pa\u00eds y la humedad aportada por el viento predominante del sureste, por lo  que persistir\u00e1n los aguaceros, tormentas el\u00e9ctricas y aisladas r\u00e1fagas de viento, especialmente en la tarde y primeras horas de la noche hacia las regiones noreste, sureste, cordillera Central y zona fronteriza.     <\/p>\n<\/p>\n<p>Para este martes, se espera una disminuci\u00f3n en la intensidad y frecuencia de los aguaceros con tormentas el\u00e9ctricas, sin embargo, la vaguada mencionada anteriormente  se ubicar\u00e1 al norte de nuestro territorio, y en combinaci\u00f3n con el viento del sureste y los efectos locales (calentamiento diurno y orogr\u00e1fico) podr\u00eda generar en la tarde chubascos dispersos con tronadas, principalmente hacia la regi\u00f3n sureste, cordillera Central y zona fronteriza.<\/p>\n<\/p>\n<p> El COE dijo que por esa situaci\u00f3n mantiene   Alerta amarilla para tres provincias y verde para otras seis por posibles inundaciones repentinas urbanas y rurales, crecidas de r\u00edos, arroyos  y ca\u00f1adas, as\u00ed como deslizamientos de tierra.<\/p>\n<p>Las provincias con alerta amarilla son Azua, Santiago, y San Crist\u00f3bal (Villa Altagracia).<\/p>\n<\/p>\n<p>En tanto que en alerta verde est\u00e1n Monte Plata, Dajab\u00f3n, Espaillat, El Gran Santo Domingo, Duarte, y La Altagracia  <\/p>\n<h6> 2016-08-29 14:43:40 <\/h6>\n<p><!--\n<link rel=\"stylesheet\" href=\"css\/bootstrap.min.css\">\n\n\n<ul class=\"pagination\">\n\t    \n\t\n\n<li >\n\t<a href='?page_no=12152'>Previous<\/a>\n\t<\/li>\n\n\n       \n    \n\n<li><a href='?page_no=1'>1<\/a><\/li>\n\n\n\n<li><a href='?page_no=2'>2<\/a><\/li>\n\n\n\n<li><a>...<\/a><\/li>\n\n\n\n<li><a href='?page_no=12151'>12151<\/a><\/li>\n\n\n\n<li><a href='?page_no=12152'>12152<\/a><\/li>\n\n\n\n<li class='active'><a>12153<\/a><\/li>\n\n\n\n<li><a href='?page_no=12154'>12154<\/a><\/li>\n\n\n\n<li><a href='?page_no=12155'>12155<\/a><\/li>\n\n\n\n<li><a>...<\/a><\/li>\n\n\n\n<li><a href='?page_no=56169'>56169<\/a><\/li>\n\n\n\n<li><a href='?page_no=56170'>56170<\/a><\/li>\n\n    \n\t\n\n<li >\n\t<a href='?page_no=12154'>Next<\/a>\n\t<\/li>\n\n\n    \n\n<li><a href='?page_no=56170'>Last &rsaquo;&rsaquo;<\/a><\/li>\n\n<\/ul>\n\n\n--><br \/>\n<\/body><\/p>\n","protected":false},"excerpt":{"rendered":"<p>Santo Domingo, RD, 29 de agosto.- El Centro de Operaciones de Emergencias inform\u00f3 que la Rep\u00fablica Dominicana seguir\u00e1 bajo la incidencia de una vaguada en altura localizada al noreste del pa\u00eds y la humedad aportada por el viento predominante del sureste, por lo que persistir\u00e1n los aguaceros, tormentas el\u00e9ctricas y aisladas r\u00e1fagas de viento, especialmente [&hellip;]<\/p>\n","protected":false},"author":3,"featured_media":0,"comment_status":"open","ping_status":"open","sticky":false,"template":"","format":"standard","meta":{"footnotes":""},"categories":[20],"tags":[],"class_list":["post-217653","post","type-post","status-publish","format-standard","hentry","category-dominicana-hoy"],"_links":{"self":[{"href":"https:\/\/diariodominicano.com\/index.php?rest_route=\/wp\/v2\/posts\/217653","targetHints":{"allow":["GET"]}}],"collection":[{"href":"https:\/\/diariodominicano.com\/index.php?rest_route=\/wp\/v2\/posts"}],"about":[{"href":"https:\/\/diariodominicano.com\/index.php?rest_route=\/wp\/v2\/types\/post"}],"author":[{"embeddable":true,"href":"https:\/\/diariodominicano.com\/index.php?rest_route=\/wp\/v2\/users\/3"}],"replies":[{"embeddable":true,"href":"https:\/\/diariodominicano.com\/index.php?rest_route=%2Fwp%2Fv2%2Fcomments&post=217653"}],"version-history":[{"count":0,"href":"https:\/\/diariodominicano.com\/index.php?rest_route=\/wp\/v2\/posts\/217653\/revisions"}],"wp:attachment":[{"href":"https:\/\/diariodominicano.com\/index.php?rest_route=%2Fwp%2Fv2%2Fmedia&parent=217653"}],"wp:term":[{"taxonomy":"category","embeddable":true,"href":"https:\/\/diariodominicano.com\/index.php?rest_route=%2Fwp%2Fv2%2Fcategories&post=217653"},{"taxonomy":"post_tag","embeddable":true,"href":"https:\/\/diariodominicano.com\/index.php?rest_route=%2Fwp%2Fv2%2Ftags&post=217653"}],"curies":[{"name":"wp","href":"https:\/\/api.w.org\/{rel}","templated":true}]}}