{"id":217652,"date":"2016-08-29T14:54:09","date_gmt":"2016-08-29T14:54:09","guid":{"rendered":"http:\/\/diariodominicano.ddns.net\/?p=217652"},"modified":"2016-08-29T14:54:09","modified_gmt":"2016-08-29T14:54:09","slug":"camara-de-comercio-apoya-sometan-a-la-justicia-a-los-que-lancen-basura-a-las-calles","status":"publish","type":"post","link":"https:\/\/diariodominicano.com\/?p=217652","title":{"rendered":"C\u00e1mara de Comercio apoya sometan a la justicia a los que lancen basura a las calles"},"content":{"rendered":"<p><body><\/p>\n<p><img decoding=\"async\" src=\"img3\/Dionisio.jpg\" \/>  <\/p>\n<\/p>\n<p><span class=\"text1noticias\">Jos\u00e9 Thomas<\/span><\/p>\n<\/p>\n<p><span class=\"text1noticias\">San Crist\u00f3bal, RD, 29 de agosto, &#8211; El presidente de la C\u00e1mara de Comercio y Producci\u00f3n de aqu\u00ed, Enmanuel Dionisio Ram\u00edrez, anunci\u00f3 su apoyo al alcalde Nelson Guill\u00e9n, para que sea sometido a la justicia todo el que sea sorprendido lanzando desperdicios a las calles.<\/span><\/p>\n<\/p>\n<p><span class=\"text1noticias\">Dionisio Ram\u00edrez dijo que el plan de limpieza que lleva a cabo la alcald\u00eda municipal debe ser apoyado y que por lo tanto todos los ciudadanos, sin importar sus ideas pol\u00edticas y religiosas, deben integrarse a esta campa\u00f1a de higienizaci\u00f3n de los barrios.<\/span><\/p>\n<\/p>\n<p><span class=\"text1noticias\">El alcalde Nelson Guill\u00e9n anunci\u00f3 durante una reuni\u00f3n que sostuvo con m\u00e1s de 30 directivos de juntas de vecinos, que ser\u00e1n sometidas a la justicia todas las personas que sean sorprendidas colocando desperdicios en la v\u00eda p\u00fablica, para lo cual pidi\u00f3 su colaboraci\u00f3n.<\/span><\/p>\n<\/p>\n<p><span class=\"text1noticias\">Expres\u00f3 que para evitar vertederos en las esquinas y en diferentes barrios de esta ciudad, se ha integrado una flotilla de camiones y de brigadas de obreros que recorrer\u00e1n todos los barrios y sectores diariamente para recoger la basura.<\/span><\/p>\n<\/p>\n<p><span class=\"text1noticias\"> Recientemente la C\u00e1mara de Comercio y Producci\u00f3n de aqu\u00ed, entreg\u00f3 una gran cantidad de utensilios de limpieza al cabildo local para que sean utilizados en el retiro de los desechos s\u00f3lidos de las calles de los distintos sectores de la ciudad.<\/span><\/p>\n<h6> 2016-08-29 14:54:09 <\/h6>\n<p><!--\n<link rel=\"stylesheet\" href=\"css\/bootstrap.min.css\">\n\n\n<ul class=\"pagination\">\n\t    \n\t\n\n<li >\n\t<a href='?page_no=12151'>Previous<\/a>\n\t<\/li>\n\n\n       \n    \n\n<li><a href='?page_no=1'>1<\/a><\/li>\n\n\n\n<li><a href='?page_no=2'>2<\/a><\/li>\n\n\n\n<li><a>...<\/a><\/li>\n\n\n\n<li><a href='?page_no=12150'>12150<\/a><\/li>\n\n\n\n<li><a href='?page_no=12151'>12151<\/a><\/li>\n\n\n\n<li class='active'><a>12152<\/a><\/li>\n\n\n\n<li><a href='?page_no=12153'>12153<\/a><\/li>\n\n\n\n<li><a href='?page_no=12154'>12154<\/a><\/li>\n\n\n\n<li><a>...<\/a><\/li>\n\n\n\n<li><a href='?page_no=56169'>56169<\/a><\/li>\n\n\n\n<li><a href='?page_no=56170'>56170<\/a><\/li>\n\n    \n\t\n\n<li >\n\t<a href='?page_no=12153'>Next<\/a>\n\t<\/li>\n\n\n    \n\n<li><a href='?page_no=56170'>Last &rsaquo;&rsaquo;<\/a><\/li>\n\n<\/ul>\n\n\n--><br \/>\n<\/body><\/p>\n","protected":false},"excerpt":{"rendered":"<p>Jos\u00e9 Thomas San Crist\u00f3bal, RD, 29 de agosto, &#8211; El presidente de la C\u00e1mara de Comercio y Producci\u00f3n de aqu\u00ed, Enmanuel Dionisio Ram\u00edrez, anunci\u00f3 su apoyo al alcalde Nelson Guill\u00e9n, para que sea sometido a la justicia todo el que sea sorprendido lanzando desperdicios a las calles. Dionisio Ram\u00edrez dijo que el plan de limpieza [&hellip;]<\/p>\n","protected":false},"author":3,"featured_media":0,"comment_status":"open","ping_status":"open","sticky":false,"template":"","format":"standard","meta":{"footnotes":""},"categories":[20],"tags":[],"class_list":["post-217652","post","type-post","status-publish","format-standard","hentry","category-dominicana-hoy"],"_links":{"self":[{"href":"https:\/\/diariodominicano.com\/index.php?rest_route=\/wp\/v2\/posts\/217652","targetHints":{"allow":["GET"]}}],"collection":[{"href":"https:\/\/diariodominicano.com\/index.php?rest_route=\/wp\/v2\/posts"}],"about":[{"href":"https:\/\/diariodominicano.com\/index.php?rest_route=\/wp\/v2\/types\/post"}],"author":[{"embeddable":true,"href":"https:\/\/diariodominicano.com\/index.php?rest_route=\/wp\/v2\/users\/3"}],"replies":[{"embeddable":true,"href":"https:\/\/diariodominicano.com\/index.php?rest_route=%2Fwp%2Fv2%2Fcomments&post=217652"}],"version-history":[{"count":0,"href":"https:\/\/diariodominicano.com\/index.php?rest_route=\/wp\/v2\/posts\/217652\/revisions"}],"wp:attachment":[{"href":"https:\/\/diariodominicano.com\/index.php?rest_route=%2Fwp%2Fv2%2Fmedia&parent=217652"}],"wp:term":[{"taxonomy":"category","embeddable":true,"href":"https:\/\/diariodominicano.com\/index.php?rest_route=%2Fwp%2Fv2%2Fcategories&post=217652"},{"taxonomy":"post_tag","embeddable":true,"href":"https:\/\/diariodominicano.com\/index.php?rest_route=%2Fwp%2Fv2%2Ftags&post=217652"}],"curies":[{"name":"wp","href":"https:\/\/api.w.org\/{rel}","templated":true}]}}