{"id":217651,"date":"2016-08-29T15:43:20","date_gmt":"2016-08-29T15:43:20","guid":{"rendered":"http:\/\/diariodominicano.ddns.net\/?p=217651"},"modified":"2016-08-29T15:43:20","modified_gmt":"2016-08-29T15:43:20","slug":"peralta-afirma-que-desde-la-presidencia-de-la-republica-se-predica-con-el-ejemplo-en-transparencia","status":"publish","type":"post","link":"https:\/\/diariodominicano.com\/?p=217651","title":{"rendered":"Peralta afirma que desde la Presidencia de la Rep\u00fablica se predica con el ejemplo en transparencia&#13;"},"content":{"rendered":"<p><body><\/p>\n<p><img decoding=\"async\" src=\"http:\/\/10.0.0.82:8080\/img3\/Jos%C3%83%C2%A9-Ram%C3%83%C2%B3n-Peralta1.jpg\" \/>  <\/p>\n<\/p>\n<p>Santo Domingo, RD, 29 de agosto.- El ministro Administrativo de la Presidencia, Jos\u00e9 Ram\u00f3n Peralta, afirm\u00f3 este lunes que el presidente Danilo Medina se propone reforzar a\u00fan los niveles de transparencia en el Gobierno, por lo que pr\u00f3ximamente estar\u00e1 anunciando algunas medidas en ese sentido.<\/p>\n<\/p>\n<p>Sostuvo que desde el propio Palacio Nacional se est\u00e1 predicando con el ejemplo, al punto que los ministerios Administrativo y de la Presidencia est\u00e1n colocados dentro de los diez primeros lugares en materia de transparencia.<\/p>\n<\/p>\n<p>Dijo que es inter\u00e9s supremo del presidente Medina que la transparencia juegue un rol de primer orden en todas las dependencias p\u00fablicas durante el actual per\u00edodo gubernamental.<\/p>\n<\/p>\n<p>El funcionario emiti\u00f3 esas consideraciones al responder preguntas de periodistas, previo a su participaci\u00f3n en una reuni\u00f3n de seguimiento a los planes que se ejecutan en el sector educaci\u00f3n vinculados a las metas presidenciales. Las autoridades pasaron revista al estado de las construcciones de escuelas en todo el pa\u00eds y de los solares que han sido adquiridos para hacer las edificaciones requeridas en esa \u00e1rea; y adem\u00e1s de Peralta estuvieron los ministros de Educaci\u00f3n, Andr\u00e9s Navarro y  de Hacienda, Donald Guerrero.<\/p>\n<\/p>\n<p>Peralta refiri\u00f3 el caso del Ministerio Administrativo de la Presidencia, bajo su cargo, que con las medidas que ha adoptado, desde que lo asumi\u00f3, se ha colocado en el octavo lugar en materia de transparencia, contrario al puesto 82 como figuraba.<\/p>\n<\/p>\n<\/p>\n<p>Indudablemente que la transparencia constituye el norte de esta gesti\u00f3n del Presidente Medina, agreg\u00f3, por lo que todos sus funcionarios debemos caminar en esa direcci\u00f3n.<\/p>\n<\/p>\n<p>Precis\u00f3 que por esa raz\u00f3n, en el momento de dejar posesionados a nuevos funcionarios, les exhort\u00f3 a cumplir con las metas de transparencia, eficacia y cercan\u00eda en el servicio a la gente.<\/p>\n<\/p>\n<p>Sostuvo que hay que seguir las l\u00edneas de acci\u00f3n establecida por el presidente Medina en su discurso del 16 de agosto donde el mandatario estableci\u00f3 como nuevo lema de su gobierno \u00abtrabajar con la gente y para la gente\u00bb.<\/p>\n<h6> 2016-08-29 15:43:20 <\/h6>\n<p><!--\n<link rel=\"stylesheet\" href=\"css\/bootstrap.min.css\">\n\n\n<ul class=\"pagination\">\n\t    \n\t\n\n<li >\n\t<a href='?page_no=12150'>Previous<\/a>\n\t<\/li>\n\n\n       \n    \n\n<li><a href='?page_no=1'>1<\/a><\/li>\n\n\n\n<li><a href='?page_no=2'>2<\/a><\/li>\n\n\n\n<li><a>...<\/a><\/li>\n\n\n\n<li><a href='?page_no=12149'>12149<\/a><\/li>\n\n\n\n<li><a href='?page_no=12150'>12150<\/a><\/li>\n\n\n\n<li class='active'><a>12151<\/a><\/li>\n\n\n\n<li><a href='?page_no=12152'>12152<\/a><\/li>\n\n\n\n<li><a href='?page_no=12153'>12153<\/a><\/li>\n\n\n\n<li><a>...<\/a><\/li>\n\n\n\n<li><a href='?page_no=56169'>56169<\/a><\/li>\n\n\n\n<li><a href='?page_no=56170'>56170<\/a><\/li>\n\n    \n\t\n\n<li >\n\t<a href='?page_no=12152'>Next<\/a>\n\t<\/li>\n\n\n    \n\n<li><a href='?page_no=56170'>Last &rsaquo;&rsaquo;<\/a><\/li>\n\n<\/ul>\n\n\n--><br \/>\n<\/body><\/p>\n","protected":false},"excerpt":{"rendered":"<p>Santo Domingo, RD, 29 de agosto.- El ministro Administrativo de la Presidencia, Jos\u00e9 Ram\u00f3n Peralta, afirm\u00f3 este lunes que el presidente Danilo Medina se propone reforzar a\u00fan los niveles de transparencia en el Gobierno, por lo que pr\u00f3ximamente estar\u00e1 anunciando algunas medidas en ese sentido. Sostuvo que desde el propio Palacio Nacional se est\u00e1 predicando [&hellip;]<\/p>\n","protected":false},"author":3,"featured_media":0,"comment_status":"open","ping_status":"open","sticky":false,"template":"","format":"standard","meta":{"footnotes":""},"categories":[20],"tags":[],"class_list":["post-217651","post","type-post","status-publish","format-standard","hentry","category-dominicana-hoy"],"_links":{"self":[{"href":"https:\/\/diariodominicano.com\/index.php?rest_route=\/wp\/v2\/posts\/217651","targetHints":{"allow":["GET"]}}],"collection":[{"href":"https:\/\/diariodominicano.com\/index.php?rest_route=\/wp\/v2\/posts"}],"about":[{"href":"https:\/\/diariodominicano.com\/index.php?rest_route=\/wp\/v2\/types\/post"}],"author":[{"embeddable":true,"href":"https:\/\/diariodominicano.com\/index.php?rest_route=\/wp\/v2\/users\/3"}],"replies":[{"embeddable":true,"href":"https:\/\/diariodominicano.com\/index.php?rest_route=%2Fwp%2Fv2%2Fcomments&post=217651"}],"version-history":[{"count":0,"href":"https:\/\/diariodominicano.com\/index.php?rest_route=\/wp\/v2\/posts\/217651\/revisions"}],"wp:attachment":[{"href":"https:\/\/diariodominicano.com\/index.php?rest_route=%2Fwp%2Fv2%2Fmedia&parent=217651"}],"wp:term":[{"taxonomy":"category","embeddable":true,"href":"https:\/\/diariodominicano.com\/index.php?rest_route=%2Fwp%2Fv2%2Fcategories&post=217651"},{"taxonomy":"post_tag","embeddable":true,"href":"https:\/\/diariodominicano.com\/index.php?rest_route=%2Fwp%2Fv2%2Ftags&post=217651"}],"curies":[{"name":"wp","href":"https:\/\/api.w.org\/{rel}","templated":true}]}}