{"id":217650,"date":"2016-08-29T15:56:46","date_gmt":"2016-08-29T15:56:46","guid":{"rendered":"http:\/\/diariodominicano.ddns.net\/?p=217650"},"modified":"2016-08-29T15:56:46","modified_gmt":"2016-08-29T15:56:46","slug":"golpe-resultara-en-eleccion-indirecta-de-gobierno-usurpador-dilma","status":"publish","type":"post","link":"https:\/\/diariodominicano.com\/?p=217650","title":{"rendered":"Golpe resultar\u00e1 en elecci\u00f3n indirecta de gobierno usurpador: Dilma"},"content":{"rendered":"<p><body><\/p>\n<p><img decoding=\"async\" src=\"img3\/dilma1.jpg\" \/>  <\/p>\n<p> Brasilia, 29 ago (PL) Estamos a un paso de la concretizaci\u00f3n de un verdadero golpe de estado que resultar\u00e1 en la elecci\u00f3n indirecta de un gobierno usurpador, advirti\u00f3 hoy ante el Senado Federal de Brasil la apartada presidenta Dilma Rousseff. (PLRadio)<\/p>\n<\/p>\n<p>Al asumir su autodefensa en el juicio pol\u00edtico que enfrenta por presunta violaci\u00f3n de la Ley de Responsabilidad Fiscal, Rousseff insisti\u00f3 en que el pa\u00eds est\u00e1 al borde de la consumaci\u00f3n de una grave ruptura institucional, pues el proceso de impeachment a que es sometida &#8216;no es leg\u00edtimo&#8217;.<\/p>\n<\/p>\n<p>Dilma subray\u00f3 que las pruebas producidas a lo largo del proceso dejan claro e incontestable el hecho que las acusaciones lanzadas contra ella son meros pretextos sustentados por una fr\u00e1gil ret\u00f3rica jur\u00eddica.<\/p>\n<\/p>\n<p>&#8216;Son pretextos para viabilizar un golpe a la Constituci\u00f3n. Un golpe que, de consumarse, resultar\u00e1 en una elecci\u00f3n indirecta de un gobierno usurpador&#8217;, remarc\u00f3.<\/p>\n<\/p>\n<p>La separada jefa de Estado record\u00f3 que en los \u00faltimos tiempos las asonadas militares fueron reemplazadas por golpes parlamentarios sobre los cuales -dijo- existe una profusa literatura. Ahora, la ruptura democr\u00e1tica se da por medio de la violencia moral y de pretextos constitucionales para dar apariencia de legitimidad a un gobierno que asume sin el amparo de las urnas, dijo y a\u00f1adi\u00f3 que se invoca la Constituci\u00f3n &#8216;para que el mundo de las apariencias encubra hip\u00f3critamente el mundo de los hechos&#8217;.<\/p>\n<\/p>\n<p>Reafirm\u00f3 tambi\u00e9n que no cometi\u00f3 ning\u00fan delito de responsabilidad, por lo cual -dijo- es acusada injusta y arbitrariamente, y afirm\u00f3 que sent\u00eda nuevamente en la boca &#8216;el gusto \u00e1spero y amargo de la injusticia y el arbitrio&#8217;.<\/p>\n<\/p>\n<p>Tambi\u00e9n asegur\u00f3 que no luchaba por su mandato o por apego al poder, sino por la democracia, la verdad, la justicia y por el bienestar del pueblo, e insisti\u00f3 en que tiene la conciencia tranquila por el modo en que ejerci\u00f3 la Presidencia de la Rep\u00fablica.<\/p>\n<\/p>\n<p>Lo que est\u00e9 en juego aqu\u00ed, subray\u00f3, es el respeto a las urnas, a la voluntad soberana del pueblo y la Constituci\u00f3n; las conquistas sociales alcanzadas en los \u00faltimos 13 a\u00f1os; la inserci\u00f3n soberana del pa\u00eds en el escenario internacional; la autoestima de los brasile\u00f1os y la defensa de los recursos naturales del pa\u00eds y su futuro.<\/p>\n<\/p>\n<p>Rousseff rememor\u00f3 que los resultados de las elecciones presidenciales de 2014 constituyeron un duro golpe para la \u00e9lite conservadora brasile\u00f1a, que hizo todo los posible por impedir, primero, que tomara posesi\u00f3n del cargo y luego para impedirle gobernar.<\/p>\n<\/p>\n<p>Quer\u00edan el poder a cualquier precio y lucharon con todos los medios para desestabilizar y desgastar mi gobierno y por hacer valer la tesis de &#8216;cuanto peor, mejor&#8217;, enfatiz\u00f3.<\/p>\n<\/p>\n<p>Refiri\u00e9ndose al proceso de impeachment, se\u00f1al\u00f3 que \u00e9ste fue abierto por chantaje expl\u00edcito del expresidente de la C\u00e1mara de Diputados Eduardo Cunha y ha estado marcado, de principio a fin, por un clamoroso desv\u00edo de poder.<\/p>\n<\/p>\n<p>No hay respeto al debido proceso legal cuando los juzgadores (senadores) proclaman ante los medios que la condena ser\u00e1 solo cuesti\u00f3n de tiempo, sostuvo Dilma y apunt\u00f3 que jam\u00e1s habr\u00e1 justicia en su condena, porque no cometi\u00f3 los delitos que le impugna una &#8216;denuncia injusta y fr\u00e1gil&#8217;.<\/p>\n<\/p>\n<p>La separada mandataria inst\u00f3 adem\u00e1s a los senadores a no aceptar un golpe que en vez de solucionarla, agravar\u00e1 la crisis (pol\u00edtica y econ\u00f3mica) brasile\u00f1a.<\/p>\n<\/p>\n<p>Voten contra el impeachment; voten por la democracia, concluy\u00f3.<\/p>\n<h6> 2016-08-29 15:56:46 <\/h6>\n<p><!--\n<link rel=\"stylesheet\" href=\"css\/bootstrap.min.css\">\n\n\n<ul class=\"pagination\">\n\t    \n\t\n\n<li >\n\t<a href='?page_no=12149'>Previous<\/a>\n\t<\/li>\n\n\n       \n    \n\n<li><a href='?page_no=1'>1<\/a><\/li>\n\n\n\n<li><a href='?page_no=2'>2<\/a><\/li>\n\n\n\n<li><a>...<\/a><\/li>\n\n\n\n<li><a href='?page_no=12148'>12148<\/a><\/li>\n\n\n\n<li><a href='?page_no=12149'>12149<\/a><\/li>\n\n\n\n<li class='active'><a>12150<\/a><\/li>\n\n\n\n<li><a href='?page_no=12151'>12151<\/a><\/li>\n\n\n\n<li><a href='?page_no=12152'>12152<\/a><\/li>\n\n\n\n<li><a>...<\/a><\/li>\n\n\n\n<li><a href='?page_no=56169'>56169<\/a><\/li>\n\n\n\n<li><a href='?page_no=56170'>56170<\/a><\/li>\n\n    \n\t\n\n<li >\n\t<a href='?page_no=12151'>Next<\/a>\n\t<\/li>\n\n\n    \n\n<li><a href='?page_no=56170'>Last &rsaquo;&rsaquo;<\/a><\/li>\n\n<\/ul>\n\n\n--><br \/>\n<\/body><\/p>\n","protected":false},"excerpt":{"rendered":"<p>Brasilia, 29 ago (PL) Estamos a un paso de la concretizaci\u00f3n de un verdadero golpe de estado que resultar\u00e1 en la elecci\u00f3n indirecta de un gobierno usurpador, advirti\u00f3 hoy ante el Senado Federal de Brasil la apartada presidenta Dilma Rousseff. (PLRadio) Al asumir su autodefensa en el juicio pol\u00edtico que enfrenta por presunta violaci\u00f3n de [&hellip;]<\/p>\n","protected":false},"author":3,"featured_media":0,"comment_status":"open","ping_status":"open","sticky":false,"template":"","format":"standard","meta":{"footnotes":""},"categories":[20],"tags":[],"class_list":["post-217650","post","type-post","status-publish","format-standard","hentry","category-dominicana-hoy"],"_links":{"self":[{"href":"https:\/\/diariodominicano.com\/index.php?rest_route=\/wp\/v2\/posts\/217650","targetHints":{"allow":["GET"]}}],"collection":[{"href":"https:\/\/diariodominicano.com\/index.php?rest_route=\/wp\/v2\/posts"}],"about":[{"href":"https:\/\/diariodominicano.com\/index.php?rest_route=\/wp\/v2\/types\/post"}],"author":[{"embeddable":true,"href":"https:\/\/diariodominicano.com\/index.php?rest_route=\/wp\/v2\/users\/3"}],"replies":[{"embeddable":true,"href":"https:\/\/diariodominicano.com\/index.php?rest_route=%2Fwp%2Fv2%2Fcomments&post=217650"}],"version-history":[{"count":0,"href":"https:\/\/diariodominicano.com\/index.php?rest_route=\/wp\/v2\/posts\/217650\/revisions"}],"wp:attachment":[{"href":"https:\/\/diariodominicano.com\/index.php?rest_route=%2Fwp%2Fv2%2Fmedia&parent=217650"}],"wp:term":[{"taxonomy":"category","embeddable":true,"href":"https:\/\/diariodominicano.com\/index.php?rest_route=%2Fwp%2Fv2%2Fcategories&post=217650"},{"taxonomy":"post_tag","embeddable":true,"href":"https:\/\/diariodominicano.com\/index.php?rest_route=%2Fwp%2Fv2%2Ftags&post=217650"}],"curies":[{"name":"wp","href":"https:\/\/api.w.org\/{rel}","templated":true}]}}