{"id":217648,"date":"2016-08-30T09:06:35","date_gmt":"2016-08-30T09:06:35","guid":{"rendered":"http:\/\/diariodominicano.ddns.net\/?p=217648"},"modified":"2016-08-30T09:06:35","modified_gmt":"2016-08-30T09:06:35","slug":"map-ampliara-cooperacion-a-lmd-para-mejorar-ayuntamientos","status":"publish","type":"post","link":"https:\/\/diariodominicano.com\/?p=217648","title":{"rendered":"MAP ampliar\u00e1 cooperaci\u00f3n a LMD para mejorar Ayuntamientos"},"content":{"rendered":"<p><body><\/p>\n<p><img decoding=\"async\" src=\"img3\/comejo 30-8.jpg\" \/>  <\/p>\n<p><span class=\"text1noticias\">Santo Domingo, R. D., 30 de agosto.- El Ministerio de Administraci\u00f3n P\u00fablica (MAP) ampliar\u00e1 la colaboraci\u00f3n que presta a favor de la Liga Municipal Dominicana (LMD), para la mejorar y fortalecer el proceso de gesti\u00f3n de los Ayuntamientos en todo el pa\u00eds.<\/span><\/p>\n<p><span class=\"text1noticias\"> <\/span><\/p>\n<p><span class=\"text1noticias\">El ministro del MAP, Ram\u00f3n Ventura Camejo, y el titular de la LMD, Jones Johnny Jones, se reunieron para discutir las estrategias del proyecto.<\/span><\/p>\n<p><span class=\"text1noticias\"> <\/span><\/p>\n<p><span class=\"text1noticias\">Ventura Camejo record\u00f3 que existe un convenio vigente entre el MAP y la LMD. Este ser\u00e1  ampliado y actualizado.  Dijo que se le adicionar\u00edan otros aspectos referentes a la estructura organizativa de la LMD y la implementaci\u00f3n de sus planes estrat\u00e9gicos, las cuales son herramientas importantes<\/span><\/p>\n<p><span class=\"text1noticias\"> <\/span><\/p>\n<p><span class=\"text1noticias\">\u00abHoy, uno encuentra, a\u00fan en Europa, como es el caso de Espa\u00f1a, y otras partes de Iberoam\u00e9rica, que la palabra clave es innovaci\u00f3n\u00bb, precis\u00f3.<\/span><\/p>\n<p><span class=\"text1noticias\"> <\/span><\/p>\n<p><span class=\"text1noticias\">El funcionario manifest\u00f3 que  hay que innovar, porque el ciudadano no est\u00e1 conforme con el sector p\u00fablico, seg\u00fan lo informado por el periodista Lu\u00eds C\u00e9spedes Pe\u00f1a.<\/span><\/p>\n<p><span class=\"text1noticias\"> <\/span><\/p>\n<p><span class=\"text1noticias\"> \u00abEntonces, hay que cambiar y buscar nuevas maneras de hacer las cosas, de oportunidades y de dar un mejor servicio a los ciudadanos\u00bb, expres\u00f3.<\/span><\/p>\n<p><span class=\"text1noticias\"> <\/span><\/p>\n<p><span class=\"text1noticias\">Se\u00f1al\u00f3 que, a veces, algunos alcaldes municipales no entienden que son l\u00edderes y que pueden establecer acuerdos con distintos sectores sociales que los pueden ayudar, como est\u00e1 sucediendo con la difusi\u00f3n e implantaci\u00f3n de la cultura de los presupuestos participativos.<\/span><\/p>\n<p><span class=\"text1noticias\"> <\/span><\/p>\n<p><span class=\"text1noticias\">Por su parte, el ingeniero Johnny Jones manifest\u00f3: \u00abLo mejor que se ha podido inventar son los presupuestos participativos, porque se hace la obra por lo que piden las comunidades, que primero act\u00faan como veedores, luego se convierten en contraparte para la fiscalizaci\u00f3n y todo el tiempo constituyen aliados de los Ayuntamientos\u00bb.<\/span><\/p>\n<p><span class=\"text1noticias\"> <\/span><\/p>\n<p><span class=\"text1noticias\"> En los pr\u00f3ximos d\u00edas se realizar\u00e1 una reuni\u00f3n de expertos para hacer las coordinaciones de toda la formaci\u00f3n en la LMD y con las instancias que trabajan en pro del desarrollo municipal. Se inform\u00f3 que el Instituto de Capacitaci\u00f3n adscrito a la LMD, est\u00e1 en proceso de conformaci\u00f3n, y que al frente de ese organismo fue designado el regidor Juli\u00e1n Roa.<\/span><\/p>\n<p><span class=\"text1noticias\"> <\/span><\/p>\n<p><span class=\"text1noticias\">Ambos funcionarios destacaron que se debe establecer un plan consensuado para que esos esfuerzos sean conjuntos y no se dupliquen, sobre todo, contando con el auspicio de la Uni\u00f3n Europea, a trav\u00e9s de las acciones del Programa de Apoyo a la Sociedad Civil y las Autoridades Locales (PASCAL).<\/span><\/p>\n<p><span class=\"text1noticias\"> <\/span><\/p>\n<p><span class=\"text1noticias\">Jones dijo que la LMD est\u00e1 inmersa en un proceso de reforma que ser\u00eda institucionalizada con la modificaci\u00f3n y actualizaci\u00f3n de la Ley 176-07.<\/span><\/p>\n<p><span class=\"text1noticias\"> <\/span><\/p>\n<p><span class=\"text1noticias\">\u00abYo visualizo la LMD como un instituto de desarrollo, m\u00e1s que una LMD para aglutinar municipios, y que el Gobierno Central tenga mucho m\u00e1s control sobre la instituci\u00f3n, porque mientras exista un gerente all\u00ed, que est\u00e9 sujeto a una elecci\u00f3n de alcalde, siempre van a ser mediadas sus decisiones y van a estar sujetas al compromiso, y es as\u00ed que usted desvincula una instituci\u00f3n de lo pol\u00edtico y lo hace m\u00e1s gubernamental y eficiente\u00bb, explic\u00f3 el secretario general de la LMD.<\/span><\/p>\n<p><span class=\"text1noticias\"> <\/span><\/p>\n<p><span class=\"text1noticias\">Ventura Camejo tambi\u00e9n hizo referencia a la importancia de la innovaci\u00f3n y la utilizaci\u00f3n de la tecnolog\u00eda.<\/span><\/p>\n<p><span class=\"text1noticias\"> <\/span><\/p>\n<p><span class=\"text1noticias\"> \u00abEn el mundo se ha producido una revoluci\u00f3n tremenda, la preeminencia ahora son las tecnolog\u00edas de la informaci\u00f3n y la comunicaci\u00f3n, las cuales nos obligan a cambiar, porque eso impacta. La tecnolog\u00eda siempre ha sido factor de cambio, y los que brindamos servicios y productos, usamos esa tecnolog\u00eda para mejorar los procesos, lo cual no era posible con las pasadas estructuras\u00bb, concluy\u00f3 el titular del MAP.<\/span><\/p>\n<p><span class=\"text1noticias\"> <\/span><\/p>\n<p><span class=\"text1noticias\"> <\/span><\/p>\n<h6> 2016-08-30 09:06:35 <\/h6>\n<p><!--\n<link rel=\"stylesheet\" href=\"css\/bootstrap.min.css\">\n\n\n<ul class=\"pagination\">\n\t    \n\t\n\n<li >\n\t<a href='?page_no=12148'>Previous<\/a>\n\t<\/li>\n\n\n       \n    \n\n<li><a href='?page_no=1'>1<\/a><\/li>\n\n\n\n<li><a href='?page_no=2'>2<\/a><\/li>\n\n\n\n<li><a>...<\/a><\/li>\n\n\n\n<li><a href='?page_no=12147'>12147<\/a><\/li>\n\n\n\n<li><a href='?page_no=12148'>12148<\/a><\/li>\n\n\n\n<li class='active'><a>12149<\/a><\/li>\n\n\n\n<li><a href='?page_no=12150'>12150<\/a><\/li>\n\n\n\n<li><a href='?page_no=12151'>12151<\/a><\/li>\n\n\n\n<li><a>...<\/a><\/li>\n\n\n\n<li><a href='?page_no=56169'>56169<\/a><\/li>\n\n\n\n<li><a href='?page_no=56170'>56170<\/a><\/li>\n\n    \n\t\n\n<li >\n\t<a href='?page_no=12150'>Next<\/a>\n\t<\/li>\n\n\n    \n\n<li><a href='?page_no=56170'>Last &rsaquo;&rsaquo;<\/a><\/li>\n\n<\/ul>\n\n\n--><br \/>\n<\/body><\/p>\n","protected":false},"excerpt":{"rendered":"<p>Santo Domingo, R. D., 30 de agosto.- El Ministerio de Administraci\u00f3n P\u00fablica (MAP) ampliar\u00e1 la colaboraci\u00f3n que presta a favor de la Liga Municipal Dominicana (LMD), para la mejorar y fortalecer el proceso de gesti\u00f3n de los Ayuntamientos en todo el pa\u00eds. El ministro del MAP, Ram\u00f3n Ventura Camejo, y el titular de la LMD, [&hellip;]<\/p>\n","protected":false},"author":3,"featured_media":0,"comment_status":"open","ping_status":"open","sticky":false,"template":"","format":"standard","meta":{"footnotes":""},"categories":[20],"tags":[],"class_list":["post-217648","post","type-post","status-publish","format-standard","hentry","category-dominicana-hoy"],"_links":{"self":[{"href":"https:\/\/diariodominicano.com\/index.php?rest_route=\/wp\/v2\/posts\/217648","targetHints":{"allow":["GET"]}}],"collection":[{"href":"https:\/\/diariodominicano.com\/index.php?rest_route=\/wp\/v2\/posts"}],"about":[{"href":"https:\/\/diariodominicano.com\/index.php?rest_route=\/wp\/v2\/types\/post"}],"author":[{"embeddable":true,"href":"https:\/\/diariodominicano.com\/index.php?rest_route=\/wp\/v2\/users\/3"}],"replies":[{"embeddable":true,"href":"https:\/\/diariodominicano.com\/index.php?rest_route=%2Fwp%2Fv2%2Fcomments&post=217648"}],"version-history":[{"count":0,"href":"https:\/\/diariodominicano.com\/index.php?rest_route=\/wp\/v2\/posts\/217648\/revisions"}],"wp:attachment":[{"href":"https:\/\/diariodominicano.com\/index.php?rest_route=%2Fwp%2Fv2%2Fmedia&parent=217648"}],"wp:term":[{"taxonomy":"category","embeddable":true,"href":"https:\/\/diariodominicano.com\/index.php?rest_route=%2Fwp%2Fv2%2Fcategories&post=217648"},{"taxonomy":"post_tag","embeddable":true,"href":"https:\/\/diariodominicano.com\/index.php?rest_route=%2Fwp%2Fv2%2Ftags&post=217648"}],"curies":[{"name":"wp","href":"https:\/\/api.w.org\/{rel}","templated":true}]}}