{"id":217647,"date":"2016-08-30T09:12:11","date_gmt":"2016-08-30T09:12:11","guid":{"rendered":"http:\/\/diariodominicano.ddns.net\/?p=217647"},"modified":"2016-08-30T09:12:11","modified_gmt":"2016-08-30T09:12:11","slug":"confirmado-gobernador-banco-central-y-superintendente-de-bancos","status":"publish","type":"post","link":"https:\/\/diariodominicano.com\/?p=217647","title":{"rendered":"Confirmado gobernador Banco Central y superintendente de Bancos"},"content":{"rendered":"<p><body><\/p>\n<p><img decoding=\"async\" src=\"img3\/Palacio30-8.jpg\" \/>  <\/p>\n<p><span class=\"text1noticias\">Santo Domingo, R. D., 30 de agosto.- El presidente Danilo Medina confirm\u00f3 ayer en sus respectivos cargos al gobernador del Banco Central, H\u00e9ctor Valdez Albizu y a la vicegobernadora, Clarissa de la Rocha.<\/span><\/p>\n<p><span class=\"text1noticias\"> <\/span><\/p>\n<p><span class=\"text1noticias\">La medida est\u00e1 contenida en el decreto 213-16, en la que tambi\u00e9n el Poder Ejecutivo confirm\u00f3 en el puesto al superintendente de Bancos de la Rep\u00fablica Dominicana, Luis Armando Asunci\u00f3n y design\u00f3 a Jos\u00e9 Lozano como intendente general de Bancos.<\/span><\/p>\n<p><span class=\"text1noticias\"> <\/span><\/p>\n<p><span class=\"text1noticias\">Adem\u00e1s, el jefe de Estado nombr\u00f3 a Jaime David Fern\u00e1ndez Mirabal como miembro de la Junta Monetaria, en sustituci\u00f3n de Emilio Luna Peguero.<\/span><\/p>\n<p><span class=\"text1noticias\"> <\/span><\/p>\n<p><span class=\"text1noticias\">En la misma disposici\u00f3n, Danilo Medina nombr\u00f3 como embajador permanente de la Rep\u00fablica Dominicana ante la Organizaci\u00f3n de los Estados Americanos (OEA) a Gede\u00f3n Sant<\/span>os.<\/p>\n<h6> 2016-08-30 09:12:11 <\/h6>\n<p><!--\n<link rel=\"stylesheet\" href=\"css\/bootstrap.min.css\">\n\n\n<ul class=\"pagination\">\n\t    \n\t\n\n<li >\n\t<a href='?page_no=12147'>Previous<\/a>\n\t<\/li>\n\n\n       \n    \n\n<li><a href='?page_no=1'>1<\/a><\/li>\n\n\n\n<li><a href='?page_no=2'>2<\/a><\/li>\n\n\n\n<li><a>...<\/a><\/li>\n\n\n\n<li><a href='?page_no=12146'>12146<\/a><\/li>\n\n\n\n<li><a href='?page_no=12147'>12147<\/a><\/li>\n\n\n\n<li class='active'><a>12148<\/a><\/li>\n\n\n\n<li><a href='?page_no=12149'>12149<\/a><\/li>\n\n\n\n<li><a href='?page_no=12150'>12150<\/a><\/li>\n\n\n\n<li><a>...<\/a><\/li>\n\n\n\n<li><a href='?page_no=56169'>56169<\/a><\/li>\n\n\n\n<li><a href='?page_no=56170'>56170<\/a><\/li>\n\n    \n\t\n\n<li >\n\t<a href='?page_no=12149'>Next<\/a>\n\t<\/li>\n\n\n    \n\n<li><a href='?page_no=56170'>Last &rsaquo;&rsaquo;<\/a><\/li>\n\n<\/ul>\n\n\n--><br \/>\n<\/body><\/p>\n","protected":false},"excerpt":{"rendered":"<p>Santo Domingo, R. D., 30 de agosto.- El presidente Danilo Medina confirm\u00f3 ayer en sus respectivos cargos al gobernador del Banco Central, H\u00e9ctor Valdez Albizu y a la vicegobernadora, Clarissa de la Rocha. La medida est\u00e1 contenida en el decreto 213-16, en la que tambi\u00e9n el Poder Ejecutivo confirm\u00f3 en el puesto al superintendente de [&hellip;]<\/p>\n","protected":false},"author":3,"featured_media":0,"comment_status":"open","ping_status":"open","sticky":false,"template":"","format":"standard","meta":{"footnotes":""},"categories":[20],"tags":[],"class_list":["post-217647","post","type-post","status-publish","format-standard","hentry","category-dominicana-hoy"],"_links":{"self":[{"href":"https:\/\/diariodominicano.com\/index.php?rest_route=\/wp\/v2\/posts\/217647","targetHints":{"allow":["GET"]}}],"collection":[{"href":"https:\/\/diariodominicano.com\/index.php?rest_route=\/wp\/v2\/posts"}],"about":[{"href":"https:\/\/diariodominicano.com\/index.php?rest_route=\/wp\/v2\/types\/post"}],"author":[{"embeddable":true,"href":"https:\/\/diariodominicano.com\/index.php?rest_route=\/wp\/v2\/users\/3"}],"replies":[{"embeddable":true,"href":"https:\/\/diariodominicano.com\/index.php?rest_route=%2Fwp%2Fv2%2Fcomments&post=217647"}],"version-history":[{"count":0,"href":"https:\/\/diariodominicano.com\/index.php?rest_route=\/wp\/v2\/posts\/217647\/revisions"}],"wp:attachment":[{"href":"https:\/\/diariodominicano.com\/index.php?rest_route=%2Fwp%2Fv2%2Fmedia&parent=217647"}],"wp:term":[{"taxonomy":"category","embeddable":true,"href":"https:\/\/diariodominicano.com\/index.php?rest_route=%2Fwp%2Fv2%2Fcategories&post=217647"},{"taxonomy":"post_tag","embeddable":true,"href":"https:\/\/diariodominicano.com\/index.php?rest_route=%2Fwp%2Fv2%2Ftags&post=217647"}],"curies":[{"name":"wp","href":"https:\/\/api.w.org\/{rel}","templated":true}]}}