{"id":217646,"date":"2016-08-30T09:50:43","date_gmt":"2016-08-30T09:50:43","guid":{"rendered":"http:\/\/diariodominicano.ddns.net\/?p=217646"},"modified":"2016-08-30T09:50:43","modified_gmt":"2016-08-30T09:50:43","slug":"estudio-revela-importancia-de-la-experiencia-emocional-en-cirugias-bariatricas","status":"publish","type":"post","link":"https:\/\/diariodominicano.com\/?p=217646","title":{"rendered":"Estudio revela importancia de la experiencia emocional en cirug\u00edas bari\u00e1tricas"},"content":{"rendered":"<p><body><\/p>\n<p><img decoding=\"async\" src=\"img3\/hospital 30-8.jpg\" \/>  <\/p>\n<p><span class=\"text1noticias\">Santo Domingo, R. D., 30 de agosto.- Un estudio realizado en usuarios del Hospital Traumatol\u00f3gico Ney Arias Lora revel\u00f3 la necesidad de investigar la experiencia emocional de los  pacientes post quir\u00fargicos de cirug\u00eda bari\u00e1trica.<\/span><\/p>\n<p><span class=\"text1noticias\"> <\/span><\/p>\n<p><span class=\"text1noticias\">La investigaci\u00f3n fue presentada por la doctora Marisol Taveras, gerente de Salud Mental, durante la Sexta Jornada Cient\u00edfica Aniversario y Segunda Internacional que realiza todos los a\u00f1os el centro de salud.<\/span><\/p>\n<p><span class=\"text1noticias\"> <\/span><\/p>\n<p><span class=\"text1noticias\">El estudio descriptivo parti\u00f3 de una colecci\u00f3n prospectiva de datos, en el cual se recomend\u00f3 elaborar un protocolo de evaluaci\u00f3n psiqui\u00e1trica y psicol\u00f3gica, pre y post quir\u00fargica a ser implementado en pacientes de cirug\u00eda bari\u00e1trica, con el objetivo de proporcionar una herramienta que facilite la labor cl\u00ednica de los profesionales de Salud Mental.<\/span><\/p>\n<p><span class=\"text1noticias\"> <\/span><\/p>\n<p><span class=\"text1noticias\">La realizaci\u00f3n del protocolo se trata de la valoraci\u00f3n psicol\u00f3gica y psiqui\u00e1trica de los usuarios con obesidad m\u00f3rbida u obesidad extrema, que van a ser sometidos o que les ha sido realizada la cirug\u00eda bari\u00e1trica.<\/span><\/p>\n<p><span class=\"text1noticias\"> <\/span><\/p>\n<p><span class=\"text1noticias\">En esta investigaci\u00f3n se tom\u00f3 una poblaci\u00f3n de personas entre 18 a 60 a\u00f1os de edad, de cualquier sexo y con diagn\u00f3stico de obesidad m\u00f3rbida.<\/span><\/p>\n<p><span class=\"text1noticias\"> <\/span><\/p>\n<p><span class=\"text1noticias\">El proceso inicia con una entrevista al usuario, recogiendo los datos generales, antecedentes personales patol\u00f3gicos, h\u00e1bitos t\u00f3xicos, exploraci\u00f3n de los h\u00e1bitos de alimentaci\u00f3n, uso de f\u00e1rmacos como laxantes o diur\u00e9ticos sin indicaci\u00f3n m\u00e9dica, historia psicol\u00f3gica o psiqui\u00e1trica anterior, historia psiqui\u00e1trica familiar, un examen mental en cual se valora el estado de consciencia del paciente, su coeficiente intelectual, se descartan trastornos mentales, y finalmente, se confirma las informaciones recolectadas con un familiar.<\/span><\/p>\n<p><span class=\"text1noticias\"> <\/span><\/p>\n<p><span class=\"text1noticias\">Luego de realizado la intervenci\u00f3n quir\u00fargica, el paciente acude a la consulta de Salud Mental, una semana despu\u00e9s del procedimiento, para la supervisi\u00f3n del estado emocional por medio de la entrevista psiqui\u00e1tr<\/span>ica.<\/p>\n<\/p>\n<h6> 2016-08-30 09:50:43 <\/h6>\n<p><!--\n<link rel=\"stylesheet\" href=\"css\/bootstrap.min.css\">\n\n\n<ul class=\"pagination\">\n\t    \n\t\n\n<li >\n\t<a href='?page_no=12146'>Previous<\/a>\n\t<\/li>\n\n\n       \n    \n\n<li><a href='?page_no=1'>1<\/a><\/li>\n\n\n\n<li><a href='?page_no=2'>2<\/a><\/li>\n\n\n\n<li><a>...<\/a><\/li>\n\n\n\n<li><a href='?page_no=12145'>12145<\/a><\/li>\n\n\n\n<li><a href='?page_no=12146'>12146<\/a><\/li>\n\n\n\n<li class='active'><a>12147<\/a><\/li>\n\n\n\n<li><a href='?page_no=12148'>12148<\/a><\/li>\n\n\n\n<li><a href='?page_no=12149'>12149<\/a><\/li>\n\n\n\n<li><a>...<\/a><\/li>\n\n\n\n<li><a href='?page_no=56169'>56169<\/a><\/li>\n\n\n\n<li><a href='?page_no=56170'>56170<\/a><\/li>\n\n    \n\t\n\n<li >\n\t<a href='?page_no=12148'>Next<\/a>\n\t<\/li>\n\n\n    \n\n<li><a href='?page_no=56170'>Last &rsaquo;&rsaquo;<\/a><\/li>\n\n<\/ul>\n\n\n--><br \/>\n<\/body><\/p>\n","protected":false},"excerpt":{"rendered":"<p>Santo Domingo, R. D., 30 de agosto.- Un estudio realizado en usuarios del Hospital Traumatol\u00f3gico Ney Arias Lora revel\u00f3 la necesidad de investigar la experiencia emocional de los pacientes post quir\u00fargicos de cirug\u00eda bari\u00e1trica. La investigaci\u00f3n fue presentada por la doctora Marisol Taveras, gerente de Salud Mental, durante la Sexta Jornada Cient\u00edfica Aniversario y Segunda [&hellip;]<\/p>\n","protected":false},"author":3,"featured_media":0,"comment_status":"open","ping_status":"open","sticky":false,"template":"","format":"standard","meta":{"footnotes":""},"categories":[20],"tags":[],"class_list":["post-217646","post","type-post","status-publish","format-standard","hentry","category-dominicana-hoy"],"_links":{"self":[{"href":"https:\/\/diariodominicano.com\/index.php?rest_route=\/wp\/v2\/posts\/217646","targetHints":{"allow":["GET"]}}],"collection":[{"href":"https:\/\/diariodominicano.com\/index.php?rest_route=\/wp\/v2\/posts"}],"about":[{"href":"https:\/\/diariodominicano.com\/index.php?rest_route=\/wp\/v2\/types\/post"}],"author":[{"embeddable":true,"href":"https:\/\/diariodominicano.com\/index.php?rest_route=\/wp\/v2\/users\/3"}],"replies":[{"embeddable":true,"href":"https:\/\/diariodominicano.com\/index.php?rest_route=%2Fwp%2Fv2%2Fcomments&post=217646"}],"version-history":[{"count":0,"href":"https:\/\/diariodominicano.com\/index.php?rest_route=\/wp\/v2\/posts\/217646\/revisions"}],"wp:attachment":[{"href":"https:\/\/diariodominicano.com\/index.php?rest_route=%2Fwp%2Fv2%2Fmedia&parent=217646"}],"wp:term":[{"taxonomy":"category","embeddable":true,"href":"https:\/\/diariodominicano.com\/index.php?rest_route=%2Fwp%2Fv2%2Fcategories&post=217646"},{"taxonomy":"post_tag","embeddable":true,"href":"https:\/\/diariodominicano.com\/index.php?rest_route=%2Fwp%2Fv2%2Ftags&post=217646"}],"curies":[{"name":"wp","href":"https:\/\/api.w.org\/{rel}","templated":true}]}}