{"id":217645,"date":"2016-08-30T10:19:58","date_gmt":"2016-08-30T10:19:58","guid":{"rendered":"http:\/\/diariodominicano.ddns.net\/?p=217645"},"modified":"2016-08-30T10:19:58","modified_gmt":"2016-08-30T10:19:58","slug":"ofrecen-espirometria-para-diagnosticar-enfermedades-respiratorias","status":"publish","type":"post","link":"https:\/\/diariodominicano.com\/?p=217645","title":{"rendered":"Ofrecen Espir\u00f3metr\u00eda para diagnosticar enfermedades respiratorias"},"content":{"rendered":"<p><body><\/p>\n<p><img decoding=\"async\" src=\"img3\/pediatrico 30-8.jpg\" \/>  <\/p>\n<p><span class=\"text1noticias\">Santo Domingo, R.D., 30 de agosto.- El Hospital Pedi\u00e1trico Dr. Hugo Mendoza ofrecer\u00e1 los servicios de Espirometr\u00eda en el \u00e1rea de consultas del  centro de salud, a fin de diagnosticar con mayor brevedad y controlar enfermedades respiratorias de la poblaci\u00f3n infantil.<\/span><\/p>\n<p><span class=\"text1noticias\"> <\/span><\/p>\n<p><span class=\"text1noticias\">El Espir\u00f3metro  es una prueba que se realiza solo a ni\u00f1os mayores de 5 a\u00f1os y se utiliza para valorar la funci\u00f3n pulmonar, orientando el diagn\u00f3stico de enfermedades que puedan tener o no un patr\u00f3n restrictivo como el asma. <\/span><\/p>\n<p><span class=\"text1noticias\"> <\/span><\/p>\n<p><span class=\"text1noticias\">La Directora del centro de salud Dra. Noldis Naut Suberv\u00ed dijo que \u00abEste  el primer centro de la red p\u00fablica de servicios de salud que cuenta con este servicio  a la poblaci\u00f3n infantil y lo realizan especialistas en Neumolog\u00eda y Alerg\u00f3logos\u00bb. <\/span><\/p>\n<p><span class=\"text1noticias\"> <\/span><\/p>\n<p><span class=\"text1noticias\"> Entre los beneficios de esta prueba para conocer la funci\u00f3n pulmonar esta;<\/span><\/p>\n<p><span class=\"text1noticias\"> <\/span><\/p>\n<p><span class=\"text1noticias\">El diagn\u00f3stico y seguimiento de pacientes con enfermedades respiratorias agudas y cr\u00f3nicas.<\/span><\/p>\n<p><span class=\"text1noticias\"> <\/span><\/p>\n<p><span class=\"text1noticias\">Evaluar el riesgo de procedimientos quir\u00fargicos as\u00ed como la respuesta terap\u00e9utica frente a diferentes f\u00e1rmacos.<\/span><\/p>\n<p><span class=\"text1noticias\"> <\/span><\/p>\n<p><span class=\"text1noticias\"> El espir\u00f3metro es un producto sanitario usado en medicina para medir los vol\u00famenes y capacidades del pulm\u00f3n. Consta de un sistema de recogida de aire (puede ser de fuelle o campana) y de un sistema de inscripci\u00f3n montado sobre un soporte que se desplaza a la velocidad deseada<\/span>.<\/p>\n<\/p>\n<\/p>\n<h6> 2016-08-30 10:19:58 <\/h6>\n<p><!--\n<link rel=\"stylesheet\" href=\"css\/bootstrap.min.css\">\n\n\n<ul class=\"pagination\">\n\t    \n\t\n\n<li >\n\t<a href='?page_no=12145'>Previous<\/a>\n\t<\/li>\n\n\n       \n    \n\n<li><a href='?page_no=1'>1<\/a><\/li>\n\n\n\n<li><a href='?page_no=2'>2<\/a><\/li>\n\n\n\n<li><a>...<\/a><\/li>\n\n\n\n<li><a href='?page_no=12144'>12144<\/a><\/li>\n\n\n\n<li><a href='?page_no=12145'>12145<\/a><\/li>\n\n\n\n<li class='active'><a>12146<\/a><\/li>\n\n\n\n<li><a href='?page_no=12147'>12147<\/a><\/li>\n\n\n\n<li><a href='?page_no=12148'>12148<\/a><\/li>\n\n\n\n<li><a>...<\/a><\/li>\n\n\n\n<li><a href='?page_no=56169'>56169<\/a><\/li>\n\n\n\n<li><a href='?page_no=56170'>56170<\/a><\/li>\n\n    \n\t\n\n<li >\n\t<a href='?page_no=12147'>Next<\/a>\n\t<\/li>\n\n\n    \n\n<li><a href='?page_no=56170'>Last &rsaquo;&rsaquo;<\/a><\/li>\n\n<\/ul>\n\n\n--><br \/>\n<\/body><\/p>\n","protected":false},"excerpt":{"rendered":"<p>Santo Domingo, R.D., 30 de agosto.- El Hospital Pedi\u00e1trico Dr. Hugo Mendoza ofrecer\u00e1 los servicios de Espirometr\u00eda en el \u00e1rea de consultas del centro de salud, a fin de diagnosticar con mayor brevedad y controlar enfermedades respiratorias de la poblaci\u00f3n infantil. El Espir\u00f3metro es una prueba que se realiza solo a ni\u00f1os mayores de 5 [&hellip;]<\/p>\n","protected":false},"author":3,"featured_media":0,"comment_status":"open","ping_status":"open","sticky":false,"template":"","format":"standard","meta":{"footnotes":""},"categories":[20],"tags":[],"class_list":["post-217645","post","type-post","status-publish","format-standard","hentry","category-dominicana-hoy"],"_links":{"self":[{"href":"https:\/\/diariodominicano.com\/index.php?rest_route=\/wp\/v2\/posts\/217645","targetHints":{"allow":["GET"]}}],"collection":[{"href":"https:\/\/diariodominicano.com\/index.php?rest_route=\/wp\/v2\/posts"}],"about":[{"href":"https:\/\/diariodominicano.com\/index.php?rest_route=\/wp\/v2\/types\/post"}],"author":[{"embeddable":true,"href":"https:\/\/diariodominicano.com\/index.php?rest_route=\/wp\/v2\/users\/3"}],"replies":[{"embeddable":true,"href":"https:\/\/diariodominicano.com\/index.php?rest_route=%2Fwp%2Fv2%2Fcomments&post=217645"}],"version-history":[{"count":0,"href":"https:\/\/diariodominicano.com\/index.php?rest_route=\/wp\/v2\/posts\/217645\/revisions"}],"wp:attachment":[{"href":"https:\/\/diariodominicano.com\/index.php?rest_route=%2Fwp%2Fv2%2Fmedia&parent=217645"}],"wp:term":[{"taxonomy":"category","embeddable":true,"href":"https:\/\/diariodominicano.com\/index.php?rest_route=%2Fwp%2Fv2%2Fcategories&post=217645"},{"taxonomy":"post_tag","embeddable":true,"href":"https:\/\/diariodominicano.com\/index.php?rest_route=%2Fwp%2Fv2%2Ftags&post=217645"}],"curies":[{"name":"wp","href":"https:\/\/api.w.org\/{rel}","templated":true}]}}