{"id":217644,"date":"2016-08-30T11:18:59","date_gmt":"2016-08-30T11:18:59","guid":{"rendered":"http:\/\/diariodominicano.ddns.net\/?p=217644"},"modified":"2016-08-30T11:18:59","modified_gmt":"2016-08-30T11:18:59","slug":"juan-ramon-gomez-diaz-visita-indotel","status":"publish","type":"post","link":"https:\/\/diariodominicano.com\/?p=217644","title":{"rendered":"Juan Ram\u00f3n G\u00f3mez D\u00edaz visita Indotel"},"content":{"rendered":"<p><body><\/p>\n<p><img decoding=\"async\" src=\"img3\/indotel 30-8.jpg\" \/>  <\/p>\n<p><span class=\"text1noticias\">Santo Domingo, R. D., 30 de agosto.- El presidente del Grupo Telemicro, Juan Ram\u00f3n G\u00f3mez D\u00edaz, realiz\u00f3 hoy una visita de cortes\u00eda al presidente del Instituto Dominicano de las Telecomunicaciones (Indotel), Jos\u00e9 Del Castillo Savi\u00f1\u00f3n, durante la cual intercambiaron temas atinentes a los negocios y las tecnolog\u00edas de las telecomunicaciones en el pa\u00eds.<\/span><\/p>\n<p><span class=\"text1noticias\"> <\/span><\/p>\n<p><span class=\"text1noticias\">El empresario estuvo acompa\u00f1ado de Luis Bodega Belliard, vicepresidente ejecutivo de Trilogy Dominicana (Viva).<\/span><\/p>\n<p><span class=\"text1noticias\"> <\/span><\/p>\n<p><span class=\"text1noticias\">G\u00f3mez D\u00edaz, quien preside los canales Telemicro, Digital 15, Telecentro, la empresa Trilogy Dominicana (Viva) y una red de emisoras a nivel nacional, felicit\u00f3 a Del Castillo Savi\u00f1\u00f3n por su designaci\u00f3n al frente del \u00f3rgano regulador y les dese\u00f3 \u00e9xitos en estas nuevas funciones.<\/span><\/p>\n<p><span class=\"text1noticias\"> <\/span><\/p>\n<p><span class=\"text1noticias\">Del Castillo agradeci\u00f3 el gesto del empresario y reiter\u00f3 la decisi\u00f3n de realizar transformaciones en el \u00f3rgano regulador, con miras a garantizar a los sectores m\u00e1s vulnerables el acceso universal  a  Internet y abaratamiento de los costos para las telecomunicaciones.<\/span><\/p>\n<p><span class=\"text1noticias\"> <\/span><\/p>\n<p><span class=\"text1noticias\">Expres\u00f3 que tiene instrucciones del Presidente Danilo Medina de retomar el rol de Indotel como \u00f3rgano regulad<\/span>or.<\/p>\n<h6> 2016-08-30 11:18:59 <\/h6>\n<p><!--\n<link rel=\"stylesheet\" href=\"css\/bootstrap.min.css\">\n\n\n<ul class=\"pagination\">\n\t    \n\t\n\n<li >\n\t<a href='?page_no=12144'>Previous<\/a>\n\t<\/li>\n\n\n       \n    \n\n<li><a href='?page_no=1'>1<\/a><\/li>\n\n\n\n<li><a href='?page_no=2'>2<\/a><\/li>\n\n\n\n<li><a>...<\/a><\/li>\n\n\n\n<li><a href='?page_no=12143'>12143<\/a><\/li>\n\n\n\n<li><a href='?page_no=12144'>12144<\/a><\/li>\n\n\n\n<li class='active'><a>12145<\/a><\/li>\n\n\n\n<li><a href='?page_no=12146'>12146<\/a><\/li>\n\n\n\n<li><a href='?page_no=12147'>12147<\/a><\/li>\n\n\n\n<li><a>...<\/a><\/li>\n\n\n\n<li><a href='?page_no=56169'>56169<\/a><\/li>\n\n\n\n<li><a href='?page_no=56170'>56170<\/a><\/li>\n\n    \n\t\n\n<li >\n\t<a href='?page_no=12146'>Next<\/a>\n\t<\/li>\n\n\n    \n\n<li><a href='?page_no=56170'>Last &rsaquo;&rsaquo;<\/a><\/li>\n\n<\/ul>\n\n\n--><br \/>\n<\/body><\/p>\n","protected":false},"excerpt":{"rendered":"<p>Santo Domingo, R. D., 30 de agosto.- El presidente del Grupo Telemicro, Juan Ram\u00f3n G\u00f3mez D\u00edaz, realiz\u00f3 hoy una visita de cortes\u00eda al presidente del Instituto Dominicano de las Telecomunicaciones (Indotel), Jos\u00e9 Del Castillo Savi\u00f1\u00f3n, durante la cual intercambiaron temas atinentes a los negocios y las tecnolog\u00edas de las telecomunicaciones en el pa\u00eds. El empresario [&hellip;]<\/p>\n","protected":false},"author":3,"featured_media":0,"comment_status":"open","ping_status":"open","sticky":false,"template":"","format":"standard","meta":{"footnotes":""},"categories":[20],"tags":[],"class_list":["post-217644","post","type-post","status-publish","format-standard","hentry","category-dominicana-hoy"],"_links":{"self":[{"href":"https:\/\/diariodominicano.com\/index.php?rest_route=\/wp\/v2\/posts\/217644","targetHints":{"allow":["GET"]}}],"collection":[{"href":"https:\/\/diariodominicano.com\/index.php?rest_route=\/wp\/v2\/posts"}],"about":[{"href":"https:\/\/diariodominicano.com\/index.php?rest_route=\/wp\/v2\/types\/post"}],"author":[{"embeddable":true,"href":"https:\/\/diariodominicano.com\/index.php?rest_route=\/wp\/v2\/users\/3"}],"replies":[{"embeddable":true,"href":"https:\/\/diariodominicano.com\/index.php?rest_route=%2Fwp%2Fv2%2Fcomments&post=217644"}],"version-history":[{"count":0,"href":"https:\/\/diariodominicano.com\/index.php?rest_route=\/wp\/v2\/posts\/217644\/revisions"}],"wp:attachment":[{"href":"https:\/\/diariodominicano.com\/index.php?rest_route=%2Fwp%2Fv2%2Fmedia&parent=217644"}],"wp:term":[{"taxonomy":"category","embeddable":true,"href":"https:\/\/diariodominicano.com\/index.php?rest_route=%2Fwp%2Fv2%2Fcategories&post=217644"},{"taxonomy":"post_tag","embeddable":true,"href":"https:\/\/diariodominicano.com\/index.php?rest_route=%2Fwp%2Fv2%2Ftags&post=217644"}],"curies":[{"name":"wp","href":"https:\/\/api.w.org\/{rel}","templated":true}]}}