{"id":217643,"date":"2016-08-30T12:38:54","date_gmt":"2016-08-30T12:38:54","guid":{"rendered":"http:\/\/diariodominicano.ddns.net\/?p=217643"},"modified":"2016-08-30T12:38:54","modified_gmt":"2016-08-30T12:38:54","slug":"vieja-barquita-sera-convertida-en-parque-ecologico-y-fluvial","status":"publish","type":"post","link":"https:\/\/diariodominicano.com\/?p=217643","title":{"rendered":"Vieja Barquita ser\u00e1 convertida en parque ecol\u00f3gico y fluvial"},"content":{"rendered":"<p><body><\/p>\n<p><img decoding=\"async\" src=\"img3\/Barquita30-8.jpg\" \/><br \/><img decoding=\"async\" src=\"img3\/hombrebarquita30-8.jpg\" \/>  <\/p>\n<p><span class=\"text1noticias\">Santo domingo, R. D., 30 de agosto.- El Gobierno, a trav\u00e9s de la Unidad Ejecutora para la Readecuaci\u00f3n de La Barquita y Entornos (URBE), inici\u00f3 los trabajos para la siembra de 27 mil plantas en La Vieja Barquita, como parte del proceso para convertirla en un parque ecol\u00f3gico y fluvial.<\/span><\/p>\n<p><span class=\"text1noticias\"> <\/span><\/p>\n<p><span class=\"text1noticias\">150 mil metros cuadrados ser\u00e1n reforestados<\/span><\/p>\n<p><span class=\"text1noticias\"> <\/span><\/p>\n<p><span class=\"text1noticias\">El \u00e1rea con extensi\u00f3n de 150 mil metros cuadrados ser\u00e1 reforestado con \u00e1rboles end\u00e9micos de la isla y administrado como zona ecol\u00f3gica por el Jard\u00edn Bot\u00e1nico Nacional.<\/span><\/p>\n<p><span class=\"text1noticias\"> <\/span><\/p>\n<p><span class=\"text1noticias\">  <\/span><\/p>\n<p><span class=\"text1noticias\">Siembra de 40 especies de \u00e1rboles end\u00e9micos<\/span><\/p>\n<p><span class=\"text1noticias\"> <\/span><\/p>\n<p><span class=\"text1noticias\">En ese contexto, el ingeniero agr\u00f3nomo Juan Galv\u00e1n, quien trabaja en coordinaci\u00f3n con un equipo t\u00e9cnico del Jard\u00edn Bot\u00e1nico Nacional que dirige el ingeniero Obispo Pe\u00f1a, dijo que en el \u00e1rea ser\u00e1n sembradas unas 40 especies de \u00e1rboles end\u00e9micos de la isla y se proteger\u00e1n los que existen.<\/span><\/p>\n<p><span class=\"text1noticias\"> <\/span><\/p>\n<p><span class=\"text1noticias\">Entre las especies, cit\u00f3 la caoba, almacigo, cedro, guama, jabilla, cajuil y pan de fruta. Mientras, en la ribera del r\u00edo ser\u00e1n sembradas gram\u00edneas para evitar la erosi\u00f3n.   <\/span><\/p>\n<p><span class=\"text1noticias\"> <\/span><\/p>\n<p><span class=\"text1noticias\">Esparcimiento y educaci\u00f3n<\/span><\/p>\n<p><span class=\"text1noticias\"> <\/span><\/p>\n<p><span class=\"text1noticias\"> Explic\u00f3 que La Vieja Barquita pronto ser\u00e1 una zona para el esparcimiento de los ciudadanos y ciudadanas, as\u00ed como para la educaci\u00f3n a trav\u00e9s de lo que han denominado \u00abSendero Ecol\u00f3gico\u00bb.<\/span><\/p>\n<p><span class=\"text1noticias\"> <\/span><\/p>\n<p><span class=\"text1noticias\">Cierre de ca\u00f1adas<\/span><\/p>\n<p><span class=\"text1noticias\"> <\/span><\/p>\n<p><span class=\"text1noticias\">De su lado, el arquitecto Millet Juan, quien dirige los trabajos, explic\u00f3 que las cuatro ca\u00f1adas que desembocan en el r\u00edo Ozama ser\u00e1n cerradas para utilizarlas como entrada de los veh\u00edculos de mantenimiento del parque, donde el p\u00fablico s\u00f3lo podr\u00e1 acceder al lugar a pie o en bicicletas.<\/span><\/p>\n<p><span class=\"text1noticias\"> <\/span><\/p>\n<p><span class=\"text1noticias\">Construcci\u00f3n de nueve plantas de tratamiento y muelles<\/span><\/p>\n<p><span class=\"text1noticias\"> <\/span><\/p>\n<p><span class=\"text1noticias\">Agreg\u00f3 que ser\u00e1n construidas nueve plantas de tratamiento para que las aguas de Los Mina Norte lleguen descontaminadas al r\u00edo Ozama, donde pr\u00f3ximamente se transitar\u00e1 en agua-bus, motivo por el que se construir\u00e1n varios muelles.<\/span><\/p>\n<p><span class=\"text1noticias\"> <\/span><\/p>\n<p><span class=\"text1noticias\">En La Vieja Barquita resid\u00edan personas pobres que padec\u00edan una situaci\u00f3n de abandono y precariedad en una zona peri\u00f3dicamente inundada por las crecidas del referido r\u00edo.<\/span><\/p>\n<p><span class=\"text1noticias\"> <\/span><\/p>\n<p><span class=\"text1noticias\">Con el prop\u00f3sito de dignificar sus condiciones de vida, el presidente Danilo Medina dispuso la construcci\u00f3n de La Nueva Barquita, proyecto que fue entregado el pasado 29 de junio y que dot\u00f3 de viviendas dignas a m\u00e1s de 1,700 familias p<\/span>obres.<\/p>\n<h6> 2016-08-30 12:38:54 <\/h6>\n<p><!--\n<link rel=\"stylesheet\" href=\"css\/bootstrap.min.css\">\n\n\n<ul class=\"pagination\">\n\t    \n\t\n\n<li >\n\t<a href='?page_no=12143'>Previous<\/a>\n\t<\/li>\n\n\n       \n    \n\n<li><a href='?page_no=1'>1<\/a><\/li>\n\n\n\n<li><a href='?page_no=2'>2<\/a><\/li>\n\n\n\n<li><a>...<\/a><\/li>\n\n\n\n<li><a href='?page_no=12142'>12142<\/a><\/li>\n\n\n\n<li><a href='?page_no=12143'>12143<\/a><\/li>\n\n\n\n<li class='active'><a>12144<\/a><\/li>\n\n\n\n<li><a href='?page_no=12145'>12145<\/a><\/li>\n\n\n\n<li><a href='?page_no=12146'>12146<\/a><\/li>\n\n\n\n<li><a>...<\/a><\/li>\n\n\n\n<li><a href='?page_no=56169'>56169<\/a><\/li>\n\n\n\n<li><a href='?page_no=56170'>56170<\/a><\/li>\n\n    \n\t\n\n<li >\n\t<a href='?page_no=12145'>Next<\/a>\n\t<\/li>\n\n\n    \n\n<li><a href='?page_no=56170'>Last &rsaquo;&rsaquo;<\/a><\/li>\n\n<\/ul>\n\n\n--><br \/>\n<\/body><\/p>\n","protected":false},"excerpt":{"rendered":"<p>Santo domingo, R. D., 30 de agosto.- El Gobierno, a trav\u00e9s de la Unidad Ejecutora para la Readecuaci\u00f3n de La Barquita y Entornos (URBE), inici\u00f3 los trabajos para la siembra de 27 mil plantas en La Vieja Barquita, como parte del proceso para convertirla en un parque ecol\u00f3gico y fluvial. 150 mil metros cuadrados ser\u00e1n [&hellip;]<\/p>\n","protected":false},"author":3,"featured_media":0,"comment_status":"open","ping_status":"open","sticky":false,"template":"","format":"standard","meta":{"footnotes":""},"categories":[20],"tags":[],"class_list":["post-217643","post","type-post","status-publish","format-standard","hentry","category-dominicana-hoy"],"_links":{"self":[{"href":"https:\/\/diariodominicano.com\/index.php?rest_route=\/wp\/v2\/posts\/217643","targetHints":{"allow":["GET"]}}],"collection":[{"href":"https:\/\/diariodominicano.com\/index.php?rest_route=\/wp\/v2\/posts"}],"about":[{"href":"https:\/\/diariodominicano.com\/index.php?rest_route=\/wp\/v2\/types\/post"}],"author":[{"embeddable":true,"href":"https:\/\/diariodominicano.com\/index.php?rest_route=\/wp\/v2\/users\/3"}],"replies":[{"embeddable":true,"href":"https:\/\/diariodominicano.com\/index.php?rest_route=%2Fwp%2Fv2%2Fcomments&post=217643"}],"version-history":[{"count":0,"href":"https:\/\/diariodominicano.com\/index.php?rest_route=\/wp\/v2\/posts\/217643\/revisions"}],"wp:attachment":[{"href":"https:\/\/diariodominicano.com\/index.php?rest_route=%2Fwp%2Fv2%2Fmedia&parent=217643"}],"wp:term":[{"taxonomy":"category","embeddable":true,"href":"https:\/\/diariodominicano.com\/index.php?rest_route=%2Fwp%2Fv2%2Fcategories&post=217643"},{"taxonomy":"post_tag","embeddable":true,"href":"https:\/\/diariodominicano.com\/index.php?rest_route=%2Fwp%2Fv2%2Ftags&post=217643"}],"curies":[{"name":"wp","href":"https:\/\/api.w.org\/{rel}","templated":true}]}}