{"id":217642,"date":"2016-08-30T12:51:09","date_gmt":"2016-08-30T12:51:09","guid":{"rendered":"http:\/\/diariodominicano.ddns.net\/?p=217642"},"modified":"2016-08-30T12:51:09","modified_gmt":"2016-08-30T12:51:09","slug":"justo-contrato-de-adhesion-equilibra-relacion-consumidores-y-proveedores","status":"publish","type":"post","link":"https:\/\/diariodominicano.com\/?p=217642","title":{"rendered":"&#13;Justo contrato de adhesi\u00f3n equilibra relaci\u00f3n consumidores y proveedores"},"content":{"rendered":"<p><body><\/p>\n<p><img decoding=\"async\" src=\"img3\/proconsumidor 30-8.jpg\" \/>  <\/p>\n<p><span class=\"text1noticias\">Santo Domingo, R. D., 30 de agosto.- La directora de Pro Consumidor, Anina Del Castillo destac\u00f3 hoy la importancia que tiene el registro de los contratos de adhesi\u00f3n ante la entidad, ya que equilibra la relaci\u00f3n entre consumidores y proveedores, cuando \u00e9ste es justo y equitativo.<\/span><\/p>\n<p><span class=\"text1noticias\"> <\/span><\/p>\n<p><span class=\"text1noticias\">Indic\u00f3 que mediante el registro de estos contratos y su revisi\u00f3n, Pro Consumidor trata de evitar las cl\u00e1usulas abusivas en los cuales el consumidor o usuario no tiene la oportunidad de modificar o negociar las estipulaciones del mismo.<\/span><\/p>\n<p><span class=\"text1noticias\"> <\/span><\/p>\n<p><span class=\"text1noticias\">Del Castillo sostuvo que a la vez que se evitan estas cl\u00e1usulas jur\u00eddicas perjudiciales para los consumidores, se impide la formaci\u00f3n de esquemas piramidales  y la publicidad enga\u00f1osa, que en ocasiones tiene criterios contrarios a los derechos y los intereses del consumidor. <\/span><\/p>\n<p><span class=\"text1noticias\"> <\/span><\/p>\n<p><span class=\"text1noticias\">\u00abPro Consumidor mediante este registro trata de prever a los  consumidores y usuarios, orient\u00e1ndolos de que tienen el derecho de desistir cuando la oferta de promoci\u00f3n o publicidad haya generado condiciones imposibles de cumplir por parte del oferente\u00bb, resalt\u00f3 la funcionaria.<\/span><\/p>\n<p><span class=\"text1noticias\"> <\/span><\/p>\n<p><span class=\"text1noticias\">Defini\u00f3 las cl\u00e1usulas abusivas como aquellas que van en contra de las exigencias de la buena fe y que causan un perjuicio al consumidor y a la vez un desequilibrio importante en las obligaciones de los consumidores en su relaci\u00f3n contractual\u00bb. <\/span><\/p>\n<p><span class=\"text1noticias\"> <\/span><\/p>\n<p><span class=\"text1noticias\"> <\/span><\/p>\n<p><span class=\"text1noticias\">Dijo que Pro Consumidor tiene la facultad que le otorga la Ley 358-05, de Protecci\u00f3n al Consumidor de emprender acciones judiciales o de recursos por cl\u00e1usulas declaradas abusivas en la revisi\u00f3n de un contrato.<\/span><\/p>\n<p><span class=\"text1noticias\"> <\/span><\/p>\n<p><span class=\"text1noticias\">Exhort\u00f3 a los ciudadanos, que ante la firma de cualquier contrato se aseguren si este ha sido registrado y revisado por Pro Consumidor, \u00abmediante el registro hacemos una ardua labor para equilibrar la relaci\u00f3n entre proveedores y consumidores\u00bb.<\/span><\/p>\n<p><span class=\"text1noticias\"> <\/span><\/p>\n<p><span class=\"text1noticias\">Declar\u00f3 que la instituci\u00f3n revisa y registra los contratos de adhesi\u00f3n en virtud de los art\u00edculos 81 y 83 de la normativa y la Resoluci\u00f3n No. 001\/2009, que establece que esuna obligaci\u00f3n para todos los proveedores de bienes y servicios registrar sus contratos de adhesi\u00f3n.<\/span><\/p>\n<p><span class=\"text1noticias\"> <\/span><\/p>\n<p><span class=\"text1noticias\">\u00abLos consumidores y usuarios tienen derecho a disponer de bienes y servicios de calidad y a recibir una informaci\u00f3n objetiva, veraz y oportuna sobre el contenido y las caracter\u00edsticas de los productos y servicios que use o consuma bajo las previsiones y normas establecidas y lo que busca nuestra gesti\u00f3n es que los contratos de adhesi\u00f3n no posean cl\u00e1usulas abusivas\u00bb, agreg\u00f3 la directora de Pro Consumidor.<\/span><\/p>\n<\/p>\n<h6> 2016-08-30 12:51:09 <\/h6>\n<p><!--\n<link rel=\"stylesheet\" href=\"css\/bootstrap.min.css\">\n\n\n<ul class=\"pagination\">\n\t    \n\t\n\n<li >\n\t<a href='?page_no=12142'>Previous<\/a>\n\t<\/li>\n\n\n       \n    \n\n<li><a href='?page_no=1'>1<\/a><\/li>\n\n\n\n<li><a href='?page_no=2'>2<\/a><\/li>\n\n\n\n<li><a>...<\/a><\/li>\n\n\n\n<li><a href='?page_no=12141'>12141<\/a><\/li>\n\n\n\n<li><a href='?page_no=12142'>12142<\/a><\/li>\n\n\n\n<li class='active'><a>12143<\/a><\/li>\n\n\n\n<li><a href='?page_no=12144'>12144<\/a><\/li>\n\n\n\n<li><a href='?page_no=12145'>12145<\/a><\/li>\n\n\n\n<li><a>...<\/a><\/li>\n\n\n\n<li><a href='?page_no=56169'>56169<\/a><\/li>\n\n\n\n<li><a href='?page_no=56170'>56170<\/a><\/li>\n\n    \n\t\n\n<li >\n\t<a href='?page_no=12144'>Next<\/a>\n\t<\/li>\n\n\n    \n\n<li><a href='?page_no=56170'>Last &rsaquo;&rsaquo;<\/a><\/li>\n\n<\/ul>\n\n\n--><br \/>\n<\/body><\/p>\n","protected":false},"excerpt":{"rendered":"<p>Santo Domingo, R. D., 30 de agosto.- La directora de Pro Consumidor, Anina Del Castillo destac\u00f3 hoy la importancia que tiene el registro de los contratos de adhesi\u00f3n ante la entidad, ya que equilibra la relaci\u00f3n entre consumidores y proveedores, cuando \u00e9ste es justo y equitativo. Indic\u00f3 que mediante el registro de estos contratos y [&hellip;]<\/p>\n","protected":false},"author":3,"featured_media":0,"comment_status":"open","ping_status":"open","sticky":false,"template":"","format":"standard","meta":{"footnotes":""},"categories":[20],"tags":[],"class_list":["post-217642","post","type-post","status-publish","format-standard","hentry","category-dominicana-hoy"],"_links":{"self":[{"href":"https:\/\/diariodominicano.com\/index.php?rest_route=\/wp\/v2\/posts\/217642","targetHints":{"allow":["GET"]}}],"collection":[{"href":"https:\/\/diariodominicano.com\/index.php?rest_route=\/wp\/v2\/posts"}],"about":[{"href":"https:\/\/diariodominicano.com\/index.php?rest_route=\/wp\/v2\/types\/post"}],"author":[{"embeddable":true,"href":"https:\/\/diariodominicano.com\/index.php?rest_route=\/wp\/v2\/users\/3"}],"replies":[{"embeddable":true,"href":"https:\/\/diariodominicano.com\/index.php?rest_route=%2Fwp%2Fv2%2Fcomments&post=217642"}],"version-history":[{"count":0,"href":"https:\/\/diariodominicano.com\/index.php?rest_route=\/wp\/v2\/posts\/217642\/revisions"}],"wp:attachment":[{"href":"https:\/\/diariodominicano.com\/index.php?rest_route=%2Fwp%2Fv2%2Fmedia&parent=217642"}],"wp:term":[{"taxonomy":"category","embeddable":true,"href":"https:\/\/diariodominicano.com\/index.php?rest_route=%2Fwp%2Fv2%2Fcategories&post=217642"},{"taxonomy":"post_tag","embeddable":true,"href":"https:\/\/diariodominicano.com\/index.php?rest_route=%2Fwp%2Fv2%2Ftags&post=217642"}],"curies":[{"name":"wp","href":"https:\/\/api.w.org\/{rel}","templated":true}]}}