{"id":217641,"date":"2016-08-30T16:33:00","date_gmt":"2016-08-30T16:33:00","guid":{"rendered":"http:\/\/diariodominicano.ddns.net\/?p=217641"},"modified":"2016-08-30T16:33:00","modified_gmt":"2016-08-30T16:33:00","slug":"lideres-sindicales-denuncian-afp-se-enriquecen-a-costa-de-empleados","status":"publish","type":"post","link":"https:\/\/diariodominicano.com\/?p=217641","title":{"rendered":"&#13;&#13;L\u00edderes sindicales denuncian: AFP se enriquecen a costa de empleados&#13;"},"content":{"rendered":"<p><body><\/p>\n<p><img decoding=\"async\" src=\"img3\/sindicalistas.jpg\" \/>  <\/p>\n<p><strong><span class=\"text1noticias\">Santo Domingo, RD, 30 de agosto.- <\/span><\/strong><span class=\"text1noticias\">Las Administradoras de Fondos de Pensiones (AFP) se enriquecen cada vez m\u00e1s con los fondos aportados por los trabajadores y no garantizan pensiones dignas en su retiro, raz\u00f3n por la que las centrales sindicales abogaron este lunes por una modificaci\u00f3n profunda a la ley del Sistema Dominicano de Seguridad Social (SDSS) para evitar que el trabajador reciba montos p\u00edrricos al pensionarse.<\/span><\/p>\n<\/p>\n<p><span class=\"text1noticias\">Jacobo Ramos, de la Confederaci\u00f3n Nacional de Trabajadores Dominicanos (CNTD); Gabriel del R\u00edo, de la Confederaci\u00f3n Aut\u00f3noma Sindical Clasista (CASC), y Rafael Abreu (Pepe), del Consejo Nacional de Unidad Sindical (CNUS), advierten que se debe evitar lo que pasa en Chile, donde hay protestas por el bajo monto de las pensiones de los trabajadores, a pesar de que aportaron dineros suficiente para disfrutar de pensi\u00f3n dignas.<\/span><\/p>\n<\/p>\n<p><span class=\"text1noticias\">Ramos, de la CNTD, adujo que \u00abel sistema dominicano de la Seguridad Social est\u00e1 secuestrado por el sector financiero del pa\u00eds, pues son due\u00f1os de las ARS, de los seguros privados y de las AFP, y por eso es que casi cuatro millones de personas no tiene protecci\u00f3n de la Seguridad Social\u00bb, enfatiz\u00f3<\/span><\/p>\n<\/p>\n<p><span class=\"text1noticias\">Deplor\u00f3 que cuando un trabajador se pensione en el 2028, seg\u00fan la ley, recibir\u00e1 menos de un 30% de su salario actual que oscila entre 3,500 a 4,000 pesos mensuales, \u00aby eso es una inequidad que un trabajador que acumul\u00f3 fondos en 20 a\u00f1os al final reciba una \u00ednfima pensi\u00f3n\u00bb. Enfatiz\u00f3 que si ese tema de las pensiones no se revisa a tiempo, las autoridades deben ir prepar\u00e1ndose para confrontaciones.<\/span><\/p>\n<\/p>\n<p><span class=\"text1noticias\">Expres\u00f3 que esa ley de pensiones fue concebida para hacer negocios y no para resolver el problema de lo protecci\u00f3n social de los trabajadores.<\/span><\/p>\n<\/p>\n<p><span class=\"text1noticias\">Del R\u00edo, de la CASD, ve injusto que las AFP quieran quedarse con los beneficios de los trabajadores. \u00abEsa es la gran preocupaci\u00f3n que planteamos hace tiempo, no podemos continuar que estas empresas sigan haciendo millonarias con el dinero de los trabajadores\u00bb.<\/span><\/p>\n<\/p>\n<p><span class=\"text1noticias\">Abog\u00f3 por una revisi\u00f3n total de la ley 87-01 para evitar lo de Chile, donde se generan protestas porque el irregular sistema de pensiones, que igual que aqu\u00ed, constituye un enga\u00f1o. \u00abHay que cambiar la ley y el sistema de pensiones, que de continuar as\u00ed en el futuro no habr\u00e1 pensiones dignas para el trabajador, porque las AFP se quedar\u00e1n con el dinero que acumul\u00f3 para esos fines\u00bb, apreci\u00f3.<\/span><\/p>\n<\/p>\n<p><span class=\"text1noticias\">Abreu, de la CNUS, vaticin\u00f3 que cuando se comience en el pa\u00eds a otorgar las pensiones en 2028, los trabajadores saldr\u00e1n a las calles a protestar.<\/span><\/p>\n<\/p>\n<p><span class=\"text1noticias\">Dijo que los empresarios apuestan a esa situaci\u00f3n, y ve que lo prudente es que el Gobierno, empresarios y centrales sindicales acuerden para evitar confrontaciones que generen convulsiones sociales.<\/span><\/p>\n<\/p>\n<p><span class=\"text1noticias\">Piden reforma  a ley 87-01<\/span><\/p>\n<\/p>\n<p><span class=\"text1noticias\">Los sindicalistas sugieren a los legisladores del actual Congreso Nacional  iniciar la revisi\u00f3n integral de la ley 87-01 que incluya todos los complementos, como son el Seguro Familiar de Salud (SFS) en los reg\u00edmenes contributivo y  subsidiado, Riesgos de Salud Laboral y pensiones. Recuerdan que pidieron  al presidente Danilo Medina someter  el proyecto de reforma, pero pasaron  cuatro a\u00f1os y no lo deposit\u00f3.<\/span><\/p>\n<h6> 2016-08-30 16:33:00 <\/h6>\n<p><!--\n<link rel=\"stylesheet\" href=\"css\/bootstrap.min.css\">\n\n\n<ul class=\"pagination\">\n\t    \n\t\n\n<li >\n\t<a href='?page_no=12141'>Previous<\/a>\n\t<\/li>\n\n\n       \n    \n\n<li><a href='?page_no=1'>1<\/a><\/li>\n\n\n\n<li><a href='?page_no=2'>2<\/a><\/li>\n\n\n\n<li><a>...<\/a><\/li>\n\n\n\n<li><a href='?page_no=12140'>12140<\/a><\/li>\n\n\n\n<li><a href='?page_no=12141'>12141<\/a><\/li>\n\n\n\n<li class='active'><a>12142<\/a><\/li>\n\n\n\n<li><a href='?page_no=12143'>12143<\/a><\/li>\n\n\n\n<li><a href='?page_no=12144'>12144<\/a><\/li>\n\n\n\n<li><a>...<\/a><\/li>\n\n\n\n<li><a href='?page_no=56169'>56169<\/a><\/li>\n\n\n\n<li><a href='?page_no=56170'>56170<\/a><\/li>\n\n    \n\t\n\n<li >\n\t<a href='?page_no=12143'>Next<\/a>\n\t<\/li>\n\n\n    \n\n<li><a href='?page_no=56170'>Last &rsaquo;&rsaquo;<\/a><\/li>\n\n<\/ul>\n\n\n--><br \/>\n<\/body><\/p>\n","protected":false},"excerpt":{"rendered":"<p>Santo Domingo, RD, 30 de agosto.- Las Administradoras de Fondos de Pensiones (AFP) se enriquecen cada vez m\u00e1s con los fondos aportados por los trabajadores y no garantizan pensiones dignas en su retiro, raz\u00f3n por la que las centrales sindicales abogaron este lunes por una modificaci\u00f3n profunda a la ley del Sistema Dominicano de Seguridad [&hellip;]<\/p>\n","protected":false},"author":3,"featured_media":0,"comment_status":"open","ping_status":"open","sticky":false,"template":"","format":"standard","meta":{"footnotes":""},"categories":[20],"tags":[],"class_list":["post-217641","post","type-post","status-publish","format-standard","hentry","category-dominicana-hoy"],"_links":{"self":[{"href":"https:\/\/diariodominicano.com\/index.php?rest_route=\/wp\/v2\/posts\/217641","targetHints":{"allow":["GET"]}}],"collection":[{"href":"https:\/\/diariodominicano.com\/index.php?rest_route=\/wp\/v2\/posts"}],"about":[{"href":"https:\/\/diariodominicano.com\/index.php?rest_route=\/wp\/v2\/types\/post"}],"author":[{"embeddable":true,"href":"https:\/\/diariodominicano.com\/index.php?rest_route=\/wp\/v2\/users\/3"}],"replies":[{"embeddable":true,"href":"https:\/\/diariodominicano.com\/index.php?rest_route=%2Fwp%2Fv2%2Fcomments&post=217641"}],"version-history":[{"count":0,"href":"https:\/\/diariodominicano.com\/index.php?rest_route=\/wp\/v2\/posts\/217641\/revisions"}],"wp:attachment":[{"href":"https:\/\/diariodominicano.com\/index.php?rest_route=%2Fwp%2Fv2%2Fmedia&parent=217641"}],"wp:term":[{"taxonomy":"category","embeddable":true,"href":"https:\/\/diariodominicano.com\/index.php?rest_route=%2Fwp%2Fv2%2Fcategories&post=217641"},{"taxonomy":"post_tag","embeddable":true,"href":"https:\/\/diariodominicano.com\/index.php?rest_route=%2Fwp%2Fv2%2Ftags&post=217641"}],"curies":[{"name":"wp","href":"https:\/\/api.w.org\/{rel}","templated":true}]}}