{"id":217640,"date":"2016-08-30T23:47:49","date_gmt":"2016-08-30T23:47:49","guid":{"rendered":"http:\/\/diariodominicano.ddns.net\/?p=217640"},"modified":"2016-08-30T23:47:49","modified_gmt":"2016-08-30T23:47:49","slug":"presidente-danilo-medina-inaugura-una-escuela-y-un-liceo","status":"publish","type":"post","link":"https:\/\/diariodominicano.com\/?p=217640","title":{"rendered":"&#13;Presidente Danilo Medina inaugura una escuela y un liceo"},"content":{"rendered":"<p><body><\/p>\n<p><img decoding=\"async\" src=\"img3\/ACM_8160 (1).JPG\" \/><br \/><img decoding=\"async\" src=\"img3\/ACM_8098.JPG\" \/><br \/><img decoding=\"async\" src=\"img3\/ACM_8234 (1).JPG\" \/>  <\/p>\n<p><strong><span class=\"text1noticias\">Los nuevos centros educativos est\u00e1n  en Los Frailes II y Cancino I, y tienen rincones tecnol\u00f3gicos, laboratorio de inform\u00e1tica, biblioteca y canchas deportivas, entre otras facilidades. Beneficiar\u00e1n a mil 785 estudiantes.<\/span><\/strong><\/p>\n<p><strong><span class=\"text1noticias\">SANTO DOMINGO ESTE, RD, 30 de Agosto de 2016.-<\/span><\/strong><span class=\"text1noticias\"> El presidente Danilo Medina inaugur\u00f3 este martes  una escuela b\u00e1sica y un liceo secundario en los sectores Los Frailes II y Cancino I del municipio Santo Domingo Este, con una inversi\u00f3n superior a los 143 millones, 156 mil 573 pesos, a trav\u00e9s de la Oficina Supervisora de Obras del Estado (OISOE).<\/span><\/p>\n<p><span class=\"text1noticias\"> <\/span><\/p>\n<p><span class=\"text1noticias\">Las dos edificaciones escolares entregadas por el presidente Danilo Medina, acompa\u00f1ado del ministro de Educaci\u00f3n,  arquitecto Andr\u00e9s Navarro, aportar\u00e1n 57 nuevas aulas a la Tanda Extendida, y beneficiar\u00e1n a  mil 785 estudiantes de los referidos sectores.<\/span><\/p>\n<p><span class=\"text1noticias\"> <\/span><\/p>\n<p><span class=\"text1noticias\">La Escuela B\u00e1sica Kelbyn Obrero de Paz, de 25 aulas, levantada en el barrio San Bartolo de Los Frailes II, con una inversi\u00f3n superior a los 70 millones 335 mil   pesos, est\u00e1 dotada de biblioteca, laboratorio de ciencias, laboratorio de inform\u00e1tica, un rinc\u00f3n tecnol\u00f3gico, cocina-comedor, \u00e1rea de recreo, cancha mixta, entre otras facilidades.<\/span><\/p>\n<p><span class=\"text1noticias\"> <\/span><\/p>\n<p><span class=\"text1noticias\">El Liceo Celeste Argentina Beltr\u00e9 Melo, construido en Cancino I, con una inversi\u00f3n superior a los 72 millones 821 mil pesos, dispone de 32 aulas, laboratorio de ciencias, laboratorio de inform\u00e1tica, rinc\u00f3n tecnol\u00f3gico, canchas mixtas, y cocina-comedor, entre otras \u00e1reas.<\/span><\/p>\n<\/p>\n<p><span class=\"text1noticias\">El primer acto  se realiz\u00f3 en la escuela b\u00e1sica Kelbyn Obrero de Paz en el sector Los Frailes II, bendecido por el sacerdote Julio C\u00e9sar Guime Veras, p\u00e1rroco de de la Iglesia de la Anunciaci\u00f3n; las palabras de bienvenida a cargo de Rosangel Tavarez, directora del centro, y la estudiante de octavo grado, Rosemary Encarnaci\u00f3n, agradeci\u00f3 en nombre de toda la comunidad estudiantil, mientras que el ingeniero Francisco Pag\u00e1n, explic\u00f3 en detalle las caracter\u00edsticas de la infraestructura escolar.<\/span><\/p>\n<\/p>\n<p><strong><span class=\"text1noticias\">Al pronunciar el discurso central, el ministro Navarro destac\u00f3 que los nuevos centros escolares a disposici\u00f3n de las poblaciones de las dos barriadas del municipio Santo Domingo Este, forman parte de la Revoluci\u00f3n Educativa que impulsa el presidente Medina, y que en el nuevo cuatrienio reci\u00e9n iniciado se empe\u00f1ar\u00e1 en el proceso de alfabetizaci\u00f3n nacional, consolidar la jornada de Tanda Extendida, as\u00ed como la capacitaci\u00f3n y mejor\u00eda de la calidad de vida de los docentes.\u00bb<\/span><\/strong><\/p>\n<p><strong><span class=\"text1noticias\"> <\/span><\/strong><\/p>\n<p><span class=\"text1noticias\">Dijo que con la construcci\u00f3n de centenares de escuelas b\u00e1sicas y liceos a nivel nacional, adem\u00e1s de estancias infantiles, con una inversi\u00f3n sin precedente en el sector educativo, sin dejar de mencionar los aumentos de salarios y pensiones dignas al profesorado, \u00abes la m\u00e1s significativa inversi\u00f3n dispuesta por gobernante alguno en la historia republicana, a favor de miles de estudiantes y sus familiares\u00bb.<\/span><\/p>\n<\/p>\n<p><span class=\"text1noticias\">Tras concluir el acto, el presidente Medina y el ministro Navarro, realizaron un recorrido por el nuevo centro docente, junto a Jos\u00e9 Ram\u00f3n Peralta, ministro Administrativo de la Presidencia; Juan Fr\u00edas, gobernador provincial; la senadora Cristina Lizardo, el alcalde Alfredo Mart\u00ednez, y Eduardo Hidalgo, presidente de la Asociaci\u00f3n Dominicana de Profesores (ADP), entre otros funcionarios civiles y militares.<\/span><\/p>\n<\/p>\n<p><span class=\"text1noticias\">El jefe del Estado y el ministro Navarro se trasladaron posteriormente al sector Cancino I, donde encabezaron la inauguraci\u00f3n del Liceo Celeste Argentina Beltr\u00e9 Melo, acto bendecido por el sacerdote Ricardo de la Rosa, de la Parroquia Nuestra Se\u00f1ora de los Dolores. El estudiante \u00c1ngel Luis Mercedes, de segundo grado de media, dio las gracias en nombre de todos sus compa\u00f1eros.  <\/span><\/p>\n<p><span class=\"text1noticias\"> <\/span><\/p>\n<p><span class=\"text1noticias\"><strong>Estad\u00edsticas<\/strong><\/span><\/p>\n<p><span class=\"text1noticias\"><strong> <\/strong><\/span><\/p>\n<p><span class=\"text1noticias\">La provincia Santo Domingo dispone de 195 centros escolares con Tanda Extendida y 124 mil 162 estudiantes. De esa cantidad, 51 escuelas pertenecen al municipio Santo Domingo Este, con una poblaci\u00f3n de 45 mil 514 estudiantes. El total de centros escolares en la referida demarcaci\u00f3n alcanza a 811, con una matr\u00edcula estudiantil de 424 mil 316 alumnos.<\/span><\/p>\n<\/p>\n<\/p>\n<h6> 2016-08-30 23:47:49 <\/h6>\n<p><!--\n<link rel=\"stylesheet\" href=\"css\/bootstrap.min.css\">\n\n\n<ul class=\"pagination\">\n\t    \n\t\n\n<li >\n\t<a href='?page_no=12140'>Previous<\/a>\n\t<\/li>\n\n\n       \n    \n\n<li><a href='?page_no=1'>1<\/a><\/li>\n\n\n\n<li><a href='?page_no=2'>2<\/a><\/li>\n\n\n\n<li><a>...<\/a><\/li>\n\n\n\n<li><a href='?page_no=12139'>12139<\/a><\/li>\n\n\n\n<li><a href='?page_no=12140'>12140<\/a><\/li>\n\n\n\n<li class='active'><a>12141<\/a><\/li>\n\n\n\n<li><a href='?page_no=12142'>12142<\/a><\/li>\n\n\n\n<li><a href='?page_no=12143'>12143<\/a><\/li>\n\n\n\n<li><a>...<\/a><\/li>\n\n\n\n<li><a href='?page_no=56169'>56169<\/a><\/li>\n\n\n\n<li><a href='?page_no=56170'>56170<\/a><\/li>\n\n    \n\t\n\n<li >\n\t<a href='?page_no=12142'>Next<\/a>\n\t<\/li>\n\n\n    \n\n<li><a href='?page_no=56170'>Last &rsaquo;&rsaquo;<\/a><\/li>\n\n<\/ul>\n\n\n--><br \/>\n<\/body><\/p>\n","protected":false},"excerpt":{"rendered":"<p>Los nuevos centros educativos est\u00e1n en Los Frailes II y Cancino I, y tienen rincones tecnol\u00f3gicos, laboratorio de inform\u00e1tica, biblioteca y canchas deportivas, entre otras facilidades. Beneficiar\u00e1n a mil 785 estudiantes. SANTO DOMINGO ESTE, RD, 30 de Agosto de 2016.- El presidente Danilo Medina inaugur\u00f3 este martes una escuela b\u00e1sica y un liceo secundario en [&hellip;]<\/p>\n","protected":false},"author":3,"featured_media":0,"comment_status":"open","ping_status":"open","sticky":false,"template":"","format":"standard","meta":{"footnotes":""},"categories":[20],"tags":[],"class_list":["post-217640","post","type-post","status-publish","format-standard","hentry","category-dominicana-hoy"],"_links":{"self":[{"href":"https:\/\/diariodominicano.com\/index.php?rest_route=\/wp\/v2\/posts\/217640","targetHints":{"allow":["GET"]}}],"collection":[{"href":"https:\/\/diariodominicano.com\/index.php?rest_route=\/wp\/v2\/posts"}],"about":[{"href":"https:\/\/diariodominicano.com\/index.php?rest_route=\/wp\/v2\/types\/post"}],"author":[{"embeddable":true,"href":"https:\/\/diariodominicano.com\/index.php?rest_route=\/wp\/v2\/users\/3"}],"replies":[{"embeddable":true,"href":"https:\/\/diariodominicano.com\/index.php?rest_route=%2Fwp%2Fv2%2Fcomments&post=217640"}],"version-history":[{"count":0,"href":"https:\/\/diariodominicano.com\/index.php?rest_route=\/wp\/v2\/posts\/217640\/revisions"}],"wp:attachment":[{"href":"https:\/\/diariodominicano.com\/index.php?rest_route=%2Fwp%2Fv2%2Fmedia&parent=217640"}],"wp:term":[{"taxonomy":"category","embeddable":true,"href":"https:\/\/diariodominicano.com\/index.php?rest_route=%2Fwp%2Fv2%2Fcategories&post=217640"},{"taxonomy":"post_tag","embeddable":true,"href":"https:\/\/diariodominicano.com\/index.php?rest_route=%2Fwp%2Fv2%2Ftags&post=217640"}],"curies":[{"name":"wp","href":"https:\/\/api.w.org\/{rel}","templated":true}]}}