{"id":217639,"date":"2016-08-31T00:49:37","date_gmt":"2016-08-31T00:49:37","guid":{"rendered":"http:\/\/diariodominicano.ddns.net\/?p=217639"},"modified":"2016-08-31T00:49:37","modified_gmt":"2016-08-31T00:49:37","slug":"margarita-llama-a-funcionarios-a-cumplir-ley-de-declaracion-de-bienes","status":"publish","type":"post","link":"https:\/\/diariodominicano.com\/?p=217639","title":{"rendered":"Margarita llama a funcionarios a cumplir ley de declaraci\u00f3n de bienes"},"content":{"rendered":"<p><body><\/p>\n<p><img decoding=\"async\" src=\"img3\/margarita0.jpg\" \/>  <\/p>\n<p> <strong>Se\u00f1al\u00f3 que como funcionaria del Gobierno realiz\u00f3 su declaraci\u00f3n jurada a igual que la mayor\u00eda de servidores p\u00fablicos, tal y como lo establece  la Ley 311-14 y la C\u00e1mara de Cuentas de la Rep\u00fablica Dominicana.<\/strong><\/p>\n<p><strong> <\/strong><\/p>\n<p><strong>SANTO DOMINGO, 30 de agosto de 2016.- <\/strong>La vicepresidenta de la Rep\u00fablica, Margarita Cede\u00f1o de Fern\u00e1ndez, inst\u00f3 este martes  a todos los funcionarios a cumplir con la ley y realizar su declaraci\u00f3n  jurada de bienes antes del 16 de septiembre, fecha en que vence el plazo.<\/p>\n<\/p>\n<p>Se\u00f1al\u00f3 que como funcionaria del Gobierno realiz\u00f3 su declaraci\u00f3n jurada a igual que la mayor\u00eda de servidores p\u00fablicos, tal y como lo establece  la Ley 311-14 y la C\u00e1mara de Cuentas de la Rep\u00fablica Dominicana.<\/p>\n<\/p>\n<p>\u00abLos dem\u00e1s funcionarios que no han realizado su declaraci\u00f3n jurada, pues, por supuesto que tambi\u00e9n como Vicepresidenta les invito, les motivo a que realicen su declaraci\u00f3n jurada de bienes, que cumplan con la ley\u00bb.<\/p>\n<\/p>\n<p>Recalc\u00f3 que es un deber realizar la declaraci\u00f3n de patrimonio, y as\u00ed contribuir con la trasparencia desde el Estado.<\/p>\n<\/p>\n<p>\u00abSiempre tenemos que dar el ejemplo, siempre tenemos que estar liderando procesos, liderando como pol\u00edticos y tambi\u00e9n, liderando en el \u00e1mbito legal y moral. As\u00ed que a realizar su declaraci\u00f3n jurada, que es algo muy simple, es simple y llanamente decir lo que tienen\u00bb, sostuvo.<\/p>\n<\/p>\n<p>La Ley 311-14 establece sanciones a quienes incumplen con la obligaci\u00f3n de hacer su declaraci\u00f3n jurada, o por falsedad y fraude de datos presentados bajo juramento, que  incluyen desde la calificaci\u00f3n judicial de falta grave o de tercer grado, hasta delitos que conllevan multas y c\u00e1rcel por informaci\u00f3n falsa, as\u00ed como incautaci\u00f3n y decomiso de bienes. Est\u00e1n obligados a realizar su declaraci\u00f3n jurada 6,216 funcionarios.<\/p>\n<\/p>\n<p>La vicepresidente de la Rep\u00fablica  ofreci\u00f3 las declaraciones al ser entrevistada por periodistas que cubr\u00edan este martes la entrega de premios a los ganadores de la segunda edici\u00f3n del Concurso Interdisciplinario de Investigaci\u00f3n Universitaria, organizada por el Instituto OMG, con respaldo de la Vicepresidencia de la Rep\u00fablica. El acto se efectu\u00f3 en la Biblioteca Infantil y Juvenil Rep\u00fablica Dominicana.<\/p>\n<h6> 2016-08-31 00:49:37 <\/h6>\n<p><!--\n<link rel=\"stylesheet\" href=\"css\/bootstrap.min.css\">\n\n\n<ul class=\"pagination\">\n\t    \n\t\n\n<li >\n\t<a href='?page_no=12139'>Previous<\/a>\n\t<\/li>\n\n\n       \n    \n\n<li><a href='?page_no=1'>1<\/a><\/li>\n\n\n\n<li><a href='?page_no=2'>2<\/a><\/li>\n\n\n\n<li><a>...<\/a><\/li>\n\n\n\n<li><a href='?page_no=12138'>12138<\/a><\/li>\n\n\n\n<li><a href='?page_no=12139'>12139<\/a><\/li>\n\n\n\n<li class='active'><a>12140<\/a><\/li>\n\n\n\n<li><a href='?page_no=12141'>12141<\/a><\/li>\n\n\n\n<li><a href='?page_no=12142'>12142<\/a><\/li>\n\n\n\n<li><a>...<\/a><\/li>\n\n\n\n<li><a href='?page_no=56169'>56169<\/a><\/li>\n\n\n\n<li><a href='?page_no=56170'>56170<\/a><\/li>\n\n    \n\t\n\n<li >\n\t<a href='?page_no=12141'>Next<\/a>\n\t<\/li>\n\n\n    \n\n<li><a href='?page_no=56170'>Last &rsaquo;&rsaquo;<\/a><\/li>\n\n<\/ul>\n\n\n--><br \/>\n<\/body><\/p>\n","protected":false},"excerpt":{"rendered":"<p>Se\u00f1al\u00f3 que como funcionaria del Gobierno realiz\u00f3 su declaraci\u00f3n jurada a igual que la mayor\u00eda de servidores p\u00fablicos, tal y como lo establece la Ley 311-14 y la C\u00e1mara de Cuentas de la Rep\u00fablica Dominicana. SANTO DOMINGO, 30 de agosto de 2016.- La vicepresidenta de la Rep\u00fablica, Margarita Cede\u00f1o de Fern\u00e1ndez, inst\u00f3 este martes a [&hellip;]<\/p>\n","protected":false},"author":3,"featured_media":0,"comment_status":"open","ping_status":"open","sticky":false,"template":"","format":"standard","meta":{"footnotes":""},"categories":[20],"tags":[],"class_list":["post-217639","post","type-post","status-publish","format-standard","hentry","category-dominicana-hoy"],"_links":{"self":[{"href":"https:\/\/diariodominicano.com\/index.php?rest_route=\/wp\/v2\/posts\/217639","targetHints":{"allow":["GET"]}}],"collection":[{"href":"https:\/\/diariodominicano.com\/index.php?rest_route=\/wp\/v2\/posts"}],"about":[{"href":"https:\/\/diariodominicano.com\/index.php?rest_route=\/wp\/v2\/types\/post"}],"author":[{"embeddable":true,"href":"https:\/\/diariodominicano.com\/index.php?rest_route=\/wp\/v2\/users\/3"}],"replies":[{"embeddable":true,"href":"https:\/\/diariodominicano.com\/index.php?rest_route=%2Fwp%2Fv2%2Fcomments&post=217639"}],"version-history":[{"count":0,"href":"https:\/\/diariodominicano.com\/index.php?rest_route=\/wp\/v2\/posts\/217639\/revisions"}],"wp:attachment":[{"href":"https:\/\/diariodominicano.com\/index.php?rest_route=%2Fwp%2Fv2%2Fmedia&parent=217639"}],"wp:term":[{"taxonomy":"category","embeddable":true,"href":"https:\/\/diariodominicano.com\/index.php?rest_route=%2Fwp%2Fv2%2Fcategories&post=217639"},{"taxonomy":"post_tag","embeddable":true,"href":"https:\/\/diariodominicano.com\/index.php?rest_route=%2Fwp%2Fv2%2Ftags&post=217639"}],"curies":[{"name":"wp","href":"https:\/\/api.w.org\/{rel}","templated":true}]}}