{"id":217636,"date":"2016-08-31T09:16:29","date_gmt":"2016-08-31T09:16:29","guid":{"rendered":"http:\/\/diariodominicano.ddns.net\/?p=217636"},"modified":"2016-08-31T09:16:29","modified_gmt":"2016-08-31T09:16:29","slug":"alcalde-sdn-asegura-que-las-comunidades-tendran-parte-en-todas-sus-decisiones","status":"publish","type":"post","link":"https:\/\/diariodominicano.com\/?p=217636","title":{"rendered":"Alcalde SDN  asegura que las comunidades tendr\u00e1n parte en todas sus decisiones"},"content":{"rendered":"<p><body><\/p>\n<p><img decoding=\"async\" src=\"img3\/santo domingo norte 31-8.jpeg\" \/>  <\/p>\n<p><span class=\"text1noticias\">Santo Domingo, R. D., 31 de agosto.- El alcalde de Santo Domingo Norte asegur\u00f3 que todas las acciones que tomar\u00e1 ese cabildo lo har\u00e1n bajo la consulta y consentimiento de los ciudadanos e instituciones comunitarias.<\/span><\/p>\n<p><span class=\"text1noticias\"> <\/span><\/p>\n<p><span class=\"text1noticias\">En tal sentido, indic\u00f3 que ya se han iniciado encuentros con los diferentes bloques de juntas de vecinos con el objetivo de orientarle sobre los planes para la recogida de basura en cada sector.<\/span><\/p>\n<p><span class=\"text1noticias\"> <\/span><\/p>\n<p><span class=\"text1noticias\">Insisti\u00f3 en que a 15 d\u00edas de haber tomado posesi\u00f3n se mantiene vigilante supervisando personalmente la situaci\u00f3n del c\u00famulo de basura que se genera en el municipio, y otras situaciones apremiantes que procurar\u00e1 enfrentar con la prioridad que corresponda.<\/span><\/p>\n<p><span class=\"text1noticias\"> <\/span><\/p>\n<p><span class=\"text1noticias\">El funcionario edilicio manifest\u00f3 que aunque algunos medios han hablado de c\u00famulo de basura en algunos municipios del pa\u00eds, en Santo Domingo Norte no existe esa situaci\u00f3n, sino que se trata de la frecuencia con que pasan los camiones recolectores de los desechos s\u00f3lidos.<\/span><\/p>\n<p><span class=\"text1noticias\"> <\/span><\/p>\n<p><span class=\"text1noticias\">Pidi\u00f3 a las instituciones comunitarias canalizar sus diferentes inquietudes ante esa instituci\u00f3n para darle soluci\u00f3n de manera inmediata.<\/span><\/p>\n<p><span class=\"text1noticias\"> <\/span><\/p>\n<p><span class=\"text1noticias\">Cien D\u00edas<\/span><\/p>\n<p><span class=\"text1noticias\"> <\/span><\/p>\n<p><span class=\"text1noticias\"> Explic\u00f3 que debido a las lluvias no ha iniciado sus planes de asfaltado de sus primeros 100 d\u00edas de gesti\u00f3n, los cuales desarrollara en un convenio con el ministerio de Obras P\u00fablicas.<\/span><\/p>\n<p><span class=\"text1noticias\"> <\/span><\/p>\n<p><span class=\"text1noticias\">Explic\u00f3 que entre los barrios cuyo asfaltado se iniciar\u00e1n pr\u00f3ximamente, tan pronto la lluvias lo permitan,  est\u00e1n Sabana Perdida, Guaricano y Villa Mella, entre otros, donde el cabildo construir\u00e1 aceras y contenes.<\/span><\/p>\n<p><span class=\"text1noticias\"> <\/span><\/p>\n<p><span class=\"text1noticias\">Signific\u00f3 que espera con la buena voluntad de Dios poder estar iniciando las obras del presupuesto participativo en las pr\u00f3ximas semanas, entre ellos el Boulevard de la Salud que se realizar\u00e1 en la comunidad de Sabana Perdida.<\/span><\/p>\n<p><span class=\"text1noticias\">  <\/span><\/p>\n<p><span class=\"text1noticias\">Ren\u00e9 Polanco manifest\u00f3 asimismo su preocupaci\u00f3n por la iluminaci\u00f3n del municipio, por lo que tiene programado trabajar en ese sentido para iluminar zonas que permanecen muy oscuras, proyecto a ejecutar en los primeros cien d\u00edas de gesti\u00f3n.<\/span><\/p>\n<p><span class=\"text1noticias\"> <\/span><\/p>\n<p><span class=\"text1noticias\">Signific\u00f3 que tiene sumo inter\u00e9s en trabajar lo que sea prioritario para su municipio, \u00aby soy de opini\u00f3n que la comunidad debe ponerse de acuerdo para que en lugar de solicitarse demasiado obras, se pidan las que se puedan hacer\u00bb.<\/span><\/p>\n<p><span class=\"text1noticias\"> <\/span><\/p>\n<p><span class=\"text1noticias\">Mercados<\/span><\/p>\n<\/p>\n<p><span class=\"text1noticias\"> En otro sentido revel\u00f3 que tiene el prop\u00f3sito de ubicar los terrenos para la construcci\u00f3n de dos mercados en el municipio, debido a que es una comarca muy grande, pero que no quiere improvisar con soluciones inmediata porque entiende que el municipio necesita dos mercados.<\/span><\/p>\n<p><span class=\"text1noticias\"> <\/span><\/p>\n<p><span class=\"text1noticias\">Tambi\u00e9n expres\u00f3 que con los polic\u00edas municipales procura que no se agraven la desorganizaci\u00f3n que hay en algunos lugares, principalmente donde laboran buhoneros y vendedores ambulantes, con quienes program\u00f3 reunirse en las pr\u00f3ximas horas.<\/span><\/p>\n<p><span class=\"text1noticias\"> <\/span><\/p>\n<\/p>\n<h6> 2016-08-31 09:16:29 <\/h6>\n<p><!--\n<link rel=\"stylesheet\" href=\"css\/bootstrap.min.css\">\n\n\n<ul class=\"pagination\">\n\t    \n\t\n\n<li >\n\t<a href='?page_no=12137'>Previous<\/a>\n\t<\/li>\n\n\n       \n    \n\n<li><a href='?page_no=1'>1<\/a><\/li>\n\n\n\n<li><a href='?page_no=2'>2<\/a><\/li>\n\n\n\n<li><a>...<\/a><\/li>\n\n\n\n<li><a href='?page_no=12136'>12136<\/a><\/li>\n\n\n\n<li><a href='?page_no=12137'>12137<\/a><\/li>\n\n\n\n<li class='active'><a>12138<\/a><\/li>\n\n\n\n<li><a href='?page_no=12139'>12139<\/a><\/li>\n\n\n\n<li><a href='?page_no=12140'>12140<\/a><\/li>\n\n\n\n<li><a>...<\/a><\/li>\n\n\n\n<li><a href='?page_no=56169'>56169<\/a><\/li>\n\n\n\n<li><a href='?page_no=56170'>56170<\/a><\/li>\n\n    \n\t\n\n<li >\n\t<a href='?page_no=12139'>Next<\/a>\n\t<\/li>\n\n\n    \n\n<li><a href='?page_no=56170'>Last &rsaquo;&rsaquo;<\/a><\/li>\n\n<\/ul>\n\n\n--><br \/>\n<\/body><\/p>\n","protected":false},"excerpt":{"rendered":"<p>Santo Domingo, R. D., 31 de agosto.- El alcalde de Santo Domingo Norte asegur\u00f3 que todas las acciones que tomar\u00e1 ese cabildo lo har\u00e1n bajo la consulta y consentimiento de los ciudadanos e instituciones comunitarias. En tal sentido, indic\u00f3 que ya se han iniciado encuentros con los diferentes bloques de juntas de vecinos con el [&hellip;]<\/p>\n","protected":false},"author":3,"featured_media":0,"comment_status":"open","ping_status":"open","sticky":false,"template":"","format":"standard","meta":{"footnotes":""},"categories":[20],"tags":[],"class_list":["post-217636","post","type-post","status-publish","format-standard","hentry","category-dominicana-hoy"],"_links":{"self":[{"href":"https:\/\/diariodominicano.com\/index.php?rest_route=\/wp\/v2\/posts\/217636","targetHints":{"allow":["GET"]}}],"collection":[{"href":"https:\/\/diariodominicano.com\/index.php?rest_route=\/wp\/v2\/posts"}],"about":[{"href":"https:\/\/diariodominicano.com\/index.php?rest_route=\/wp\/v2\/types\/post"}],"author":[{"embeddable":true,"href":"https:\/\/diariodominicano.com\/index.php?rest_route=\/wp\/v2\/users\/3"}],"replies":[{"embeddable":true,"href":"https:\/\/diariodominicano.com\/index.php?rest_route=%2Fwp%2Fv2%2Fcomments&post=217636"}],"version-history":[{"count":0,"href":"https:\/\/diariodominicano.com\/index.php?rest_route=\/wp\/v2\/posts\/217636\/revisions"}],"wp:attachment":[{"href":"https:\/\/diariodominicano.com\/index.php?rest_route=%2Fwp%2Fv2%2Fmedia&parent=217636"}],"wp:term":[{"taxonomy":"category","embeddable":true,"href":"https:\/\/diariodominicano.com\/index.php?rest_route=%2Fwp%2Fv2%2Fcategories&post=217636"},{"taxonomy":"post_tag","embeddable":true,"href":"https:\/\/diariodominicano.com\/index.php?rest_route=%2Fwp%2Fv2%2Ftags&post=217636"}],"curies":[{"name":"wp","href":"https:\/\/api.w.org\/{rel}","templated":true}]}}