{"id":217634,"date":"2016-08-31T10:52:30","date_gmt":"2016-08-31T10:52:30","guid":{"rendered":"http:\/\/diariodominicano.ddns.net\/?p=217634"},"modified":"2016-08-31T10:52:30","modified_gmt":"2016-08-31T10:52:30","slug":"region-norte-destacan-cualidades-del-nuevo-director-pn-cibao-central","status":"publish","type":"post","link":"https:\/\/diariodominicano.com\/?p=217634","title":{"rendered":"Regi\u00f3n norte destacan cualidades del nuevo director PN Cibao Central"},"content":{"rendered":"<p><body><\/p>\n<p><img decoding=\"async\" src=\"img3\/direccion norte 31-8.jpg\" \/>  <\/p>\n<p><span class=\"text1noticias\">Por Jose A. Thomas<\/span><\/p>\n<p><span class=\"text1noticias\">Santiago, R. D., 31 de agosto.- Sectores empresariales de la regi\u00f3n norte resaltaron las cualidades morales, el perfil acad\u00e9mico y de trabajo que exhibe el nuevo titular de la Direcci\u00f3n Regional Cibao Central de la Polic\u00eda Nacional, general V\u00edctor Hern\u00e1ndez V\u00e1squez.<\/span><\/p>\n<p><span class=\"text1noticias\"> <\/span><\/p>\n<p><span class=\"text1noticias\">H\u00e9ctor Bienvenido Porqu\u00edn, dirigente empresarial, manifest\u00f3 que el general es un ser humano ejemplar que donde quiera que ha desempe\u00f1ado funciones se ha distinguido por el respeto a los derechos humanos.<\/span><\/p>\n<p><span class=\"text1noticias\"> <\/span><\/p>\n<p><span class=\"text1noticias\">Dijo que en la provincia Peravia, donde Hern\u00e1ndez V\u00e1squez labor\u00f3 por espacio de un a\u00f1o al mando de la Direcci\u00f3n Regional Sur de la PN, hubo una disminuci\u00f3n considerable de los hechos delictivos, lo cual fue valorado por todos los sectores representativos de dicha demarcaci\u00f3n.<\/span><\/p>\n<p><span class=\"text1noticias\"> <\/span><\/p>\n<p><span class=\"text1noticias\">Otra de las personas que respalda la designaci\u00f3n de Hern\u00e1ndez V\u00e1squez es la dirigente comunitaria Elva Reyes, quien asegur\u00f3 que el Cibao tiene un oficial trabajador, honesto y con planes de combatir la delincuencia para que Santiago pueda vivir en un ambiente de paz, como es el deseo de la mayor\u00eda de ciudadanos.<\/span><\/p>\n<p><span class=\"text1noticias\"> <\/span><\/p>\n<p><span class=\"text1noticias\">Por \u00faltimo Reyes agreg\u00f3 que todos los sectores de la regi\u00f3n deben respaldar a Hern\u00e1ndez V\u00e1squez para que tenga una gesti\u00f3n exitosa al frente de la direcci\u00f3n policial.<\/span><\/p>\n<p><span class=\"text1noticias\"> <\/span><\/p>\n<p><span class=\"text1noticias\">Se recuerda que el pasado jueves 25 de este mes, la direcci\u00f3n de la Polic\u00eda Nacional design\u00f3 al general V\u00edctor Hern\u00e1ndez V\u00e1squez como nuevo titular del comando Cibao Central de esa instituci\u00f3n, en sustituci\u00f3n del tambi\u00e9n general Jos\u00e9 Acosta Castellanos, quien pasa a dirigir la Comisi\u00f3n de Reforma de la instituci\u00f3n del ord<\/span>en.<\/p>\n<\/p>\n<h6> 2016-08-31 10:52:30 <\/h6>\n<p><!--\n<link rel=\"stylesheet\" href=\"css\/bootstrap.min.css\">\n\n\n<ul class=\"pagination\">\n\t    \n\t\n\n<li >\n\t<a href='?page_no=12135'>Previous<\/a>\n\t<\/li>\n\n\n       \n    \n\n<li><a href='?page_no=1'>1<\/a><\/li>\n\n\n\n<li><a href='?page_no=2'>2<\/a><\/li>\n\n\n\n<li><a>...<\/a><\/li>\n\n\n\n<li><a href='?page_no=12134'>12134<\/a><\/li>\n\n\n\n<li><a href='?page_no=12135'>12135<\/a><\/li>\n\n\n\n<li class='active'><a>12136<\/a><\/li>\n\n\n\n<li><a href='?page_no=12137'>12137<\/a><\/li>\n\n\n\n<li><a href='?page_no=12138'>12138<\/a><\/li>\n\n\n\n<li><a>...<\/a><\/li>\n\n\n\n<li><a href='?page_no=56169'>56169<\/a><\/li>\n\n\n\n<li><a href='?page_no=56170'>56170<\/a><\/li>\n\n    \n\t\n\n<li >\n\t<a href='?page_no=12137'>Next<\/a>\n\t<\/li>\n\n\n    \n\n<li><a href='?page_no=56170'>Last &rsaquo;&rsaquo;<\/a><\/li>\n\n<\/ul>\n\n\n--><br \/>\n<\/body><\/p>\n","protected":false},"excerpt":{"rendered":"<p>Por Jose A. Thomas Santiago, R. D., 31 de agosto.- Sectores empresariales de la regi\u00f3n norte resaltaron las cualidades morales, el perfil acad\u00e9mico y de trabajo que exhibe el nuevo titular de la Direcci\u00f3n Regional Cibao Central de la Polic\u00eda Nacional, general V\u00edctor Hern\u00e1ndez V\u00e1squez. H\u00e9ctor Bienvenido Porqu\u00edn, dirigente empresarial, manifest\u00f3 que el general es [&hellip;]<\/p>\n","protected":false},"author":3,"featured_media":0,"comment_status":"open","ping_status":"open","sticky":false,"template":"","format":"standard","meta":{"footnotes":""},"categories":[20],"tags":[],"class_list":["post-217634","post","type-post","status-publish","format-standard","hentry","category-dominicana-hoy"],"_links":{"self":[{"href":"https:\/\/diariodominicano.com\/index.php?rest_route=\/wp\/v2\/posts\/217634","targetHints":{"allow":["GET"]}}],"collection":[{"href":"https:\/\/diariodominicano.com\/index.php?rest_route=\/wp\/v2\/posts"}],"about":[{"href":"https:\/\/diariodominicano.com\/index.php?rest_route=\/wp\/v2\/types\/post"}],"author":[{"embeddable":true,"href":"https:\/\/diariodominicano.com\/index.php?rest_route=\/wp\/v2\/users\/3"}],"replies":[{"embeddable":true,"href":"https:\/\/diariodominicano.com\/index.php?rest_route=%2Fwp%2Fv2%2Fcomments&post=217634"}],"version-history":[{"count":0,"href":"https:\/\/diariodominicano.com\/index.php?rest_route=\/wp\/v2\/posts\/217634\/revisions"}],"wp:attachment":[{"href":"https:\/\/diariodominicano.com\/index.php?rest_route=%2Fwp%2Fv2%2Fmedia&parent=217634"}],"wp:term":[{"taxonomy":"category","embeddable":true,"href":"https:\/\/diariodominicano.com\/index.php?rest_route=%2Fwp%2Fv2%2Fcategories&post=217634"},{"taxonomy":"post_tag","embeddable":true,"href":"https:\/\/diariodominicano.com\/index.php?rest_route=%2Fwp%2Fv2%2Ftags&post=217634"}],"curies":[{"name":"wp","href":"https:\/\/api.w.org\/{rel}","templated":true}]}}