{"id":217633,"date":"2016-08-31T11:32:10","date_gmt":"2016-08-31T11:32:10","guid":{"rendered":"http:\/\/diariodominicano.ddns.net\/?p=217633"},"modified":"2016-08-31T11:32:10","modified_gmt":"2016-08-31T11:32:10","slug":"aguas-negras-quiebran-negocios-en-la-calle-30-de-marzo","status":"publish","type":"post","link":"https:\/\/diariodominicano.com\/?p=217633","title":{"rendered":"Aguas Negras quiebran negocios en la calle 30 de Marzo"},"content":{"rendered":"<p><body><\/p>\n<p><img decoding=\"async\" src=\"img3\/quiebran 31-8.jpg\" \/>  <\/p>\n<p><span class=\"text1noticias\">Santo Domingo,  R. D., 31 de agosto.- La acumulaci\u00f3n de aguas negras en la calle 30 de marzo esquina Francia, tiene a los propietarios de viviendas y negocios de art\u00edculos electr\u00f3nicos al borde de la desesperaci\u00f3n por el mal hedor que produce el estancamiento de aguas residuales desde hace m\u00e1s de cinco a\u00f1os.<\/span><\/p>\n<p><span class=\"text1noticias\"> <\/span><\/p>\n<p><span class=\"text1noticias\">Estudiantes  que van a las escuelas tiene que hacer malabares para poder cruzar las contaminadas aguas al estar tapada la alcantarilla.  <\/span><\/p>\n<p><span class=\"text1noticias\">  <\/span><\/p>\n<p><span class=\"text1noticias\">De igual forma se expresaron los clientes que van a las diferentes tiendas a comprar aparatos el\u00e9ctricos, dicen que esto no debe suceder en una calle tan transitada, entienden que estas aguas cloacales est\u00e1n produciendo enfermedades pulmonares  a los residentes de la zona.<\/span><\/p>\n<p><span class=\"text1noticias\"> <\/span><\/p>\n<p><span class=\"text1noticias\">Tambi\u00e9n llama la atenci\u00f3n que a pesar de estar pr\u00f3ximo al palacio presidencial, la Corporaci\u00f3n de Acueducto y Alcantarillado de Santo Domingo (CAASD), los Ministerio de Obras P\u00fablicas (MOPC) Medio Ambiente y el Ayuntamiento del Distrito Nacional  (ADN) no hayan resuelto el problema desde la ra\u00edz.<\/span><\/p>\n<p><span class=\"text1noticias\"> <\/span><\/p>\n<p><span class=\"text1noticias\">El problema se incrementa en los d\u00edas de lluvias que arrastran los desperdicios s\u00f3lidos provocando que los filtrantes e imbornales se tapen y con esto el proceso de descomposici\u00f3n de la basura y el mal olor.<\/span><\/p>\n<p><span class=\"text1noticias\"> <\/span><\/p>\n<p><span class=\"text1noticias\">Los propietarios de viviendas y negocios desde la 27 de Febrero hasta la avenida M\u00e9xico, pr\u00f3ximo a las oficinas gubernamentales, ya no saben qu\u00e9 hacer y esperan con brazos en alto que el gobierno ponga sus ojos y el coraz\u00f3n, para que alguien resuelva este proble<\/span>ma.<\/p>\n<h6> 2016-08-31 11:32:10 <\/h6>\n<p><!--\n<link rel=\"stylesheet\" href=\"css\/bootstrap.min.css\">\n\n\n<ul class=\"pagination\">\n\t    \n\t\n\n<li >\n\t<a href='?page_no=12134'>Previous<\/a>\n\t<\/li>\n\n\n       \n    \n\n<li><a href='?page_no=1'>1<\/a><\/li>\n\n\n\n<li><a href='?page_no=2'>2<\/a><\/li>\n\n\n\n<li><a>...<\/a><\/li>\n\n\n\n<li><a href='?page_no=12133'>12133<\/a><\/li>\n\n\n\n<li><a href='?page_no=12134'>12134<\/a><\/li>\n\n\n\n<li class='active'><a>12135<\/a><\/li>\n\n\n\n<li><a href='?page_no=12136'>12136<\/a><\/li>\n\n\n\n<li><a href='?page_no=12137'>12137<\/a><\/li>\n\n\n\n<li><a>...<\/a><\/li>\n\n\n\n<li><a href='?page_no=56169'>56169<\/a><\/li>\n\n\n\n<li><a href='?page_no=56170'>56170<\/a><\/li>\n\n    \n\t\n\n<li >\n\t<a href='?page_no=12136'>Next<\/a>\n\t<\/li>\n\n\n    \n\n<li><a href='?page_no=56170'>Last &rsaquo;&rsaquo;<\/a><\/li>\n\n<\/ul>\n\n\n--><br \/>\n<\/body><\/p>\n","protected":false},"excerpt":{"rendered":"<p>Santo Domingo, R. D., 31 de agosto.- La acumulaci\u00f3n de aguas negras en la calle 30 de marzo esquina Francia, tiene a los propietarios de viviendas y negocios de art\u00edculos electr\u00f3nicos al borde de la desesperaci\u00f3n por el mal hedor que produce el estancamiento de aguas residuales desde hace m\u00e1s de cinco a\u00f1os. Estudiantes que [&hellip;]<\/p>\n","protected":false},"author":3,"featured_media":0,"comment_status":"open","ping_status":"open","sticky":false,"template":"","format":"standard","meta":{"footnotes":""},"categories":[20],"tags":[],"class_list":["post-217633","post","type-post","status-publish","format-standard","hentry","category-dominicana-hoy"],"_links":{"self":[{"href":"https:\/\/diariodominicano.com\/index.php?rest_route=\/wp\/v2\/posts\/217633","targetHints":{"allow":["GET"]}}],"collection":[{"href":"https:\/\/diariodominicano.com\/index.php?rest_route=\/wp\/v2\/posts"}],"about":[{"href":"https:\/\/diariodominicano.com\/index.php?rest_route=\/wp\/v2\/types\/post"}],"author":[{"embeddable":true,"href":"https:\/\/diariodominicano.com\/index.php?rest_route=\/wp\/v2\/users\/3"}],"replies":[{"embeddable":true,"href":"https:\/\/diariodominicano.com\/index.php?rest_route=%2Fwp%2Fv2%2Fcomments&post=217633"}],"version-history":[{"count":0,"href":"https:\/\/diariodominicano.com\/index.php?rest_route=\/wp\/v2\/posts\/217633\/revisions"}],"wp:attachment":[{"href":"https:\/\/diariodominicano.com\/index.php?rest_route=%2Fwp%2Fv2%2Fmedia&parent=217633"}],"wp:term":[{"taxonomy":"category","embeddable":true,"href":"https:\/\/diariodominicano.com\/index.php?rest_route=%2Fwp%2Fv2%2Fcategories&post=217633"},{"taxonomy":"post_tag","embeddable":true,"href":"https:\/\/diariodominicano.com\/index.php?rest_route=%2Fwp%2Fv2%2Ftags&post=217633"}],"curies":[{"name":"wp","href":"https:\/\/api.w.org\/{rel}","templated":true}]}}