{"id":217631,"date":"2016-08-31T12:29:13","date_gmt":"2016-08-31T12:29:13","guid":{"rendered":"http:\/\/diariodominicano.ddns.net\/?p=217631"},"modified":"2016-08-31T12:29:13","modified_gmt":"2016-08-31T12:29:13","slug":"primera-dama-entrega-utiles-escolares-y-encabeza-operativo-de-desparasitacion","status":"publish","type":"post","link":"https:\/\/diariodominicano.com\/?p=217631","title":{"rendered":"Primera Dama entrega \u00fatiles escolares y encabeza operativo de desparasitaci\u00f3n"},"content":{"rendered":"<p><body><\/p>\n<p><img decoding=\"async\" src=\"img3\/Primeradams31-8.jpg\" \/>  <\/p>\n<p><span class=\"text1noticias\">Santo Domingo, R. D., 31 de agosto.- La Primera Dama C\u00e1ndida Montilla de Medina entreg\u00f3 m\u00e1s de dos mil mochilas con \u00fatiles escolares a ni\u00f1os, ni\u00f1as y adolescentes y encabez\u00f3 una jornada m\u00e9dica de desparasitaci\u00f3n,  en la comunidad El Dique, en Santo Domingo Este, a orillas del r\u00edo Ozama.<\/span><\/p>\n<p><span class=\"text1noticias\"> <\/span><\/p>\n<p><span class=\"text1noticias\">En la actividad, Montilla de Medina estuvo acompa\u00f1ada por el anfitri\u00f3n, padre Manuel Ruiz;  el embajador de la Rep\u00fablica de China-Taiw\u00e1n, Valentino Tang;  el presidente de la Asociaci\u00f3n de Industrias Farmac\u00e9uticas Dominicanas (INFADOMI), Jaime Aristy Escuder; y la directora de Comunicaciones y de Relaciones Corporativas de la telef\u00f3nica Claro, Gerty  Valerio.<\/span><\/p>\n<p><span class=\"text1noticias\"> <\/span><\/p>\n<p><span class=\"text1noticias\">Tambi\u00e9n por la viceministra del Ministerio de Obras P\u00fablicas Francheska de los Santos, en representaci\u00f3n del titular de la cartera, Gonzalo Castillo; as\u00ed como el padre Gerardo (Jerry) Ram\u00edrez, enlace entre la Iglesia Cat\u00f3lica y el Poder Ejecutivo.<\/span><\/p>\n<p><span class=\"text1noticias\"> <\/span><\/p>\n<p><span class=\"text1noticias\">Con la jornada, la Primera Dama de la Rep\u00fablica mantiene la tradici\u00f3n que asumi\u00f3 desde que lleg\u00f3 al Despacho, en agosto del a\u00f1o 2012, y contin\u00faa llevando mochilas, \u00fatiles escolares y salud a residentes en sectores carenciados, en distintos puntos del pa\u00eds.<\/span><\/p>\n<p><span class=\"text1noticias\"> <\/span><\/p>\n<p><span class=\"text1noticias\">Familias beneficiadas <\/span><\/p>\n<p><span class=\"text1noticias\">Cada a\u00f1o el proyecto  \u00abVida sobre el Ozama\u00bb, que dirige el padre Manuel Ru\u00edz, cuenta con la colaboraci\u00f3n de la Primera Dama Montilla de Medina, que los dota de \u00fatiles escolares, uniformes; as\u00ed como de y medicina preventiva y curativa a miles de ni\u00f1os residentes en la zona y sus alrededores.<\/span><\/p>\n<p><span class=\"text1noticias\"> <\/span><\/p>\n<p><span class=\"text1noticias\">Este a\u00f1o, el Despacho de la Primera Dama recorre pueblos y barrios, cuyos dirigentes comunitarios, religiosos, acad\u00e9micos y gremiales, entre otros, intervienen y participan en los procesos de atenci\u00f3n social, educativa y de salud a ni\u00f1os, ni\u00f1as y adolescentes de sus entornos.<\/span><\/p>\n<p><span class=\"text1noticias\"> <\/span><\/p>\n<p><span class=\"text1noticias\">La distribuci\u00f3n de mochilas y \u00fatiles escolares abarca a Santo Domingo, Santiago, San Juan, La Altagracia, La Vega, San Pedro de Macor\u00eds, Monte Plata, Barahona y otras provincias del pa\u00eds, a las que acuden equipos del Despacho de la Primera Dama, en coordinaci\u00f3n con autoridades, comunitarios, religiosos y acad\u00e9micos.<\/span><\/p>\n<p><span class=\"text1noticias\"> <\/span><\/p>\n<p><span class=\"text1noticias\">Agradecimiento<\/span><\/p>\n<p><span class=\"text1noticias\">El sacerdote Manuel Ruiz, quien dirige el proyecto \u00abVida sobre el Ozama\u00bb, agradeci\u00f3 a la Primera Dama C\u00e1ndida Montilla de Medina, a quien define como una \u00abgran madrina\u00bb, su entrega y dedicaci\u00f3n a favor de  los ni\u00f1os de todo el pa\u00eds, sobre todo los que se encuentran en situaci\u00f3n de pobreza.<\/span><\/p>\n<p><span class=\"text1noticias\"> <\/span><\/p>\n<p><span class=\"text1noticias\">Ru\u00edz  valor\u00f3 el beneficio y la tranquilidad de padres y madres y de los propios ni\u00f1os en edad escolar cuando reciben las herramientas necesarias para acudir a las escuelas y colegios para recibir el pan de la ense\u00f1anza.<\/span><\/p>\n<p><span class=\"text1noticias\"> <\/span><\/p>\n<p><span class=\"text1noticias\">Agradeci\u00f3, adem\u00e1s, el permanente apoyo ofrecido por Montilla de Medina a su proyecto \u00abVida Sobre el Ozama\u00bb, en el que no s\u00f3lo hay atenci\u00f3n para ni\u00f1os y ni\u00f1as en materia de educaci\u00f3n, salud y alimentaci\u00f3n, sino tambi\u00e9n a favor del medio ambiente y de todos los ciudadanos que residen en el entorno de ese emblem\u00e1tico r\u00edo.<\/span><\/p>\n<p><span class=\"text1noticias\"> <\/span><\/p>\n<p><span class=\"text1noticias\">Jornada m\u00e9dica<\/span><\/p>\n<p><span class=\"text1noticias\">Concomitantemente con la entrega de mochilas por parte de la Primera Dama, el programa Cuenta Conmigo del Despacho realiz\u00f3 un operativo m\u00e9dico, en el cual fueron desparasitados y dotados de jarabes y vitaminas los miles de ni\u00f1os que acudieron al lugar.<\/span><\/p>\n<p><span class=\"text1noticias\"> <\/span><\/p>\n<p><span class=\"text1noticias\">Montilla de Medina y sus acompa\u00f1antes, conducida por el padre Manuel Ru\u00edz, realiz\u00f3 un recorrido por la sala de lectura reci\u00e9n inaugurada en el proyecto \u00abVida Sobre el R\u00edo Ozama\u00bb y comparti\u00f3 con los peque\u00f1os quienes la recibieron con alegr\u00eda,  entusiasmo, cantos y bailes promovidos por payasos y otras figuras<\/span> infantiles.<\/p>\n<h6> 2016-08-31 12:29:13 <\/h6>\n<p><!--\n<link rel=\"stylesheet\" href=\"css\/bootstrap.min.css\">\n\n\n<ul class=\"pagination\">\n\t    \n\t\n\n<li >\n\t<a href='?page_no=12132'>Previous<\/a>\n\t<\/li>\n\n\n       \n    \n\n<li><a href='?page_no=1'>1<\/a><\/li>\n\n\n\n<li><a href='?page_no=2'>2<\/a><\/li>\n\n\n\n<li><a>...<\/a><\/li>\n\n\n\n<li><a href='?page_no=12131'>12131<\/a><\/li>\n\n\n\n<li><a href='?page_no=12132'>12132<\/a><\/li>\n\n\n\n<li class='active'><a>12133<\/a><\/li>\n\n\n\n<li><a href='?page_no=12134'>12134<\/a><\/li>\n\n\n\n<li><a href='?page_no=12135'>12135<\/a><\/li>\n\n\n\n<li><a>...<\/a><\/li>\n\n\n\n<li><a href='?page_no=56169'>56169<\/a><\/li>\n\n\n\n<li><a href='?page_no=56170'>56170<\/a><\/li>\n\n    \n\t\n\n<li >\n\t<a href='?page_no=12134'>Next<\/a>\n\t<\/li>\n\n\n    \n\n<li><a href='?page_no=56170'>Last &rsaquo;&rsaquo;<\/a><\/li>\n\n<\/ul>\n\n\n--><br \/>\n<\/body><\/p>\n","protected":false},"excerpt":{"rendered":"<p>Santo Domingo, R. D., 31 de agosto.- La Primera Dama C\u00e1ndida Montilla de Medina entreg\u00f3 m\u00e1s de dos mil mochilas con \u00fatiles escolares a ni\u00f1os, ni\u00f1as y adolescentes y encabez\u00f3 una jornada m\u00e9dica de desparasitaci\u00f3n, en la comunidad El Dique, en Santo Domingo Este, a orillas del r\u00edo Ozama. En la actividad, Montilla de Medina [&hellip;]<\/p>\n","protected":false},"author":3,"featured_media":0,"comment_status":"open","ping_status":"open","sticky":false,"template":"","format":"standard","meta":{"footnotes":""},"categories":[20],"tags":[],"class_list":["post-217631","post","type-post","status-publish","format-standard","hentry","category-dominicana-hoy"],"_links":{"self":[{"href":"https:\/\/diariodominicano.com\/index.php?rest_route=\/wp\/v2\/posts\/217631","targetHints":{"allow":["GET"]}}],"collection":[{"href":"https:\/\/diariodominicano.com\/index.php?rest_route=\/wp\/v2\/posts"}],"about":[{"href":"https:\/\/diariodominicano.com\/index.php?rest_route=\/wp\/v2\/types\/post"}],"author":[{"embeddable":true,"href":"https:\/\/diariodominicano.com\/index.php?rest_route=\/wp\/v2\/users\/3"}],"replies":[{"embeddable":true,"href":"https:\/\/diariodominicano.com\/index.php?rest_route=%2Fwp%2Fv2%2Fcomments&post=217631"}],"version-history":[{"count":0,"href":"https:\/\/diariodominicano.com\/index.php?rest_route=\/wp\/v2\/posts\/217631\/revisions"}],"wp:attachment":[{"href":"https:\/\/diariodominicano.com\/index.php?rest_route=%2Fwp%2Fv2%2Fmedia&parent=217631"}],"wp:term":[{"taxonomy":"category","embeddable":true,"href":"https:\/\/diariodominicano.com\/index.php?rest_route=%2Fwp%2Fv2%2Fcategories&post=217631"},{"taxonomy":"post_tag","embeddable":true,"href":"https:\/\/diariodominicano.com\/index.php?rest_route=%2Fwp%2Fv2%2Ftags&post=217631"}],"curies":[{"name":"wp","href":"https:\/\/api.w.org\/{rel}","templated":true}]}}