{"id":217630,"date":"2016-08-31T13:48:50","date_gmt":"2016-08-31T13:48:50","guid":{"rendered":"http:\/\/diariodominicano.ddns.net\/?p=217630"},"modified":"2016-08-31T13:48:50","modified_gmt":"2016-08-31T13:48:50","slug":"llega-a-cuba-primer-vuelo-regular-procedente-de-ee-uu-en-55-anos","status":"publish","type":"post","link":"https:\/\/diariodominicano.com\/?p=217630","title":{"rendered":"Llega a Cuba primer vuelo regular procedente de EE.UU. en 55 a\u00f1os"},"content":{"rendered":"<p><body><\/p>\n<p><img decoding=\"async\" src=\"img3\/cuba_jetblue.jpg\" \/>  <\/p>\n<\/p>\n<p>Exactamente a las 10:56 hora local, el vuelo 387 de la aerol\u00ednea estadounidense JetBlue Airways, un Airbus A-320, toc\u00f3 suelo en el aeropuerto internacional Abel Santamar\u00eda, lo que marca el restablecimiento de los viajes de la citada modalidad entre las dos naciones, tras su interrupci\u00f3n en 1961.<\/p>\n<\/p>\n<p>Calificado de hist\u00f3rico por la compa\u00f1\u00eda y como uno de los acontecimientos m\u00e1s relevantes en sus 16 a\u00f1os, el hecho constituye una valiosa contribuci\u00f3n al proceso hacia la normalizaci\u00f3n de relaciones en el que La Habana y Washington est\u00e1n inmersas desde diciembre de 2014.<\/p>\n<\/p>\n<p>As\u00ed lo reconocen las autoridades del transporte de ambos pa\u00edses, que en febrero firmaron un Memorando de Entendimiento en la esfera, cuya implementaci\u00f3n conllev\u00f3 al reinicio de los vuelos regulares.<\/p>\n<\/p>\n<p>Dicho documento, seg\u00fan explic\u00f3 recientemente el viceministro de Transporte antillano Eduardo Rodr\u00edguez, se aplica sobre la base del respeto mutuo y la reciprocidad, y prev\u00e9 tambi\u00e9n que la aerol\u00ednea Cubana de Aviaci\u00f3n viaje regularmente a Estados Unidos.<\/p>\n<\/p>\n<p>Desde su trayecto inaugural y hasta el 29 de octubre los vuelos de Jet Blue a Santa Clara tendr\u00e1n una frecuencia de tres veces por semana, mientras que a partir de esa fecha ser\u00e1n diarios.<\/p>\n<\/p>\n<p>Posteriormente, tambi\u00e9n a esta ciudad, y de forma paulatina a las de Holgu\u00edn, Cienfuegos, Camag\u00fcey y Matanzas, volar\u00e1n otras aerol\u00edneas estadounidenses como Silver Airways y American Airlines.<\/p>\n<\/p>\n<p>De forma coincidente con el reinicio de los vuelos, este mi\u00e9rcoles viajar\u00e1 tambi\u00e9n a la isla el secretario de Transporte de Estados Unidos, Anthony Foxx.<\/p>\n<\/p>\n<p>Foxx contempla reunirse con autoridades cubanas, entre ellas su hom\u00f3logo antillano Adel Yzquierdo, y el canciller Bruno Rodr\u00edguez, lo que es identificado como una oportunidad para tratar asuntos de \u00edndole bilateral en la esfera.<\/p>\n<\/p>\n<p>A pesar de estos avances, las autoridades cubanas sostienen que el bloqueo econ\u00f3mico, comercial y financiero impuesto por Washington a La Habana desde hace m\u00e1s de medio siglo permanece como un f\u00e9rreo obst\u00e1culo a la normalizaci\u00f3n de las relaciones en el campo de la aviaci\u00f3n civil.<\/p>\n<\/p>\n<p>Esa pol\u00edtica proh\u00edbe a los ciudadanos estadounidenses viajar a Cuba en condici\u00f3n de turistas.<\/p>\n<\/p>\n<p>Hoy solo pueden visitar la isla en la modalidad de viajes de intercambio pueblo a pueblo, dentro de 12 categor\u00edas espec\u00edficas y limitadas.<\/p>\n<h6> 2016-08-31 13:48:50 <\/h6>\n<p><!--\n<link rel=\"stylesheet\" href=\"css\/bootstrap.min.css\">\n\n\n<ul class=\"pagination\">\n\t    \n\t\n\n<li >\n\t<a href='?page_no=12131'>Previous<\/a>\n\t<\/li>\n\n\n       \n    \n\n<li><a href='?page_no=1'>1<\/a><\/li>\n\n\n\n<li><a href='?page_no=2'>2<\/a><\/li>\n\n\n\n<li><a>...<\/a><\/li>\n\n\n\n<li><a href='?page_no=12130'>12130<\/a><\/li>\n\n\n\n<li><a href='?page_no=12131'>12131<\/a><\/li>\n\n\n\n<li class='active'><a>12132<\/a><\/li>\n\n\n\n<li><a href='?page_no=12133'>12133<\/a><\/li>\n\n\n\n<li><a href='?page_no=12134'>12134<\/a><\/li>\n\n\n\n<li><a>...<\/a><\/li>\n\n\n\n<li><a href='?page_no=56169'>56169<\/a><\/li>\n\n\n\n<li><a href='?page_no=56170'>56170<\/a><\/li>\n\n    \n\t\n\n<li >\n\t<a href='?page_no=12133'>Next<\/a>\n\t<\/li>\n\n\n    \n\n<li><a href='?page_no=56170'>Last &rsaquo;&rsaquo;<\/a><\/li>\n\n<\/ul>\n\n\n--><br \/>\n<\/body><\/p>\n","protected":false},"excerpt":{"rendered":"<p>Exactamente a las 10:56 hora local, el vuelo 387 de la aerol\u00ednea estadounidense JetBlue Airways, un Airbus A-320, toc\u00f3 suelo en el aeropuerto internacional Abel Santamar\u00eda, lo que marca el restablecimiento de los viajes de la citada modalidad entre las dos naciones, tras su interrupci\u00f3n en 1961. Calificado de hist\u00f3rico por la compa\u00f1\u00eda y como [&hellip;]<\/p>\n","protected":false},"author":3,"featured_media":0,"comment_status":"open","ping_status":"open","sticky":false,"template":"","format":"standard","meta":{"footnotes":""},"categories":[20],"tags":[],"class_list":["post-217630","post","type-post","status-publish","format-standard","hentry","category-dominicana-hoy"],"_links":{"self":[{"href":"https:\/\/diariodominicano.com\/index.php?rest_route=\/wp\/v2\/posts\/217630","targetHints":{"allow":["GET"]}}],"collection":[{"href":"https:\/\/diariodominicano.com\/index.php?rest_route=\/wp\/v2\/posts"}],"about":[{"href":"https:\/\/diariodominicano.com\/index.php?rest_route=\/wp\/v2\/types\/post"}],"author":[{"embeddable":true,"href":"https:\/\/diariodominicano.com\/index.php?rest_route=\/wp\/v2\/users\/3"}],"replies":[{"embeddable":true,"href":"https:\/\/diariodominicano.com\/index.php?rest_route=%2Fwp%2Fv2%2Fcomments&post=217630"}],"version-history":[{"count":0,"href":"https:\/\/diariodominicano.com\/index.php?rest_route=\/wp\/v2\/posts\/217630\/revisions"}],"wp:attachment":[{"href":"https:\/\/diariodominicano.com\/index.php?rest_route=%2Fwp%2Fv2%2Fmedia&parent=217630"}],"wp:term":[{"taxonomy":"category","embeddable":true,"href":"https:\/\/diariodominicano.com\/index.php?rest_route=%2Fwp%2Fv2%2Fcategories&post=217630"},{"taxonomy":"post_tag","embeddable":true,"href":"https:\/\/diariodominicano.com\/index.php?rest_route=%2Fwp%2Fv2%2Ftags&post=217630"}],"curies":[{"name":"wp","href":"https:\/\/api.w.org\/{rel}","templated":true}]}}