{"id":217626,"date":"2016-09-01T09:57:59","date_gmt":"2016-09-01T09:57:59","guid":{"rendered":"http:\/\/diariodominicano.ddns.net\/?p=217626"},"modified":"2016-09-01T09:57:59","modified_gmt":"2016-09-01T09:57:59","slug":"pared-perez-integra-comision-especial-para-evaluar-aspirantes-miembros-jce","status":"publish","type":"post","link":"https:\/\/diariodominicano.com\/?p=217626","title":{"rendered":"Pared P\u00e9rez integra Comisi\u00f3n Especial para evaluar aspirantes miembros JCE"},"content":{"rendered":"<p><body><\/p>\n<p><img decoding=\"async\" src=\"img3\/Senado 1-9.jpg\" \/>  <\/p>\n<p><span class=\"text1noticias\">Santo Domingo, R. D., 1 de septiembre.- El presidente del Senado, Reinaldo Pared P\u00e9rez, dej\u00f3 conformada este mi\u00e9rcoles la Comisi\u00f3n Especial para estudiar la escogencia de los miembros y suplentes de la Junta Central Electoral.<\/span><\/p>\n<p><span class=\"text1noticias\"> <\/span><\/p>\n<p><span class=\"text1noticias\">Pared P\u00e9rez dijo que con esta escogencia el Senado da cumplimiento a los art\u00edculos 305, 306, 307 y 308 del Reglamento de la C\u00e1mara Alta.<\/span><\/p>\n<p><span class=\"text1noticias\"> <\/span><\/p>\n<p><span class=\"text1noticias\">Esta Comisi\u00f3n Especial ser\u00e1 dirigida por el vicepresidente del Senado, Dionis S\u00e1nchez Carrasco, e integrada por los senadores Rub\u00e9n Dar\u00edo Cruz, Santiago Jos\u00e9 Zorrilla, Rafael Calder\u00f3n, Pedro Alegr\u00eda, Tommy Alberto Gal\u00e1n, Prin Pujals Nolasco, Amable Aristy Castro y F\u00e9lix Nova Paulino.<\/span><\/p>\n<p><span class=\"text1noticias\"> <\/span><\/p>\n<p><span class=\"text1noticias\">De inmediato el presidente de la Comisi\u00f3n Especial para analizar y estudiar la escogencia de los miembros del \u00f3rgano electoral,  Dionis S\u00e1nchez, inform\u00f3 que los miembros de la comisi\u00f3n se reunir\u00e1n ma\u00f1ana jueves a las 3:00 p.m., en un Sal\u00f3n de Comisiones del Senado para establecer el procedimiento de los trabajos que se llevaran a cabo.<\/span><\/p>\n<p><span class=\"text1noticias\"> <\/span><\/p>\n<p><span class=\"text1noticias\">Llam\u00f3 a los interesados en ser miembros de la JCE a depositar sus curr\u00edculum en la referida comisi\u00f3n.<\/span><\/p>\n<p><span class=\"text1noticias\"> <\/span><\/p>\n<p><span class=\"text1noticias\">En la sesi\u00f3n de este mi\u00e9rcoles  el presidente de la C\u00e1mara Alta, Pared P\u00e9rez, anunci\u00f3, adem\u00e1s, la conformaci\u00f3n de 30 de las 32 comisiones permanente del Senado.<\/span><\/p>\n<p><span class=\"text1noticias\"> <\/span><\/p>\n<p><span class=\"text1noticias\">Asimismo, anunci\u00f3 que dentro de estas comisiones no est\u00e1n incluidos como presidentes en ninguna de las comisiones los senadores Amable Aristy Castro y Santiago Jos\u00e9 Zorrilla.<\/span><\/p>\n<p><span class=\"text1noticias\"> <\/span><\/p>\n<p><span class=\"text1noticias\">La Comisi\u00f3n Permanente de Administraci\u00f3n Interior ser\u00e1 presidida  por Reinaldo Pared P\u00e9rez, Dionis S\u00e1nchez Carrasco,   vicepresidente; Antonio  Cruz Torres, secretario y<\/span><\/p>\n<p><span class=\"text1noticias\">Edis Mateo V\u00e1squez, secretario.<\/span><\/p>\n<p><span class=\"text1noticias\"> <\/span><\/p>\n<p><span class=\"text1noticias\">La Comisi\u00f3n Permanente de Asuntos Agropecuarios y Agroindustriales la encabezar\u00e1 Am\u00edlcar de Jes\u00fas Romero,<\/span><\/p>\n<p><span class=\"text1noticias\">Pedro Alegr\u00eda, vicepresidente.<\/span><\/p>\n<p><span class=\"text1noticias\"> <\/span><\/p>\n<p><span class=\"text1noticias\">Comisi\u00f3n Permanente de Asuntos de la Familia y Equidad de G\u00e9nero ser\u00e1 dirigida por Amarilis Santana Cedano,<\/span><\/p>\n<p><span class=\"text1noticias\">Amable Aristy Castro, vicepresidente; mientras la Comisi\u00f3n Permanente de Asuntos Energ\u00e9ticos la encabezar\u00e1 Juan Olando Mercedes y Am\u00edlcar Romero como vicepresidente<\/span><\/p>\n<p><span class=\"text1noticias\"> <\/span><\/p>\n<p><span class=\"text1noticias\">Mientras la Comisi\u00f3n Permanente de Asuntos Fronterizos la presidir\u00e1 Rosa Sonia Mateo Espinosa y Heinz Vieluf Cabrera como vicepresidente; la Comisi\u00f3n Permanente de Contrato la dirigir\u00e1 Antonio De Jes\u00fas Cruz, y como vicepresidente<\/span><\/p>\n<p><span class=\"text1noticias\">Charles Noel Mariottis.<\/span><\/p>\n<p><span class=\"text1noticias\"> <\/span><\/p>\n<p><span class=\"text1noticias\">En tanto que la Comisi\u00f3n Permanente de Cultura la encabezar\u00e1 Edis Fernando Mateo y como vicepresidente<\/span><\/p>\n<p><span class=\"text1noticias\">Adriano S\u00e1nchez Roa; la Comisi\u00f3n Permanente de Defensa y Seguridad Nacional, la dirigir\u00e1 Adriano S\u00e1nchez Roa y como vicepresidente Pedro Alegr\u00eda.<\/span><\/p>\n<p><span class=\"text1noticias\"> <\/span><\/p>\n<p><span class=\"text1noticias\">La Comisi\u00f3n Permanente de Deportes la presidir\u00e1 Manuel de Jes\u00fas Guichardo y Santiago Jos\u00e9 Zorrilla vicepresidente; la <\/span><\/p>\n<p><span class=\"text1noticias\">Comisi\u00f3n Permanente de Desarrollo Municipal Rub\u00e9n Dar\u00edo Cruz Ubiera como presidente y Santiago Jos\u00e9 Zorrilla como vicepresidente; la Comisi\u00f3n Permanente de Comisi\u00f3n de Dominicanos Residentes en el Exterior por Wilton Guerrero y<\/span><\/p>\n<p><span class=\"text1noticias\">Luis Ren\u00e9 Cana\u00e1n Rojas, vicepresidente.<\/span><\/p>\n<p><span class=\"text1noticias\"> <\/span><\/p>\n<p><span class=\"text1noticias\">La Comisi\u00f3n Permanente de Econom\u00eda, Planificaci\u00f3n y Desarrollo por F\u00e9lix Bautista  y Rafael Calder\u00f3n, vicepresidente; la Comisi\u00f3n Permanente de \u00c9tica por<\/span><\/p>\n<p><span class=\"text1noticias\">Pedro Jos\u00e9 Alegr\u00eda como presidente y Jos\u00e9 Ignacio Paliza como vicepresidente; as\u00ed como la Comisi\u00f3n Permanente de Hacienda por Tommy Alberto Gal\u00e1n y Am\u00edlcar Romero,  vicepresidente.<\/span><\/p>\n<p><span class=\"text1noticias\"> <\/span><\/p>\n<p><span class=\"text1noticias\">Mientras la Comisi\u00f3n Permanente de Industria, Comercio y Zonas Francas por Charles Noel Mariotti Tapia y Heinz Vieluf Cabrera, vicepresidente; la Comisi\u00f3n Permanente de Interior y Polic\u00eda y Seguridad Ciudadana por Julio C\u00e9sar Valent\u00edn y<\/span><\/p>\n<p><span class=\"text1noticias\">Adriano S\u00e1nchez Roa, vicepresidente; la Comisi\u00f3n Permanente de Justicia y Derechos Humanos ser\u00e1 dirigida por<\/span><\/p>\n<p><span class=\"text1noticias\">Ar\u00edstides Victoria Yeb y Julio C\u00e9sar Valent\u00edn como vicepresidente.<\/span><\/p>\n<p><span class=\"text1noticias\"> <\/span><\/p>\n<p><span class=\"text1noticias\">La Comisi\u00f3n Permanente de Juventud por Jos\u00e9 Ignacio Paliza y Tommy Alberto Gal\u00e1n como vicepresidente; la Comisi\u00f3n Permanente de Modernizaci\u00f3n y Reforma por Felix V\u00e1squez Espinal  y por Rafael Porfirio Calder\u00f3n como vicepresidente; la<\/span><\/p>\n<p><span class=\"text1noticias\">Comisi\u00f3n Permanente de Obras P\u00fablicas por Euclides Rafael S\u00e1nchez y Felix Bautista como vicepresidente.<\/span><\/p>\n<p><span class=\"text1noticias\"> <\/span><\/p>\n<p><span class=\"text1noticias\">La Comisi\u00f3n Permanente de Presupuesto por Dionis Alfonso S\u00e1nchez y Rafael Calder\u00f3n como vicepresidente; la Comisi\u00f3n Permanente de Recursos Naturales y Medio Ambiente por F\u00e9lix Mar\u00eda Paulino y como vicepresidente Rub\u00e9n Dar\u00edo Cruz; la Comisi\u00f3n Permanente de Relaciones Exteriores y Cooperaci\u00f3n Internacional por Prim Pujals Nolasco y<\/span><\/p>\n<p><span class=\"text1noticias\">Jos\u00e9 Ignacio Paliza como vicepresidente.<\/span><\/p>\n<p><span class=\"text1noticias\"> <\/span><\/p>\n<p><span class=\"text1noticias\">La Comisi\u00f3n Permanente de Salud P\u00fablica por Luis Ren\u00e9 Cana\u00e1n y Amarilis Santana como vicepresidente; la Comisi\u00f3n Permanente de Seguridad Social, Trabajo y Pensiones por<\/span><\/p>\n<p><span class=\"text1noticias\">Rafael Calder\u00f3n y Luis Ren\u00e9 Cana\u00e1n como vicepresidente; la  <\/span><\/p>\n<p><span class=\"text1noticias\">Comisi\u00f3n Permanente de Seguimiento, Control y Evaluaci\u00f3n de la Agenda Parlamentaria Heinz Vieluf Cabrera como presidente y F\u00e9lix Bautista  como vicepresidente.<\/span><\/p>\n<p><span class=\"text1noticias\"> <\/span><\/p>\n<p><span class=\"text1noticias\">La Comisi\u00f3n Permanente de Transporte y Telecomunicaciones<\/span><\/p>\n<p><span class=\"text1noticias\">Jos\u00e9 Rafael Vargas como presidente y Euclides S\u00e1nchez como vicepresidente; la Comisi\u00f3n Permanente de Turismo por<\/span><\/p>\n<p><span class=\"text1noticias\">Manuel Antonio Paula y Santiago Jos\u00e9 Zorrilla como vicepresidente.<\/span><\/p>\n<p><span class=\"text1noticias\"> <\/span><\/p>\n<p><span class=\"text1noticias\">Sesi\u00f3n<\/span><\/p>\n<p><span class=\"text1noticias\"> <\/span><\/p>\n<p><span class=\"text1noticias\">El Senado sancion\u00f3 en primera lectura el proyecto de ley que crea el Instituto del Banano, adem\u00e1s el proyecto de Pagos por Servicios Ambientales.<\/span><\/p>\n<p><span class=\"text1noticias\"> <\/span><\/p>\n<p><span class=\"text1noticias\">Tambi\u00e9n el que instruye la ruta de Turismo Religioso Cultural de la Rep\u00fablica Dominicana o Sendero de la Fe.<\/span><\/p>\n<p><span class=\"text1noticias\"> <\/span><\/p>\n<p><span class=\"text1noticias\">Los legisladores aprobaron adem\u00e1s, el que designa con el nombre de Juana Saltitopa a la  v\u00eda que une el municipio de La Vega con el municipio de Villa Tapia.<\/span><\/p>\n<p><span class=\"text1noticias\"> <\/span><\/p>\n<p><span class=\"text1noticias\">Asimismo fueron sancionada tres resoluciones entre las que figuran la que solicita el Congreso de los Estados Unidos de Am\u00e9rica levantar el Bloqueo Comercial, Econ\u00f3mico a la Rep\u00fablica de Cuba.<\/span><\/p>\n<p><span class=\"text1noticias\"> <\/span><\/p>\n<p><span class=\"text1noticias\">Tambi\u00e9n, la que solicita a la Direcci\u00f3n General de la Polic\u00eda Nacional la instalaci\u00f3n de un destacamento de esa instituci\u00f3n en el Distrito Municipal Los Patos, municipio Para\u00edso, en la provincia Barahona.<\/span><\/p>\n<p><span class=\"text1noticias\"> <\/span><\/p>\n<p><span class=\"text1noticias\">Adem\u00e1s, la que dispone constituir a la Comisi\u00f3n de Permanente de Asuntos Energ\u00e9ticos en comisi\u00f3n de seguimiento al proyecto Presa de Monte Grande e Incorporar transitoriamente a la misma para estos fines a otros senadores de la Regi\u00f3n Enriquillo y de otras demarcaciones que lo soliciten, con fines de rendir un informe al Pleno senatorial.<\/span><\/p>\n<p><span class=\"text1noticias\"> <\/span><\/p>\n<p><span class=\"text1noticias\">Los senadores sancionaron en segunda lectura el proyecto de ley para clasificaci\u00f3n de las Micro, Peque\u00f1a y Medianas Empresas (MIPYME).<\/span><\/p>\n<h6> 2016-09-01 09:57:59 <\/h6>\n<p><!--\n<link rel=\"stylesheet\" href=\"css\/bootstrap.min.css\">\n\n\n<ul class=\"pagination\">\n\t    \n\t\n\n<li >\n\t<a href='?page_no=12128'>Previous<\/a>\n\t<\/li>\n\n\n       \n    \n\n<li><a href='?page_no=1'>1<\/a><\/li>\n\n\n\n<li><a href='?page_no=2'>2<\/a><\/li>\n\n\n\n<li><a>...<\/a><\/li>\n\n\n\n<li><a href='?page_no=12127'>12127<\/a><\/li>\n\n\n\n<li><a href='?page_no=12128'>12128<\/a><\/li>\n\n\n\n<li class='active'><a>12129<\/a><\/li>\n\n\n\n<li><a href='?page_no=12130'>12130<\/a><\/li>\n\n\n\n<li><a href='?page_no=12131'>12131<\/a><\/li>\n\n\n\n<li><a>...<\/a><\/li>\n\n\n\n<li><a href='?page_no=56169'>56169<\/a><\/li>\n\n\n\n<li><a href='?page_no=56170'>56170<\/a><\/li>\n\n    \n\t\n\n<li >\n\t<a href='?page_no=12130'>Next<\/a>\n\t<\/li>\n\n\n    \n\n<li><a href='?page_no=56170'>Last &rsaquo;&rsaquo;<\/a><\/li>\n\n<\/ul>\n\n\n--><br \/>\n<\/body><\/p>\n","protected":false},"excerpt":{"rendered":"<p>Santo Domingo, R. D., 1 de septiembre.- El presidente del Senado, Reinaldo Pared P\u00e9rez, dej\u00f3 conformada este mi\u00e9rcoles la Comisi\u00f3n Especial para estudiar la escogencia de los miembros y suplentes de la Junta Central Electoral. Pared P\u00e9rez dijo que con esta escogencia el Senado da cumplimiento a los art\u00edculos 305, 306, 307 y 308 del [&hellip;]<\/p>\n","protected":false},"author":3,"featured_media":0,"comment_status":"open","ping_status":"open","sticky":false,"template":"","format":"standard","meta":{"footnotes":""},"categories":[20],"tags":[],"class_list":["post-217626","post","type-post","status-publish","format-standard","hentry","category-dominicana-hoy"],"_links":{"self":[{"href":"https:\/\/diariodominicano.com\/index.php?rest_route=\/wp\/v2\/posts\/217626","targetHints":{"allow":["GET"]}}],"collection":[{"href":"https:\/\/diariodominicano.com\/index.php?rest_route=\/wp\/v2\/posts"}],"about":[{"href":"https:\/\/diariodominicano.com\/index.php?rest_route=\/wp\/v2\/types\/post"}],"author":[{"embeddable":true,"href":"https:\/\/diariodominicano.com\/index.php?rest_route=\/wp\/v2\/users\/3"}],"replies":[{"embeddable":true,"href":"https:\/\/diariodominicano.com\/index.php?rest_route=%2Fwp%2Fv2%2Fcomments&post=217626"}],"version-history":[{"count":0,"href":"https:\/\/diariodominicano.com\/index.php?rest_route=\/wp\/v2\/posts\/217626\/revisions"}],"wp:attachment":[{"href":"https:\/\/diariodominicano.com\/index.php?rest_route=%2Fwp%2Fv2%2Fmedia&parent=217626"}],"wp:term":[{"taxonomy":"category","embeddable":true,"href":"https:\/\/diariodominicano.com\/index.php?rest_route=%2Fwp%2Fv2%2Fcategories&post=217626"},{"taxonomy":"post_tag","embeddable":true,"href":"https:\/\/diariodominicano.com\/index.php?rest_route=%2Fwp%2Fv2%2Ftags&post=217626"}],"curies":[{"name":"wp","href":"https:\/\/api.w.org\/{rel}","templated":true}]}}