{"id":217622,"date":"2016-09-01T12:52:20","date_gmt":"2016-09-01T12:52:20","guid":{"rendered":"http:\/\/diariodominicano.ddns.net\/?p=217622"},"modified":"2016-09-01T12:52:20","modified_gmt":"2016-09-01T12:52:20","slug":"ministra-de-salud-publica-define-esperanzador-dialogo-de-esta-tarde-con-el-cmd","status":"publish","type":"post","link":"https:\/\/diariodominicano.com\/?p=217622","title":{"rendered":"Ministra de Salud Publica define esperanzador dialogo de esta tarde con el CMD"},"content":{"rendered":"<p><body><\/p>\n<p><img decoding=\"async\" src=\"img3\/altagracia 1-9.jpg\" \/>  <\/p>\n<p><span class=\"text1noticias\">Santo Domingo, R. D., 1 de septiembre.-  La doctora  Altagracia Guzm\u00e1n Marcelino , actuar ministro de Salud P\u00fablica , defini\u00f3 este jueves como esperanzador la reuni\u00f3n que sostendr\u00e1n esta tarde la direcci\u00f3n del Colegio M\u00e9dico Dominicano y la Comisi\u00f3n designada por el gobierno para buscarle una salida a la crisis hospitalaria con los galenos.<\/span><\/p>\n<p><span class=\"text1noticias\"> <\/span><\/p>\n<p><span class=\"text1noticias\">Si se materializa cualquier tipo de acuerdo entre los m\u00e9dicos y el personal m\u00e9dico y para m\u00e9dico debe ser para beneficio de la poblaci\u00f3n que ha venido demandando salud en los centros asistenciales del Estado, dijo la funcionaria, tras ser consultada por periodistas en la casa de gobierno.<\/span><\/p>\n<p><span class=\"text1noticias\"> <\/span><\/p>\n<p><span class=\"text1noticias\">Dijo que la poblaci\u00f3n dominicana que va a los centro sanitario del Estado aboga por mejores servicios de salud y el gobierno est\u00e1 en el deber de garantizarlo, por lo que el camino del dialogo es lo m\u00e1s correcto entre las partes en conflicto.<\/span><\/p>\n<p><span class=\"text1noticias\"> <\/span><\/p>\n<p><span class=\"text1noticias\">La actitud de los galenos agrupados en el Colegio M\u00e9dico Dominicano es muy correcta de volver a la mesa del dialogo con las autoridades, manifest\u00f3, la doctora Altagracia Guzm\u00e1n Marcelino, ministra de Salud P\u00fablica.<\/span><\/p>\n<p><span class=\"text1noticias\"> <\/span><\/p>\n<p><span class=\"text1noticias\">Sostuvo que la  sensatez es la actitud m\u00e1s adecuada para volver a retomar el dialogo, que siempre resulta esperanzador para ambas partes.<\/span><\/p>\n<p><span class=\"text1noticias\"> <\/span><\/p>\n<p><span class=\"text1noticias\">La ministra de Salud P\u00fablica, hablo, luego de participar en un acto desarrollado con motivo de celebrarse el d\u00eda nacional del Pediat<\/span>ra.<\/p>\n<\/p>\n<h6> 2016-09-01 12:52:20 <\/h6>\n<p><!--\n<link rel=\"stylesheet\" href=\"css\/bootstrap.min.css\">\n\n\n<ul class=\"pagination\">\n\t    \n\t\n\n<li >\n\t<a href='?page_no=12124'>Previous<\/a>\n\t<\/li>\n\n\n       \n    \n\n<li><a href='?page_no=1'>1<\/a><\/li>\n\n\n\n<li><a href='?page_no=2'>2<\/a><\/li>\n\n\n\n<li><a>...<\/a><\/li>\n\n\n\n<li><a href='?page_no=12123'>12123<\/a><\/li>\n\n\n\n<li><a href='?page_no=12124'>12124<\/a><\/li>\n\n\n\n<li class='active'><a>12125<\/a><\/li>\n\n\n\n<li><a href='?page_no=12126'>12126<\/a><\/li>\n\n\n\n<li><a href='?page_no=12127'>12127<\/a><\/li>\n\n\n\n<li><a>...<\/a><\/li>\n\n\n\n<li><a href='?page_no=56169'>56169<\/a><\/li>\n\n\n\n<li><a href='?page_no=56170'>56170<\/a><\/li>\n\n    \n\t\n\n<li >\n\t<a href='?page_no=12126'>Next<\/a>\n\t<\/li>\n\n\n    \n\n<li><a href='?page_no=56170'>Last &rsaquo;&rsaquo;<\/a><\/li>\n\n<\/ul>\n\n\n--><br \/>\n<\/body><\/p>\n","protected":false},"excerpt":{"rendered":"<p>Santo Domingo, R. D., 1 de septiembre.- La doctora Altagracia Guzm\u00e1n Marcelino , actuar ministro de Salud P\u00fablica , defini\u00f3 este jueves como esperanzador la reuni\u00f3n que sostendr\u00e1n esta tarde la direcci\u00f3n del Colegio M\u00e9dico Dominicano y la Comisi\u00f3n designada por el gobierno para buscarle una salida a la crisis hospitalaria con los galenos. Si [&hellip;]<\/p>\n","protected":false},"author":3,"featured_media":0,"comment_status":"open","ping_status":"open","sticky":false,"template":"","format":"standard","meta":{"footnotes":""},"categories":[20],"tags":[],"class_list":["post-217622","post","type-post","status-publish","format-standard","hentry","category-dominicana-hoy"],"_links":{"self":[{"href":"https:\/\/diariodominicano.com\/index.php?rest_route=\/wp\/v2\/posts\/217622","targetHints":{"allow":["GET"]}}],"collection":[{"href":"https:\/\/diariodominicano.com\/index.php?rest_route=\/wp\/v2\/posts"}],"about":[{"href":"https:\/\/diariodominicano.com\/index.php?rest_route=\/wp\/v2\/types\/post"}],"author":[{"embeddable":true,"href":"https:\/\/diariodominicano.com\/index.php?rest_route=\/wp\/v2\/users\/3"}],"replies":[{"embeddable":true,"href":"https:\/\/diariodominicano.com\/index.php?rest_route=%2Fwp%2Fv2%2Fcomments&post=217622"}],"version-history":[{"count":0,"href":"https:\/\/diariodominicano.com\/index.php?rest_route=\/wp\/v2\/posts\/217622\/revisions"}],"wp:attachment":[{"href":"https:\/\/diariodominicano.com\/index.php?rest_route=%2Fwp%2Fv2%2Fmedia&parent=217622"}],"wp:term":[{"taxonomy":"category","embeddable":true,"href":"https:\/\/diariodominicano.com\/index.php?rest_route=%2Fwp%2Fv2%2Fcategories&post=217622"},{"taxonomy":"post_tag","embeddable":true,"href":"https:\/\/diariodominicano.com\/index.php?rest_route=%2Fwp%2Fv2%2Ftags&post=217622"}],"curies":[{"name":"wp","href":"https:\/\/api.w.org\/{rel}","templated":true}]}}