{"id":217621,"date":"2016-09-01T13:45:05","date_gmt":"2016-09-01T13:45:05","guid":{"rendered":"http:\/\/diariodominicano.ddns.net\/?p=217621"},"modified":"2016-09-01T13:45:05","modified_gmt":"2016-09-01T13:45:05","slug":"canciller-miguel-vargas-promete-una-gestion-abierta","status":"publish","type":"post","link":"https:\/\/diariodominicano.com\/?p=217621","title":{"rendered":"&#13;Canciller Miguel Vargas promete una gesti\u00f3n abierta&#13;"},"content":{"rendered":"<p><body><\/p>\n<p><img decoding=\"async\" src=\"img3\/miguelvargas.jpg\" \/>  <\/p>\n<\/p>\n<\/p>\n<p>Al dar la bienvenida al encuentro, Vargas enfatiz\u00f3 su inter\u00e9s de desarrollar una gesti\u00f3n abierta y de cara a los medios de comunicaci\u00f3n, que son los ojos del pa\u00eds, adem\u00e1s de conocer de manera directa la visi\u00f3n y expectativas de los directores de medios con relaci\u00f3n a la pol\u00edtica exterior.<\/p>\n<\/p>\n<p>Asistieron el presidente de la SDD, Persio Maldonado, director de El Nuevo Diario; Enmanuel Castillo, director de La Informaci\u00f3n; Miguel Franjul, director del List\u00edn Diario; Adriano Miguel Tejada, director de Diario Libre.<\/p>\n<\/p>\n<p>Asimismo, Manuel Corripio, vicepresidente del Grupo Corripio, del cual tambi\u00e9n asistieron los ejecutivos period\u00edsticos, Rafael Molina Morilla, director de El D\u00eda; Nelson Marrero, subdirector de Hoy y Alberto Caminero, editor pol\u00edtico de El Nacional.<\/p>\n<\/p>\n<p>El canciller Vargas les inform\u00f3 que en continuidad con los compromisos internacionales que el pa\u00eds tiene pendientes a mediados de este mes viajar\u00e1 a Nueva York y a Venezuela, para participar en el Septuag\u00e9simo Primer Per\u00edodo de Sesiones de la Asamblea General de la ONU y la Cumbre de Pa\u00edses No Alineados, respectivamente.<\/p>\n<\/p>\n<p>El Canciller reiter\u00f3 la importancia de que el pa\u00eds contin\u00fae desarrollando con \u00e9xito la agenda de compromisos relacionados con la presidencia Pro-T\u00e9mpore de la Comunidad de Estados Latinoamericanos y Caribe\u00f1os (CELAC), que ostentar\u00e1 hasta el venidero mes de enero.<\/p>\n<h6> 2016-09-01 13:45:05 <\/h6>\n<p><!--\n<link rel=\"stylesheet\" href=\"css\/bootstrap.min.css\">\n\n\n<ul class=\"pagination\">\n\t    \n\t\n\n<li >\n\t<a href='?page_no=12123'>Previous<\/a>\n\t<\/li>\n\n\n       \n    \n\n<li><a href='?page_no=1'>1<\/a><\/li>\n\n\n\n<li><a href='?page_no=2'>2<\/a><\/li>\n\n\n\n<li><a>...<\/a><\/li>\n\n\n\n<li><a href='?page_no=12122'>12122<\/a><\/li>\n\n\n\n<li><a href='?page_no=12123'>12123<\/a><\/li>\n\n\n\n<li class='active'><a>12124<\/a><\/li>\n\n\n\n<li><a href='?page_no=12125'>12125<\/a><\/li>\n\n\n\n<li><a href='?page_no=12126'>12126<\/a><\/li>\n\n\n\n<li><a>...<\/a><\/li>\n\n\n\n<li><a href='?page_no=56169'>56169<\/a><\/li>\n\n\n\n<li><a href='?page_no=56170'>56170<\/a><\/li>\n\n    \n\t\n\n<li >\n\t<a href='?page_no=12125'>Next<\/a>\n\t<\/li>\n\n\n    \n\n<li><a href='?page_no=56170'>Last &rsaquo;&rsaquo;<\/a><\/li>\n\n<\/ul>\n\n\n--><br \/>\n<\/body><\/p>\n","protected":false},"excerpt":{"rendered":"<p>Al dar la bienvenida al encuentro, Vargas enfatiz\u00f3 su inter\u00e9s de desarrollar una gesti\u00f3n abierta y de cara a los medios de comunicaci\u00f3n, que son los ojos del pa\u00eds, adem\u00e1s de conocer de manera directa la visi\u00f3n y expectativas de los directores de medios con relaci\u00f3n a la pol\u00edtica exterior. Asistieron el presidente de la [&hellip;]<\/p>\n","protected":false},"author":3,"featured_media":0,"comment_status":"open","ping_status":"open","sticky":false,"template":"","format":"standard","meta":{"footnotes":""},"categories":[20],"tags":[],"class_list":["post-217621","post","type-post","status-publish","format-standard","hentry","category-dominicana-hoy"],"_links":{"self":[{"href":"https:\/\/diariodominicano.com\/index.php?rest_route=\/wp\/v2\/posts\/217621","targetHints":{"allow":["GET"]}}],"collection":[{"href":"https:\/\/diariodominicano.com\/index.php?rest_route=\/wp\/v2\/posts"}],"about":[{"href":"https:\/\/diariodominicano.com\/index.php?rest_route=\/wp\/v2\/types\/post"}],"author":[{"embeddable":true,"href":"https:\/\/diariodominicano.com\/index.php?rest_route=\/wp\/v2\/users\/3"}],"replies":[{"embeddable":true,"href":"https:\/\/diariodominicano.com\/index.php?rest_route=%2Fwp%2Fv2%2Fcomments&post=217621"}],"version-history":[{"count":0,"href":"https:\/\/diariodominicano.com\/index.php?rest_route=\/wp\/v2\/posts\/217621\/revisions"}],"wp:attachment":[{"href":"https:\/\/diariodominicano.com\/index.php?rest_route=%2Fwp%2Fv2%2Fmedia&parent=217621"}],"wp:term":[{"taxonomy":"category","embeddable":true,"href":"https:\/\/diariodominicano.com\/index.php?rest_route=%2Fwp%2Fv2%2Fcategories&post=217621"},{"taxonomy":"post_tag","embeddable":true,"href":"https:\/\/diariodominicano.com\/index.php?rest_route=%2Fwp%2Fv2%2Ftags&post=217621"}],"curies":[{"name":"wp","href":"https:\/\/api.w.org\/{rel}","templated":true}]}}