{"id":217620,"date":"2016-09-02T01:01:15","date_gmt":"2016-09-02T01:01:15","guid":{"rendered":"http:\/\/diariodominicano.ddns.net\/?p=217620"},"modified":"2016-09-02T01:01:15","modified_gmt":"2016-09-02T01:01:15","slug":"vicepresidencia-convoca-al-cuarto-premio-voluntariado-solidario","status":"publish","type":"post","link":"https:\/\/diariodominicano.com\/?p=217620","title":{"rendered":"Vicepresidencia convoca al Cuarto Premio Voluntariado Solidario"},"content":{"rendered":"<p><body><\/p>\n<p><img decoding=\"async\" src=\"img3\/julieta.jpg\" \/>  <\/p>\n<p>E<strong>l premio es una iniciativa de la vicepresidenta de la Rep\u00fablica, doctora Margarita Cede\u00f1o, que se circunscribe a la estrategia Alianza contra la Pobreza, y reconoce la labor altruista que realizan m\u00e1s de 16 mil voluntarios y dos mil instituciones<\/strong><\/p>\n<p><strong> <\/strong><\/p>\n<p><strong>SANTO DOMINGO, 1 de septiembre de 2016.-<\/strong> La Vicepresidencia de la Rep\u00fablica dej\u00f3 abierta las postulaciones para la cuarta edici\u00f3n del Premio Voluntariado Solidario, el cual busca reconocer y promover las acciones generosas y altruistas de personas que contribuyen con el desarrollo del pa\u00eds y fomentan la pr\u00e1ctica del valor de la solidaridad.<\/p>\n<\/p>\n<p>El anuncio fue hecho por la directora del departamento de Comunicaci\u00f3n Estrat\u00e9gica de la Vicepresidencia, Julieta Tejada, quien llam\u00f3 a las instituciones de los sectores p\u00fablico y privado a responder a la convocatoria y proponer a sus candidatos.<\/p>\n<\/p>\n<p>El premio, iniciativa de la vicepresidenta de la Rep\u00fablica, doctora Margarita Cede\u00f1o, que se circunscribe a la estrategia Alianza contra la Pobreza, reconoce la labor que realizan m\u00e1s de 16 mil voluntarios y dos mil instituciones que trabajan de manera mancomunada con el Gabinete de Coordinaci\u00f3n de Pol\u00edticas Sociales (GCPS) que ella dirige.<\/p>\n<\/p>\n<p>Destac\u00f3 que con la premiaci\u00f3n la Vicepresidenta rinde honor a las personas que han encontrado el verdadero sentido de su existencia en el servicio y el amor al pr\u00f3jimo.<\/p>\n<p>Tejada llam\u00f3 a las entidades de la sociedad a animarse a participar y nominar sus candidatos a las distintas categor\u00edas, a los fines de promover una cultura del voluntariado en el pa\u00eds, que este a\u00f1o contempla las \u00e1reas de reducci\u00f3n de la pobreza, educaci\u00f3n, ni\u00f1ez, salud, juventud, mujer, inclusi\u00f3n, recursos naturales y medioambiente, deportes, entre otros.<\/p>\n<p>De su lado, Addys Then, directora de Alianza ONG, una instituci\u00f3n que agrupa a 27 entidades de la sociedad civil, sostuvo que la organizaci\u00f3n que coordina est\u00e1 muy complacida de formar parte de los esfuerzos para reconocer a los voluntarios, ya que es una de las labores m\u00e1s significativas que puede desarrollar un ser humano en favor de su pr\u00f3jimo o de una comunidad.<\/p>\n<p>El acto se realiz\u00f3 en la sala de exposiciones Doctora Margarita Cede\u00f1o de la Biblioteca Infantil y Juvenil Rep\u00fablica Dominicana (BIJRD). Las personas interesadas deben acceder a la p\u00e1gina www.progresandoconsolidaridad.gob.do, llenar el formulario y explicar cu\u00e1les son las actividades a las que se dedica en su comunidad y avalar su propuesta con una de las entidades que forman parte de la Alianza contra la <strong>Pobreza o una instituci\u00f3n p\u00fablica que pueda dar testimonio de su labor en las \u00e1reas seleccionadas.<\/strong><\/p>\n<p><strong> <\/strong><\/p>\n<p><strong>Detalles del concurso<\/strong><\/p>\n<\/p>\n<p>Para los fines de la premiaci\u00f3n se ha establecido como voluntariado el mecanismo de participaci\u00f3n mediante el cual las personas motivadas por un esp\u00edritu altruista se articulan y ponen en acci\u00f3n los valores de cooperaci\u00f3n y solidaridad en beneficio de la comunidad, de conformidad con la Ley de Voluntariado 61-13.<\/p>\n<\/p>\n<p>Para participar se requiere ser dominicano o dominicana residente en el pa\u00eds, con una trayectoria de servicio voluntario y que est\u00e9n debidamente avalados por una instituci\u00f3n p\u00fablica o privada.  El premio se clasificar\u00e1 en grupos de edades de 14 a 24 a\u00f1os, 25 a 35 y a partir de los 35 a\u00f1os.<\/p>\n<\/p>\n<p>Asimismo, ser\u00e1 reconocido el aporte humanitario de las personas que contribuyeron al desarrollo del pa\u00eds en \u00e1reas priorizadas por la Estrategia Nacional de Desarrollo, los Objetivos de Desarrollo Sostenible y la Red de Protecci\u00f3n Social del GCPS a trav\u00e9s de Prosoli.<\/p>\n<\/p>\n<p>El jurado estar\u00e1 compuesto por representantes de las instituciones que conforman la Alianza contra la Pobreza y entidades gubernamentales vinculadas a la acci\u00f3n desarrollada por la persona postulada.<\/p>\n<\/p>\n<p>La Vicepresidencia realiza la convocatoria cada a\u00f1o para que las instituciones p\u00fablicas, organizaciones de la sociedad civil, centros educativos y universitarios presenten sus propuestas para el Premio Voluntariado Solidario a partir de los par\u00e1metros citados.<\/p>\n<\/p>\n<p>Con esta iniciativa el Gobierno da cumplimiento a la Ley del Voluntariado Dominicano 61-13, que ordena al Estado  promover, en colaboraci\u00f3n con las organizaciones de la sociedad civil, el establecimiento de mecanismos de asistencia t\u00e9cnica, campa\u00f1as de divulgaci\u00f3n y reconocimiento de las actividades desinteresadas en pro del bienestar de los m\u00e1s necesitados.<\/p>\n<h6> 2016-09-02 01:01:15 <\/h6>\n<p><!--\n<link rel=\"stylesheet\" href=\"css\/bootstrap.min.css\">\n\n\n<ul class=\"pagination\">\n\t    \n\t\n\n<li >\n\t<a href='?page_no=12122'>Previous<\/a>\n\t<\/li>\n\n\n       \n    \n\n<li><a href='?page_no=1'>1<\/a><\/li>\n\n\n\n<li><a href='?page_no=2'>2<\/a><\/li>\n\n\n\n<li><a>...<\/a><\/li>\n\n\n\n<li><a href='?page_no=12121'>12121<\/a><\/li>\n\n\n\n<li><a href='?page_no=12122'>12122<\/a><\/li>\n\n\n\n<li class='active'><a>12123<\/a><\/li>\n\n\n\n<li><a href='?page_no=12124'>12124<\/a><\/li>\n\n\n\n<li><a href='?page_no=12125'>12125<\/a><\/li>\n\n\n\n<li><a>...<\/a><\/li>\n\n\n\n<li><a href='?page_no=56169'>56169<\/a><\/li>\n\n\n\n<li><a href='?page_no=56170'>56170<\/a><\/li>\n\n    \n\t\n\n<li >\n\t<a href='?page_no=12124'>Next<\/a>\n\t<\/li>\n\n\n    \n\n<li><a href='?page_no=56170'>Last &rsaquo;&rsaquo;<\/a><\/li>\n\n<\/ul>\n\n\n--><br \/>\n<\/body><\/p>\n","protected":false},"excerpt":{"rendered":"<p>El premio es una iniciativa de la vicepresidenta de la Rep\u00fablica, doctora Margarita Cede\u00f1o, que se circunscribe a la estrategia Alianza contra la Pobreza, y reconoce la labor altruista que realizan m\u00e1s de 16 mil voluntarios y dos mil instituciones SANTO DOMINGO, 1 de septiembre de 2016.- La Vicepresidencia de la Rep\u00fablica dej\u00f3 abierta las [&hellip;]<\/p>\n","protected":false},"author":3,"featured_media":0,"comment_status":"open","ping_status":"open","sticky":false,"template":"","format":"standard","meta":{"footnotes":""},"categories":[20],"tags":[],"class_list":["post-217620","post","type-post","status-publish","format-standard","hentry","category-dominicana-hoy"],"_links":{"self":[{"href":"https:\/\/diariodominicano.com\/index.php?rest_route=\/wp\/v2\/posts\/217620","targetHints":{"allow":["GET"]}}],"collection":[{"href":"https:\/\/diariodominicano.com\/index.php?rest_route=\/wp\/v2\/posts"}],"about":[{"href":"https:\/\/diariodominicano.com\/index.php?rest_route=\/wp\/v2\/types\/post"}],"author":[{"embeddable":true,"href":"https:\/\/diariodominicano.com\/index.php?rest_route=\/wp\/v2\/users\/3"}],"replies":[{"embeddable":true,"href":"https:\/\/diariodominicano.com\/index.php?rest_route=%2Fwp%2Fv2%2Fcomments&post=217620"}],"version-history":[{"count":0,"href":"https:\/\/diariodominicano.com\/index.php?rest_route=\/wp\/v2\/posts\/217620\/revisions"}],"wp:attachment":[{"href":"https:\/\/diariodominicano.com\/index.php?rest_route=%2Fwp%2Fv2%2Fmedia&parent=217620"}],"wp:term":[{"taxonomy":"category","embeddable":true,"href":"https:\/\/diariodominicano.com\/index.php?rest_route=%2Fwp%2Fv2%2Fcategories&post=217620"},{"taxonomy":"post_tag","embeddable":true,"href":"https:\/\/diariodominicano.com\/index.php?rest_route=%2Fwp%2Fv2%2Ftags&post=217620"}],"curies":[{"name":"wp","href":"https:\/\/api.w.org\/{rel}","templated":true}]}}