{"id":217618,"date":"2016-09-02T06:34:39","date_gmt":"2016-09-02T06:34:39","guid":{"rendered":"http:\/\/diariodominicano.ddns.net\/?p=217618"},"modified":"2016-09-02T06:34:39","modified_gmt":"2016-09-02T06:34:39","slug":"alcalde-busca-mecanismos-para-organizar-comerciantes-informales","status":"publish","type":"post","link":"https:\/\/diariodominicano.com\/?p=217618","title":{"rendered":"Alcalde busca mecanismos para organizar comerciantes informales"},"content":{"rendered":"<p><body><\/p>\n<p><img decoding=\"async\" src=\"img3\/Norte2-9.jpg\" \/>  <\/p>\n<p><span class=\"text1noticias\">Santo Domingo Norte, R. D., 2 de septiembre.- El alcalde de Santo Domingo Note, Ren\u00e9 Polanco y  buhoneros que ocupan las aceras en las principales avenidas de ese municipio sostuvieron un primer encuentro donde de manera fraternal acordaron medidas trascendentales para logar la limpieza y eliminaci\u00f3n de la arrabalizaci\u00f3n existente en esos lugares.<\/span><\/p>\n<p><span class=\"text1noticias\"> <\/span><\/p>\n<p><span class=\"text1noticias\">El ejecutivo municipal y los buhoneros  trazaron l\u00edneas generales sobre los mecanismos a aplicar para la organizaci\u00f3n de los comerciantes informales.<\/span><\/p>\n<p><span class=\"text1noticias\"> <\/span><\/p>\n<p><span class=\"text1noticias\">            Explic\u00f3 su disposici\u00f3n de recuperar los espacios p\u00fablicos ocupados por los buhoneros, pero sin adoptar contra ellos ning\u00fan tipo de represi\u00f3n, sino que \u00abnos pongamos de acuerdos para quitar los tarantines de las aceras y las v\u00edas p\u00fablicas\u00bb.<\/span><\/p>\n<p><span class=\"text1noticias\"> <\/span><\/p>\n<p><span class=\"text1noticias\">            En la reuni\u00f3n, celebrada en la sede del Ayuntamiento, participaron las Asociaciones de Buhoneros de Sabana Perdida, de la Avenida Charles De Gaulle, as\u00ed como los de Guaricano, y todos justificaron el trabajo que realizan para ganar el sustento de sus familias.<\/span><\/p>\n<p><span class=\"text1noticias\"> <\/span><\/p>\n<p><span class=\"text1noticias\">            Reconocieron no obstante la responsabilidad del alcalde de limpiar y mantener limpio el municipio, y agradecieron que antes de aplicar ning\u00fan tipo de medida en su contra, se le convocara a buscar soluci\u00f3n al problema junto al ejecutivo municipal.<\/span><\/p>\n<p><span class=\"text1noticias\"> <\/span><\/p>\n<p><span class=\"text1noticias\">            Junto al alcalde Ren\u00e9 Polanco participaron del encuentro el director de Espacios P\u00fablicos del Ayuntamiento, Miguel Mart\u00ednez, el director de Aseo Urbano, S\u00f3crates P\u00e9rez y el jefe la Polic\u00eda Municipal, Robinson Guill\u00e9n.<\/span><\/p>\n<p><span class=\"text1noticias\"> <\/span><\/p>\n<p>            Mientras que entre los dirigentes de los buhoneros estuvieron, entre otros, Manuel Santos, Yosel\u00edn Cost, Federico Garc\u00eda y Tony Rodr\u00edguez, asesor de las Asociaciones de Buhoneros de Sabana Perdida.<\/p>\n<\/p>\n<p>Tambi\u00e9n Jos\u00e9 Manuel Ure\u00f1a, Evelin Hern\u00e1ndez, Javier Ure\u00f1a, Santos y H\u00e9ctor Ventura por los buhoneros de la Charles De Gaulle;  en tanto que por los de Guaricano estuvieron Agust\u00edn Holgu\u00edn (El Gallo), Juana Concepci\u00f3n Zapata, Ercilio Jim\u00e9nez y otros.<\/p>\n<p> Asimismo asistieron personas que se sienten afectadas por las labores de los buhoneros en las inmediaciones a sus viviendas, como la se\u00f1ora Isabel de la Cruz, del sector Sabana Perdida.<\/p>\n<\/p>\n<p>El alcalde Ren\u00e9 Polanco y los buhoneros acordaron volver a reunirse dentro de 15 d\u00edas, para evaluar los resultados de las actitudes que adoptar\u00e1n los venderos en procura de comenzar a aliviar la arrabalizaci\u00f3n en el municipio Santo Domingo Norte.<\/p>\n<h6> 2016-09-02 06:34:39 <\/h6>\n<p><!--\n<link rel=\"stylesheet\" href=\"css\/bootstrap.min.css\">\n\n\n<ul class=\"pagination\">\n\t    \n\t\n\n<li >\n\t<a href='?page_no=12120'>Previous<\/a>\n\t<\/li>\n\n\n       \n    \n\n<li><a href='?page_no=1'>1<\/a><\/li>\n\n\n\n<li><a href='?page_no=2'>2<\/a><\/li>\n\n\n\n<li><a>...<\/a><\/li>\n\n\n\n<li><a href='?page_no=12119'>12119<\/a><\/li>\n\n\n\n<li><a href='?page_no=12120'>12120<\/a><\/li>\n\n\n\n<li class='active'><a>12121<\/a><\/li>\n\n\n\n<li><a href='?page_no=12122'>12122<\/a><\/li>\n\n\n\n<li><a href='?page_no=12123'>12123<\/a><\/li>\n\n\n\n<li><a>...<\/a><\/li>\n\n\n\n<li><a href='?page_no=56169'>56169<\/a><\/li>\n\n\n\n<li><a href='?page_no=56170'>56170<\/a><\/li>\n\n    \n\t\n\n<li >\n\t<a href='?page_no=12122'>Next<\/a>\n\t<\/li>\n\n\n    \n\n<li><a href='?page_no=56170'>Last &rsaquo;&rsaquo;<\/a><\/li>\n\n<\/ul>\n\n\n--><br \/>\n<\/body><\/p>\n","protected":false},"excerpt":{"rendered":"<p>Santo Domingo Norte, R. D., 2 de septiembre.- El alcalde de Santo Domingo Note, Ren\u00e9 Polanco y buhoneros que ocupan las aceras en las principales avenidas de ese municipio sostuvieron un primer encuentro donde de manera fraternal acordaron medidas trascendentales para logar la limpieza y eliminaci\u00f3n de la arrabalizaci\u00f3n existente en esos lugares. El ejecutivo [&hellip;]<\/p>\n","protected":false},"author":3,"featured_media":0,"comment_status":"open","ping_status":"open","sticky":false,"template":"","format":"standard","meta":{"footnotes":""},"categories":[20],"tags":[],"class_list":["post-217618","post","type-post","status-publish","format-standard","hentry","category-dominicana-hoy"],"_links":{"self":[{"href":"https:\/\/diariodominicano.com\/index.php?rest_route=\/wp\/v2\/posts\/217618","targetHints":{"allow":["GET"]}}],"collection":[{"href":"https:\/\/diariodominicano.com\/index.php?rest_route=\/wp\/v2\/posts"}],"about":[{"href":"https:\/\/diariodominicano.com\/index.php?rest_route=\/wp\/v2\/types\/post"}],"author":[{"embeddable":true,"href":"https:\/\/diariodominicano.com\/index.php?rest_route=\/wp\/v2\/users\/3"}],"replies":[{"embeddable":true,"href":"https:\/\/diariodominicano.com\/index.php?rest_route=%2Fwp%2Fv2%2Fcomments&post=217618"}],"version-history":[{"count":0,"href":"https:\/\/diariodominicano.com\/index.php?rest_route=\/wp\/v2\/posts\/217618\/revisions"}],"wp:attachment":[{"href":"https:\/\/diariodominicano.com\/index.php?rest_route=%2Fwp%2Fv2%2Fmedia&parent=217618"}],"wp:term":[{"taxonomy":"category","embeddable":true,"href":"https:\/\/diariodominicano.com\/index.php?rest_route=%2Fwp%2Fv2%2Fcategories&post=217618"},{"taxonomy":"post_tag","embeddable":true,"href":"https:\/\/diariodominicano.com\/index.php?rest_route=%2Fwp%2Fv2%2Ftags&post=217618"}],"curies":[{"name":"wp","href":"https:\/\/api.w.org\/{rel}","templated":true}]}}