{"id":217614,"date":"2016-09-03T13:25:50","date_gmt":"2016-09-03T13:25:50","guid":{"rendered":"http:\/\/diariodominicano.ddns.net\/?p=217614"},"modified":"2016-09-03T13:25:50","modified_gmt":"2016-09-03T13:25:50","slug":"uasd-inicia-v11-jornada-latinoamericana-de-genetica-forense","status":"publish","type":"post","link":"https:\/\/diariodominicano.com\/?p=217614","title":{"rendered":"UASD inicia V11 jornada latinoamericana de Gen\u00e9tica Forense"},"content":{"rendered":"<p><body><\/p>\n<p><img decoding=\"async\" src=\"img3\/profesoruasd.jpg\" \/><br \/><img decoding=\"async\" src=\"img3\/antonio.jpg\" \/><br \/><img decoding=\"async\" src=\"img3\/placaant.jpg\" \/>  <\/p>\n<\/p>\n<p><span class=\"text1noticias\"> <\/span><\/p>\n<p><span class=\"text1noticias\">Santo Domingo, RD, 03 de septiembre.- La Universidad  Aut\u00f3noma de Santo Domingo (UASD) inici\u00f3 la VII Jornada Latinoamericana de Gen\u00e9tica Forense, con la participaci\u00f3n de 19 pa\u00edses, durante un acto encabezado por el decano de la Facultad de Ciencias de la Salud, doctor Wilson Mej\u00eda, realizado en el paraninfo \u00abDoctor  Defill\u00f3\u00bb, de esa dependencia universitaria.<\/span><\/p>\n<\/p>\n<p><span class=\"text1noticias\">Mej\u00eda destac\u00f3 los avances de la gen\u00e9tica forense y dijo que \u00e9sta se comenz\u00f3 a impartir como asignatura desde el a\u00f1o 1979 y que la academia avanza a fin de ponerse a la vanguardia con los est\u00e1ndares internacionales en materia de educaci\u00f3n m\u00e9dica.<\/span><\/p>\n<\/p>\n<p><span class=\"text1noticias\">Expres\u00f3 que \u00abSabemos que usted se ajusta a los nuevos tiempos o lo ajustan a los nuevos tiempos\u00bb, haciendo referencia a los esfuerzos que realiza la instituci\u00f3n y en especial la facultad que dirige, tras anunciar que se trabaja para impartir un posgrado en Gen\u00e9tica Forense.<\/span><\/p>\n<\/p>\n<p><span class=\"text1noticias\">De su lado, el director de la escuela de Fisiolog\u00eda, doctor Virgilio P\u00e9rez, al dar la bienvenida a los participantes del evento internacional, llam\u00f3 a sus colegas a sentirse como en su casa y sacar el mejor provecho de la jornada de trabajo a favor del desarrollo y de la ciencia.<\/span><\/p>\n<\/p>\n<p><span class=\"text1noticias\">Mientras que la presidenta de la Sociedad Latinoamericana de la Sociedad Forense, doctora Mar\u00eda Elisa Lara, dijo que este  evento servir\u00e1 para que los representantes de los 19 pa\u00edses miembros del organismo compartan de manera amistosa y estrechen m\u00e1s sus relaciones.<\/span><\/p>\n<\/p>\n<p><span class=\"text1noticias\">Asegur\u00f3 que el \u00e1rea de la gen\u00e9tica forense con los avances cient\u00edficos tiene una herramienta imprescindible como apoyo dentro del sistema judicial, en donde erradica la necesidad de mantenerse actualizado conforme a las nuevas exigencias de los nuevos tiempos.<\/span><\/p>\n<\/p>\n<p><span class=\"text1noticias\">Esta jornada latinoamericana, que tiene como anfitriona a la UASD y a la escuela de Fisiolog\u00eda como organizadora de la misma, tiene como objetivo difundir los \u00faltimos avances de la Gen\u00e9tica Forense, que permitir\u00e1n  mejorar la investigaci\u00f3n t\u00e9cnica cient\u00edfica de los casos criminales y resolver los procesos civiles sobre paternidad en los pa\u00edses latinoamericanos.<\/span><\/p>\n<\/p>\n<p><span class=\"text1noticias\">Durante el desarrollo del evento internacional se agotar\u00e1 un programa de trabajo que permitir\u00e1, a trav\u00e9s del intercambio entre los especialistas de esa \u00e1rea de la medicina, poder ampliar los conocimientos  por medio de la capacitaci\u00f3n  de los cient\u00edficos de la Gen\u00e9tica Forense de la regi\u00f3n.<\/span><\/p>\n<\/p>\n<p><span class=\"text1noticias\">Entre los temas que discuten los profesionales del \u00e1rea se destacan: \u00abpr\u00f3ximos desaf\u00edos de la Gen\u00e9tica Forense: tecnolog\u00eda actual vs secuenciaci\u00f3n de nuevas generaciones\u00bb y \u00abla capacitaci\u00f3n en gen\u00e9tica en la universidad: actualidades y necesidades futuras de la ense\u00f1anza de grado y postgrado\u00bb.<\/span><\/p>\n<\/p>\n<p><span class=\"text1noticias\">Tambi\u00e9n, \u00abADN de contacto: alcances y limitaciones\u00bb,  \u00abidentificaci\u00f3n de los restos humanos de personas desaparecidas durante la dictadura de Trujillo en la Rep\u00fablica Dominicana\u00bb, as\u00ed como \u00ablos aspectos \u00e9ticos de la Gen\u00e9tica Forense\u00bb.<\/span><\/p>\n<\/p>\n<p><span class=\"text1noticias\">Los pa\u00edses participantes son: Argentina, Chile, Colombia, M\u00e9xico, El Salvador, Per\u00fa, Bolivia, Guatemala y Ecuador, Uruguay,  Espa\u00f1a y como anfitri\u00f3n Rep\u00fablica Dominicana, entre otros.<\/span><\/p>\n<\/p>\n<p><span class=\"text1noticias\">La mesa de honor del evento la integraron, adem\u00e1s de los mencionados, el decano de la Facultad de Ciencias Jur\u00eddicas y Pol\u00edticas, doctor Antonio Medina, y el doctor Gustado Penacino, consultor SLAFG, a quien adem\u00e1s se le reconoci\u00f3 con una placa sus aportes a la gen\u00e9tica forense.<\/span><\/p>\n<\/p>\n<h6> 2016-09-03 13:25:50 <\/h6>\n<p><!--\n<link rel=\"stylesheet\" href=\"css\/bootstrap.min.css\">\n\n\n<ul class=\"pagination\">\n\t    \n\t\n\n<li >\n\t<a href='?page_no=12117'>Previous<\/a>\n\t<\/li>\n\n\n       \n    \n\n<li><a href='?page_no=1'>1<\/a><\/li>\n\n\n\n<li><a href='?page_no=2'>2<\/a><\/li>\n\n\n\n<li><a>...<\/a><\/li>\n\n\n\n<li><a href='?page_no=12116'>12116<\/a><\/li>\n\n\n\n<li><a href='?page_no=12117'>12117<\/a><\/li>\n\n\n\n<li class='active'><a>12118<\/a><\/li>\n\n\n\n<li><a href='?page_no=12119'>12119<\/a><\/li>\n\n\n\n<li><a href='?page_no=12120'>12120<\/a><\/li>\n\n\n\n<li><a>...<\/a><\/li>\n\n\n\n<li><a href='?page_no=56169'>56169<\/a><\/li>\n\n\n\n<li><a href='?page_no=56170'>56170<\/a><\/li>\n\n    \n\t\n\n<li >\n\t<a href='?page_no=12119'>Next<\/a>\n\t<\/li>\n\n\n    \n\n<li><a href='?page_no=56170'>Last &rsaquo;&rsaquo;<\/a><\/li>\n\n<\/ul>\n\n\n--><br \/>\n<\/body><\/p>\n","protected":false},"excerpt":{"rendered":"<p>Santo Domingo, RD, 03 de septiembre.- La Universidad Aut\u00f3noma de Santo Domingo (UASD) inici\u00f3 la VII Jornada Latinoamericana de Gen\u00e9tica Forense, con la participaci\u00f3n de 19 pa\u00edses, durante un acto encabezado por el decano de la Facultad de Ciencias de la Salud, doctor Wilson Mej\u00eda, realizado en el paraninfo \u00abDoctor Defill\u00f3\u00bb, de esa dependencia universitaria. [&hellip;]<\/p>\n","protected":false},"author":3,"featured_media":0,"comment_status":"open","ping_status":"open","sticky":false,"template":"","format":"standard","meta":{"footnotes":""},"categories":[20],"tags":[],"class_list":["post-217614","post","type-post","status-publish","format-standard","hentry","category-dominicana-hoy"],"_links":{"self":[{"href":"https:\/\/diariodominicano.com\/index.php?rest_route=\/wp\/v2\/posts\/217614","targetHints":{"allow":["GET"]}}],"collection":[{"href":"https:\/\/diariodominicano.com\/index.php?rest_route=\/wp\/v2\/posts"}],"about":[{"href":"https:\/\/diariodominicano.com\/index.php?rest_route=\/wp\/v2\/types\/post"}],"author":[{"embeddable":true,"href":"https:\/\/diariodominicano.com\/index.php?rest_route=\/wp\/v2\/users\/3"}],"replies":[{"embeddable":true,"href":"https:\/\/diariodominicano.com\/index.php?rest_route=%2Fwp%2Fv2%2Fcomments&post=217614"}],"version-history":[{"count":0,"href":"https:\/\/diariodominicano.com\/index.php?rest_route=\/wp\/v2\/posts\/217614\/revisions"}],"wp:attachment":[{"href":"https:\/\/diariodominicano.com\/index.php?rest_route=%2Fwp%2Fv2%2Fmedia&parent=217614"}],"wp:term":[{"taxonomy":"category","embeddable":true,"href":"https:\/\/diariodominicano.com\/index.php?rest_route=%2Fwp%2Fv2%2Fcategories&post=217614"},{"taxonomy":"post_tag","embeddable":true,"href":"https:\/\/diariodominicano.com\/index.php?rest_route=%2Fwp%2Fv2%2Ftags&post=217614"}],"curies":[{"name":"wp","href":"https:\/\/api.w.org\/{rel}","templated":true}]}}