{"id":217609,"date":"2016-09-04T20:43:19","date_gmt":"2016-09-04T20:43:19","guid":{"rendered":"http:\/\/diariodominicano.ddns.net\/?p=217609"},"modified":"2016-09-04T20:43:19","modified_gmt":"2016-09-04T20:43:19","slug":"danilo-medina-convoca-a-salvar-las-montanas","status":"publish","type":"post","link":"https:\/\/diariodominicano.com\/?p=217609","title":{"rendered":"Danilo Medina convoca a salvar las monta\u00f1as"},"content":{"rendered":"<p><body><\/p>\n<p><img decoding=\"async\" src=\"img3\/4to_p_18_0.jpg\" \/><br \/><img decoding=\"async\" src=\"img3\/13vo_p_1_0.jpg\" \/><br \/><img decoding=\"async\" src=\"img3\/29423412876_76d5e0dbaa_o_1_0.jpg\" \/>  <\/p>\n<p><strong> <\/strong><\/p>\n<p><strong> <\/strong><\/p>\n<p><strong><span class=\"text1noticias\">SANTO DOMINGO, RD, 4 de Septiembre de 2016.-<\/span><\/strong><span class=\"text1noticias\"> El presidente Danilo Medina convoc\u00f3 a los campesinos y lugare\u00f1os que viven en Sabaneta, distrito municipal de San Juan de la Maguana, a \u00absalvar las monta\u00f1as, porque si no, no habr\u00e1 agua\u00bb.<\/span><\/p>\n<\/p>\n<p><span class=\"text1noticias\">Trat\u00f3 con los presentes de  la importancia de la reforestaci\u00f3n de las lomas que nutren de agua a la presa de Sabaneta.<\/span><\/p>\n<\/p>\n<p><span class=\"text1noticias\">La DICOM destac\u00f3 en una nota informativa de la visita sorpresa de este domingo que el presidente Danilo Medina se mantiene firme en evitarle a nuestro pa\u00eds los da\u00f1os del cambio clim\u00e1tico, por lo que pone hincapi\u00e9 en la reforestaci\u00f3n de nuestras lomas y monta\u00f1as.<\/span><\/p>\n<\/p>\n<p><strong><span class=\"text1noticias\">El que vaya a talar ah\u00ed lo voy a meter preso<\/span><\/strong><\/p>\n<\/p>\n<p><span class=\"text1noticias\">\u00abQueremos que siembren para mejorar sus condiciones, pero tambi\u00e9n que salven las monta\u00f1as\u00bb. <\/span><\/p>\n<\/p>\n<p><span class=\"text1noticias\">El presidente Medina  record\u00f3 que tan pronto se apruebe el proyecto de reforestaci\u00f3n y comience a ejecutarse, no permitir\u00e1 que se contin\u00fae con la tala de \u00e1rboles y de manera enf\u00e1tica advirti\u00f3 que ante esta pr\u00e1ctica habr\u00e1 serias sanciones.<\/span><\/p>\n<\/p>\n<p><span class=\"text1noticias\">\u00abPorque despu\u00e9s que nos metamos en el proyecto, el que vaya a talar ah\u00ed, lo voy a meter preso\u00bb, proclam\u00f3 Danilo Medina.<\/span><\/p>\n<\/p>\n<p><span class=\"text1noticias\">Al sobrevolar las lomas que nutren de agua a la presa de Sabaneta en San Juan de la Maguana, convers\u00f3 con campesinos de la regi\u00f3n para incorporarlos al plan de reforestaci\u00f3n.<\/span><\/p>\n<\/p>\n<p><span class=\"text1noticias\">De esta manera se contemplar\u00e1 el subsidio de las familias durante la reforestaci\u00f3n. Ser\u00e1n ellos mismos los que trabajar\u00e1n en el proyecto.<\/span><\/p>\n<\/p>\n<p><span class=\"text1noticias\"> El Gobierno concentrar\u00e1 esfuerzos en las principales cuencas hidrogr\u00e1ficas.<\/span><\/p>\n<p><span class=\"text1noticias\">De inmediato el gobernante dio instrucciones para elaborar un proyecto de reforestaci\u00f3n y producci\u00f3n.<\/span><\/p>\n<\/p>\n<p><span class=\"text1noticias\">Orden\u00f3 que se estudien los terrenos para determinar qu\u00e9 se puede sembrar y d\u00f3nde.<\/span><\/p>\n<\/p>\n<p><span class=\"text1noticias\">En base al estudio, se elaborar\u00e1 un proyecto de reforestaci\u00f3n que tambi\u00e9n sirva para que la gente de Sabaneta  genere sus propios ingresos para su sostenibilidad econ\u00f3mica.<\/span><\/p>\n<\/p>\n<p><span class=\"text1noticias\">Danilo Medina explic\u00f3 que este plan ser\u00e1 una iniciativa importante que requerir\u00e1 de una gran inversi\u00f3n, probablemente de mil millones de pesos, por lo que pidi\u00f3 a los presentes su mayor esfuerzo.<\/span><\/p>\n<\/p>\n<p><span class=\"text1noticias\">\u00abVan a tener que hacer un compromiso conmigo\u00bb, les dijo Danilo Medina.<\/span><\/p>\n<p><span class=\"text1noticias\"><strong>Comisi\u00f3n visitar\u00e1 a Sabaneta la pr\u00f3xima semana<\/strong><\/span><\/p>\n<\/p>\n<p><span class=\"text1noticias\">Se elaborar\u00e1 un proyecto de reforestaci\u00f3n que servir\u00e1  para que la gente de Sabaneta genere ingresos.<\/span><\/p>\n<p><span class=\"text1noticias\">El pr\u00f3ximo mi\u00e9rcoles a las 10 de la ma\u00f1ana una comisi\u00f3n acudir\u00e1 a Sabaneta para iniciar el proceso junto con la gente. La comisi\u00f3n estar\u00e1 encabezada por representantes de los ministerios de Medio Ambiente, Agricultura, el Instituto Agrario Dominicano y la Empresa de Generaci\u00f3n Hidroel\u00e9ctrica Dominicana (EGEHID)<\/span><\/p>\n<\/p>\n<p><span class=\"text1noticias\">En la visita de hoy el Jefe de Estado comprob\u00f3 que  las lomas que nutren de agua la presa de Sabaneta est\u00e1n deforestadas por lo que pidi\u00f3 que todos asumieran el  compromiso de ayudar a la reforestaci\u00f3n, para proteger los bosques y preservar los r\u00edos.<\/span><\/p>\n<\/p>\n<p><span class=\"text1noticias\">El pasado 16 agosto, al asumir su nuevo mandato, en su discurso, Danilo  Medina adelant\u00f3 que este ser\u00eda el cuatrienio del agua.<\/span><\/p>\n<\/p>\n<p><span class=\"text1noticias\">\u00abEsto incluye tambi\u00e9n la reforestaci\u00f3n, tenemos que comenzar con tiempo a proteger las cuencas de los r\u00edos, si queremos tener en el futuro agua para nuestro consumo y nuestro desarrollo\u00bb.<\/span><\/p>\n<p><span class=\"text1noticias\"><strong>Importancia de la presa<\/strong><\/span><\/p>\n<\/p>\n<p><span class=\"text1noticias\">La fuente de abastecimiento en esta presa es el r\u00edo San Juan, afluente principal del r\u00edo Yaque del Sur, con un caudal medio de 8.13 m3\/seg. Y un \u00e1rea de cuenca hidrogr\u00e1fica de 464 km2.<\/span><\/p>\n<\/p>\n<p><span class=\"text1noticias\">El embalse de la presa de Sabaneta tiene una capacidad total de 66.3 millones de m3 en la cota m\u00e1xima de operaci\u00f3n, con un embalse \u00fatil de 58.3 millones de m3 y embalse muerto de 8 millones de m3, por la importancia que tiene la misma para la regi\u00f3n Sur es de vital importancia mantener las Lomas Reforestada.<\/span><\/p>\n<\/p>\n<p><span class=\"text1noticias\">El presidente estuvo acompa\u00f1ado por los ministros administrativo de la presidencia Jos\u00e9 Ram\u00f3n Peralta, de Obras P\u00fablicas,  Gonzalo Castillo, sus asistentes personales, Carlos Pared P\u00e9rez y Robert de la Cruz.<\/span><\/p>\n<p><span class=\"text1noticias\">(DICOM)<\/span><\/p>\n<\/p>\n<h6> 2016-09-04 20:43:19 <\/h6>\n<p><!--\n<link rel=\"stylesheet\" href=\"css\/bootstrap.min.css\">\n\n\n<ul class=\"pagination\">\n\t    \n\t\n\n<li >\n\t<a href='?page_no=12112'>Previous<\/a>\n\t<\/li>\n\n\n       \n    \n\n<li><a href='?page_no=1'>1<\/a><\/li>\n\n\n\n<li><a href='?page_no=2'>2<\/a><\/li>\n\n\n\n<li><a>...<\/a><\/li>\n\n\n\n<li><a href='?page_no=12111'>12111<\/a><\/li>\n\n\n\n<li><a href='?page_no=12112'>12112<\/a><\/li>\n\n\n\n<li class='active'><a>12113<\/a><\/li>\n\n\n\n<li><a href='?page_no=12114'>12114<\/a><\/li>\n\n\n\n<li><a href='?page_no=12115'>12115<\/a><\/li>\n\n\n\n<li><a>...<\/a><\/li>\n\n\n\n<li><a href='?page_no=56169'>56169<\/a><\/li>\n\n\n\n<li><a href='?page_no=56170'>56170<\/a><\/li>\n\n    \n\t\n\n<li >\n\t<a href='?page_no=12114'>Next<\/a>\n\t<\/li>\n\n\n    \n\n<li><a href='?page_no=56170'>Last &rsaquo;&rsaquo;<\/a><\/li>\n\n<\/ul>\n\n\n--><br \/>\n<\/body><\/p>\n","protected":false},"excerpt":{"rendered":"<p>SANTO DOMINGO, RD, 4 de Septiembre de 2016.- El presidente Danilo Medina convoc\u00f3 a los campesinos y lugare\u00f1os que viven en Sabaneta, distrito municipal de San Juan de la Maguana, a \u00absalvar las monta\u00f1as, porque si no, no habr\u00e1 agua\u00bb. Trat\u00f3 con los presentes de la importancia de la reforestaci\u00f3n de las lomas que nutren [&hellip;]<\/p>\n","protected":false},"author":3,"featured_media":0,"comment_status":"open","ping_status":"open","sticky":false,"template":"","format":"standard","meta":{"footnotes":""},"categories":[20],"tags":[],"class_list":["post-217609","post","type-post","status-publish","format-standard","hentry","category-dominicana-hoy"],"_links":{"self":[{"href":"https:\/\/diariodominicano.com\/index.php?rest_route=\/wp\/v2\/posts\/217609","targetHints":{"allow":["GET"]}}],"collection":[{"href":"https:\/\/diariodominicano.com\/index.php?rest_route=\/wp\/v2\/posts"}],"about":[{"href":"https:\/\/diariodominicano.com\/index.php?rest_route=\/wp\/v2\/types\/post"}],"author":[{"embeddable":true,"href":"https:\/\/diariodominicano.com\/index.php?rest_route=\/wp\/v2\/users\/3"}],"replies":[{"embeddable":true,"href":"https:\/\/diariodominicano.com\/index.php?rest_route=%2Fwp%2Fv2%2Fcomments&post=217609"}],"version-history":[{"count":0,"href":"https:\/\/diariodominicano.com\/index.php?rest_route=\/wp\/v2\/posts\/217609\/revisions"}],"wp:attachment":[{"href":"https:\/\/diariodominicano.com\/index.php?rest_route=%2Fwp%2Fv2%2Fmedia&parent=217609"}],"wp:term":[{"taxonomy":"category","embeddable":true,"href":"https:\/\/diariodominicano.com\/index.php?rest_route=%2Fwp%2Fv2%2Fcategories&post=217609"},{"taxonomy":"post_tag","embeddable":true,"href":"https:\/\/diariodominicano.com\/index.php?rest_route=%2Fwp%2Fv2%2Ftags&post=217609"}],"curies":[{"name":"wp","href":"https:\/\/api.w.org\/{rel}","templated":true}]}}