{"id":217608,"date":"2016-09-04T21:17:39","date_gmt":"2016-09-04T21:17:39","guid":{"rendered":"http:\/\/diariodominicano.ddns.net\/?p=217608"},"modified":"2016-09-04T21:17:39","modified_gmt":"2016-09-04T21:17:39","slug":"advierten-por-oleaje-anormal","status":"publish","type":"post","link":"https:\/\/diariodominicano.com\/?p=217608","title":{"rendered":"Advierten por oleaje anormal"},"content":{"rendered":"<p><body><\/p>\n<p><strong><span class=\"text1noticias\">De igual modo, el COE indic\u00f3  los que operan en la Bah\u00eda de Saman\u00e1 y la Costa Atl\u00e1ntica deben navegar con precauci\u00f3n y no aventurarse mar adentro.<\/span><\/strong><\/p>\n<\/p>\n<p><strong><span class=\"text1noticias\">SANTO DOMINGO, RD, 4 de Septiembre de 2016.-<\/span><\/strong><span class=\"text1noticias\">El Centro de Operaciones de Emergencias (COE), declar\u00f3  el nivel  Alerta VERDE  para los usuarios de peque\u00f1as y medianas embarcaciones  de la costa Caribe\u00f1a  por oleaje peligroso desde Cabo Enga\u00f1o hasta Pedernales, por lo que deben de permanecer en Puerto.<\/span><\/p>\n<\/p>\n<p><span class=\"text1noticias\">De igual modo, el COE indic\u00f3  que los que operan en la Bah\u00eda de Saman\u00e1 y la Costa Atl\u00e1ntica deben navegar con precauci\u00f3n y no aventurarse mar adentro.<\/span><\/p>\n<\/p>\n<p><span class=\"text1noticias\">El director del COE, general Juan Manuel M\u00e9ndez tambi\u00e9n inform\u00f3 se proh\u00edbe el uso de playas as\u00ed como, los deportes acu\u00e1ticos que utilicen embarcaciones de recreaci\u00f3n, catamaranes, canoas, jet sky o de cualquier otra \u00edndole en la costa Caribe\u00f1a  debido al oleaje anormal y rompientes peligrosas.<\/span><\/p>\n<p><span class=\"text1noticias\"><strong>El informe del COE<\/strong><\/span><\/p>\n<\/p>\n<\/p>\n<p><span class=\"text1noticias\">La Direcci\u00f3n del Centro de Operaciones de Emergencias (COE), informa que de acuerdo al bolet\u00edn  meteorol\u00f3gico de las 6:00 pm del d\u00eda de hoy, de la Oficina Nacional de Meteorolog\u00eda \u00abONAMET, el cual establece  en su informe marino,  que el  viento  ser\u00e1 del Este\/noreste de 10 a 15 nudos. Olas de 6 a 8 pies cerca de la costa, aumentando mar adentro y que para ma\u00f1ana por el acercamiento de una onda tropical el oleaje aumentara de 7 a 9 pies para la costa Caribe\u00f1a.<\/span><\/p>\n<p><span class=\"text1noticias\"> <\/span><\/p>\n<p><span class=\"text1noticias\">En virtud de lo anterior y lo establecido en el art\u00edculo 2 cap\u00edtulo 1, de la Ley 147-02, sobre Gesti\u00f3n de Riesgos,  este Centro de Operaciones de Emergencias (COE), DECLARA el nivel  Alerta VERDE  para los usuarios de peque\u00f1as y medianas embarcaciones  de la costa Caribe\u00f1a  por oleaje peligroso desde Cabo Enga\u00f1o hasta Pedernales, por lo que deben de permanecer en Puerto, sin embargo, los que operan en la Bah\u00eda de Saman\u00e1 y la Costa Atl\u00e1ntica deben navegar con precauci\u00f3n y no aventurarse mar adentro.<\/span><\/p>\n<p><span class=\"text1noticias\">  <\/span><\/p>\n<p><span class=\"text1noticias\">Por otro lado, se proh\u00edbe el uso de playas as\u00ed como , los deportes acu\u00e1ticos que utilicen embarcaciones de recreaci\u00f3n, catamaranes, canoas, jet sky o de cualquier otra \u00edndole en la costa Caribe\u00f1a  debido al oleaje anormal y rompientes peligrosas.<\/span><\/p>\n<\/p>\n<p><span class=\"text1noticias\">Recomendaciones<\/span><\/p>\n<\/p>\n<p><span class=\"text1noticias\">1.\tSeguir los lineamientos y orientaciones de los organismos de protecci\u00f3n civil.<\/span><\/p>\n<p><span class=\"text1noticias\">2.\tMantenerse en contacto con la Defensa Civil, Fuerzas Armadas, Cruz Roja, la Polic\u00eda Nacional, Cuerpos de Bomberos y este Centro de Operaciones de Emergencia a trav\u00e9s del  Tel: 809-472-0909 , *462 de la OPTIC.<\/span><\/p>\n<\/p>\n<p><span class=\"text1noticias\">        <\/span><\/p>\n<p><span class=\"text1noticias\">           ALERTA VERDE\tAquella que se declara cuando las expectativas de un fen\u00f3meno permiten prever la ocurrencia de un evento de car\u00e1cter peligroso para la poblaci\u00f3n. Puede ser parcial o total.<\/span><\/p>\n<\/p>\n<\/p>\n<\/p>\n<p><span class=\"text1noticias\">DR. JUAN MANUEL MENDEZ GARCIA<\/span><\/p>\n<p><span class=\"text1noticias\">General de Brigada Abogado, E.R.D.<\/span><\/p>\n<p><span class=\"text1noticias\">Director del Centro de Operaciones de Emergencias \u00abCOE\u00bb<\/span><\/p>\n<\/p>\n<\/p>\n<h6> 2016-09-04 21:17:39 <\/h6>\n<p><!--\n<link rel=\"stylesheet\" href=\"css\/bootstrap.min.css\">\n\n\n<ul class=\"pagination\">\n\t    \n\t\n\n<li >\n\t<a href='?page_no=12111'>Previous<\/a>\n\t<\/li>\n\n\n       \n    \n\n<li><a href='?page_no=1'>1<\/a><\/li>\n\n\n\n<li><a href='?page_no=2'>2<\/a><\/li>\n\n\n\n<li><a>...<\/a><\/li>\n\n\n\n<li><a href='?page_no=12110'>12110<\/a><\/li>\n\n\n\n<li><a href='?page_no=12111'>12111<\/a><\/li>\n\n\n\n<li class='active'><a>12112<\/a><\/li>\n\n\n\n<li><a href='?page_no=12113'>12113<\/a><\/li>\n\n\n\n<li><a href='?page_no=12114'>12114<\/a><\/li>\n\n\n\n<li><a>...<\/a><\/li>\n\n\n\n<li><a href='?page_no=56169'>56169<\/a><\/li>\n\n\n\n<li><a href='?page_no=56170'>56170<\/a><\/li>\n\n    \n\t\n\n<li >\n\t<a href='?page_no=12113'>Next<\/a>\n\t<\/li>\n\n\n    \n\n<li><a href='?page_no=56170'>Last &rsaquo;&rsaquo;<\/a><\/li>\n\n<\/ul>\n\n\n--><br \/>\n<\/body><\/p>\n","protected":false},"excerpt":{"rendered":"<p>De igual modo, el COE indic\u00f3 los que operan en la Bah\u00eda de Saman\u00e1 y la Costa Atl\u00e1ntica deben navegar con precauci\u00f3n y no aventurarse mar adentro. SANTO DOMINGO, RD, 4 de Septiembre de 2016.-El Centro de Operaciones de Emergencias (COE), declar\u00f3 el nivel Alerta VERDE para los usuarios de peque\u00f1as y medianas embarcaciones de [&hellip;]<\/p>\n","protected":false},"author":3,"featured_media":0,"comment_status":"open","ping_status":"open","sticky":false,"template":"","format":"standard","meta":{"footnotes":""},"categories":[20],"tags":[],"class_list":["post-217608","post","type-post","status-publish","format-standard","hentry","category-dominicana-hoy"],"_links":{"self":[{"href":"https:\/\/diariodominicano.com\/index.php?rest_route=\/wp\/v2\/posts\/217608","targetHints":{"allow":["GET"]}}],"collection":[{"href":"https:\/\/diariodominicano.com\/index.php?rest_route=\/wp\/v2\/posts"}],"about":[{"href":"https:\/\/diariodominicano.com\/index.php?rest_route=\/wp\/v2\/types\/post"}],"author":[{"embeddable":true,"href":"https:\/\/diariodominicano.com\/index.php?rest_route=\/wp\/v2\/users\/3"}],"replies":[{"embeddable":true,"href":"https:\/\/diariodominicano.com\/index.php?rest_route=%2Fwp%2Fv2%2Fcomments&post=217608"}],"version-history":[{"count":0,"href":"https:\/\/diariodominicano.com\/index.php?rest_route=\/wp\/v2\/posts\/217608\/revisions"}],"wp:attachment":[{"href":"https:\/\/diariodominicano.com\/index.php?rest_route=%2Fwp%2Fv2%2Fmedia&parent=217608"}],"wp:term":[{"taxonomy":"category","embeddable":true,"href":"https:\/\/diariodominicano.com\/index.php?rest_route=%2Fwp%2Fv2%2Fcategories&post=217608"},{"taxonomy":"post_tag","embeddable":true,"href":"https:\/\/diariodominicano.com\/index.php?rest_route=%2Fwp%2Fv2%2Ftags&post=217608"}],"curies":[{"name":"wp","href":"https:\/\/api.w.org\/{rel}","templated":true}]}}