{"id":217603,"date":"2016-09-05T13:04:32","date_gmt":"2016-09-05T13:04:32","guid":{"rendered":"http:\/\/diariodominicano.ddns.net\/?p=217603"},"modified":"2016-09-05T13:04:32","modified_gmt":"2016-09-05T13:04:32","slug":"candida-montilla-de-medina-renueva-compromiso-con-la-solidaridad","status":"publish","type":"post","link":"https:\/\/diariodominicano.com\/?p=217603","title":{"rendered":"C\u00e1ndida Montilla de Medina renueva compromiso con la solidaridad"},"content":{"rendered":"<p><body><\/p>\n<p><img decoding=\"async\" src=\"img3\/PrimeraDama5-9.jpg\" \/>  <\/p>\n<p><span class=\"text1noticias\">Santo Domingo, R. D., 5 de septiembre.- Con ocasi\u00f3n del 16 aniversario de la creaci\u00f3n del Despacho de la Primera Dama, su titular, C\u00e1ndida Montilla de Medina renov\u00f3 su compromiso con la solidaridad, la transparencia y la justicia, a favor de todos.<\/span><\/p>\n<p><span class=\"text1noticias\"> <\/span><\/p>\n<p><span class=\"text1noticias\">Montilla de Medina ofreci\u00f3 una misa, oficiada en la Iglesia San Antonio de Padua, por su p\u00e1rroco y director de Comunicaci\u00f3n y Prensa de la Arquidi\u00f3cesis de Santo Domingo, monse\u00f1or Ram\u00f3n Benito Angeles Fern\u00e1ndez.<\/span><\/p>\n<p><span class=\"text1noticias\"> <\/span><\/p>\n<p><span class=\"text1noticias\">Reducci\u00f3n  deuda social<\/span><\/p>\n<p><span class=\"text1noticias\">La Primera Dama de la Rep\u00fablica expuso que este nuevo aniversario es propicio para agradecer a todos quienes han hecho posible el trabajo a favor de los sectores sociales m\u00e1s vulnerables de la poblaci\u00f3n.<\/span><\/p>\n<\/p>\n<p><span class=\"text1noticias\">\u00abEstoy convencida de que sin ese entusiasmo, sin la fuerza de esa fe que ustedes ponen cada d\u00eda en nuestras tareas m\u00e1s simples, no hubi\u00e9ramos alcanzado todos nuestros innegables \u00e9xitos\u00bb, dijo.<\/span><\/p>\n<\/p>\n<p><span class=\"text1noticias\">Montilla de Medina garantiz\u00f3 que no desmayar\u00e1 en el camino a la meta y que no perder\u00e1 nunca la pasi\u00f3n por la justicia.<\/span><\/p>\n<p><span class=\"text1noticias\">As\u00ed mismo, expuso que la llama del amor por el pr\u00f3jimo seguir\u00e1 \u00abcalentando nuestros corazones\u00bb.<\/span><\/p>\n<p><span class=\"text1noticias\"> <\/span><\/p>\n<p><span class=\"text1noticias\">Cuota de justicia<\/span><\/p>\n<p><span class=\"text1noticias\">\u00abEste nuevo aniversario de la creaci\u00f3n del Despacho de la Primera Dama es ocasi\u00f3n propicia para renovar nuestro compromiso institucional, un compromiso de solidaridad con aquellos a quienes la sociedad dominicana a\u00fan les adeuda una enorme cuota de justicia\u00bb. <\/span><\/p>\n<p><span class=\"text1noticias\"> <\/span><\/p>\n<p><span class=\"text1noticias\">Cit\u00f3 que ese compromiso est\u00e1 signado por la transparencia  la eficiencia para que los recursos y capacidades rindan sus mejores frutos en la consecuci\u00f3n de un pa\u00eds cada vez m\u00e1s pr\u00f3spero y equitativo.<\/span><\/p>\n<p><span class=\"text1noticias\"> <\/span><\/p>\n<p><span class=\"text1noticias\">Gesti\u00f3n de Montilla de Medina<\/span><\/p>\n<p><span class=\"text1noticias\">Desde su llegada al Despacho de la Primera Dama, el 16 de agosto del a\u00f1o 2012, C\u00e1ndida Montilla de Medina no ha cesado en la b\u00fasqueda del bienestar colectivo.<\/span><\/p>\n<p><span class=\"text1noticias\"> <\/span><\/p>\n<p><span class=\"text1noticias\">Desde entonces, ha brindado  importantes respuestas a necesidades de sectores vulnerables, en la aplicaci\u00f3n de las pol\u00edticas p\u00fablicas de inclusi\u00f3n social que impulsa el presidente de la Rep\u00fablica Danilo Medina S\u00e1nchez.<\/span><\/p>\n<p><span class=\"text1noticias\"> <\/span><\/p>\n<p><span class=\"text1noticias\">El CAID<\/span><\/p>\n<p><span class=\"text1noticias\">Montilla de Medina exhibe entre sus logros aspectos de pol\u00edticas p\u00fablicas nunca antes vistos en el pa\u00eds como el funcionamiento de los Centros de Atenci\u00f3n Integral para la Discapacidad (CAID), de los cuales, prometi\u00f3 cinco y ya existen tres en Santo Domingo Oeste, Santiago y San Juan.<\/span><\/p>\n<\/p>\n<p><span class=\"text1noticias\">El Despacho de la Primera Dama trabaja en la construcci\u00f3n de otros dos, en San Pedro de Macor\u00eds y en Santo Domingo Este.<\/span><\/p>\n<p><span class=\"text1noticias\"> <\/span><\/p>\n<p><span class=\"text1noticias\">Programas sociales<\/span><\/p>\n<p><span class=\"text1noticias\">Mantiene ocho programas sociales a favor de ni\u00f1os, ni\u00f1as, adolescentes, hombres y mujeres, personas de la tercera edad y grupos vulnerables en general.<\/span><\/p>\n<p><span class=\"text1noticias\"> <\/span><\/p>\n<p><span class=\"text1noticias\">Salud, educaci\u00f3n y desarrollo social<\/span><\/p>\n<p><span class=\"text1noticias\">La mayor\u00eda de los proyectos y programas de la Primera Dama giran en torno a la salud, la educaci\u00f3n y la convivencia digna, pac\u00edfica y fruct\u00edfera.<\/span><\/p>\n<\/p>\n<p><span class=\"text1noticias\"> Estos son Mujeres Saludables, Cuenta Conmigo, Angeles de la Cultura, Servicio Al Ciudadano; Comunidades Inteligentes; Centro de Atenci\u00f3n Psicosocial a Internos de la Victoria (CENASI), Centro de Rehabilitaci\u00f3n Psicosocial a Deambulantes (RESIDE) y el  programa de Tamiz Neonatal, que pronto entrar\u00e1 en funcionamiento.<\/span><\/p>\n<p><span class=\"text1noticias\"> <\/span><\/p>\n<p><span class=\"text1noticias\">Madre Ejemplar<\/span><\/p>\n<p><span class=\"text1noticias\">Madre de tres j\u00f3venes, Sibeli, Vanessa y Ana Paula, Montilla de Medina  muestra su  compromiso con la protecci\u00f3n y cuidado de la familia, a la que define como la principal cimiente de la sociedad, el desarrollo y el progreso individual y colectivo.<\/span><\/p>\n<p><span class=\"text1noticias\"> <\/span><\/p>\n<p><span class=\"text1noticias\">Entre sus logros figura tambi\u00e9n la creaci\u00f3n en el a\u00f1o 2013 del premio Madre Ejemplar.<\/span><\/p>\n<p><span class=\"text1noticias\">A trav\u00e9s de ese premio, Montilla de Medina ha reconocido hasta la fecha a 257 esforzadas, abnegadas y laboriosas mujeres que han construido sue\u00f1os y realidades a beneficio de sus descendientes y de todo su entorno, en sentido general.<\/span><\/p>\n<p><span class=\"text1noticias\"> <\/span><\/p>\n<p><span class=\"text1noticias\">El Despacho  desde su creaci\u00f3n<\/span><\/p>\n<p><span class=\"text1noticias\">El Despacho de la Primera Dama fue creado el 10 de septiembre del a\u00f1o 2000, mediante el decreto 741-2000, emitido por el Poder Ejecutivo.<\/span><\/p>\n<p><span class=\"text1noticias\"> <\/span><\/p>\n<p><span class=\"text1noticias\">Desde entonces, ha sido coordinado por las se\u00f1oras Rosa G\u00f3mez de Mej\u00eda, Margarita Cede\u00f1o de Fern\u00e1ndez y actualmente, desde el 2012, por C\u00e1ndida Montilla de Medina. <\/span><\/p>\n<p><span class=\"text1noticias\"> <\/span><\/p>\n<p><span class=\"text1noticias\">Personalidades<\/span><\/p>\n<p><span class=\"text1noticias\">A la eucarist\u00eda aniversario, asistieron funcionarios civiles y militares, diplom\u00e1ticos, colaboradores y allegados al Despacho de la Primera Dama, entre los que figuraron la ministra de la Mujer, Janet Camilo; el director del Plan Social de la Presidencia, C\u00e9sar Prieto; el superintendente de Bancos, Luis Asunci\u00f3n; las directoras de Promese, Elena Fern\u00e1ndez y de  Compras y Contrataciones, Yokasta Guzm\u00e1n; as\u00ed como la vice-ministra de la Presidencia, Zo<\/span>raima Cuello.<\/p>\n<h6> 2016-09-05 13:04:32 <\/h6>\n<p><!--\n<link rel=\"stylesheet\" href=\"css\/bootstrap.min.css\">\n\n\n<ul class=\"pagination\">\n\t    \n\t\n\n<li >\n\t<a href='?page_no=12107'>Previous<\/a>\n\t<\/li>\n\n\n       \n    \n\n<li><a href='?page_no=1'>1<\/a><\/li>\n\n\n\n<li><a href='?page_no=2'>2<\/a><\/li>\n\n\n\n<li><a>...<\/a><\/li>\n\n\n\n<li><a href='?page_no=12106'>12106<\/a><\/li>\n\n\n\n<li><a href='?page_no=12107'>12107<\/a><\/li>\n\n\n\n<li class='active'><a>12108<\/a><\/li>\n\n\n\n<li><a href='?page_no=12109'>12109<\/a><\/li>\n\n\n\n<li><a href='?page_no=12110'>12110<\/a><\/li>\n\n\n\n<li><a>...<\/a><\/li>\n\n\n\n<li><a href='?page_no=56169'>56169<\/a><\/li>\n\n\n\n<li><a href='?page_no=56170'>56170<\/a><\/li>\n\n    \n\t\n\n<li >\n\t<a href='?page_no=12109'>Next<\/a>\n\t<\/li>\n\n\n    \n\n<li><a href='?page_no=56170'>Last &rsaquo;&rsaquo;<\/a><\/li>\n\n<\/ul>\n\n\n--><br \/>\n<\/body><\/p>\n","protected":false},"excerpt":{"rendered":"<p>Santo Domingo, R. D., 5 de septiembre.- Con ocasi\u00f3n del 16 aniversario de la creaci\u00f3n del Despacho de la Primera Dama, su titular, C\u00e1ndida Montilla de Medina renov\u00f3 su compromiso con la solidaridad, la transparencia y la justicia, a favor de todos. Montilla de Medina ofreci\u00f3 una misa, oficiada en la Iglesia San Antonio de [&hellip;]<\/p>\n","protected":false},"author":3,"featured_media":0,"comment_status":"open","ping_status":"open","sticky":false,"template":"","format":"standard","meta":{"footnotes":""},"categories":[20],"tags":[],"class_list":["post-217603","post","type-post","status-publish","format-standard","hentry","category-dominicana-hoy"],"_links":{"self":[{"href":"https:\/\/diariodominicano.com\/index.php?rest_route=\/wp\/v2\/posts\/217603","targetHints":{"allow":["GET"]}}],"collection":[{"href":"https:\/\/diariodominicano.com\/index.php?rest_route=\/wp\/v2\/posts"}],"about":[{"href":"https:\/\/diariodominicano.com\/index.php?rest_route=\/wp\/v2\/types\/post"}],"author":[{"embeddable":true,"href":"https:\/\/diariodominicano.com\/index.php?rest_route=\/wp\/v2\/users\/3"}],"replies":[{"embeddable":true,"href":"https:\/\/diariodominicano.com\/index.php?rest_route=%2Fwp%2Fv2%2Fcomments&post=217603"}],"version-history":[{"count":0,"href":"https:\/\/diariodominicano.com\/index.php?rest_route=\/wp\/v2\/posts\/217603\/revisions"}],"wp:attachment":[{"href":"https:\/\/diariodominicano.com\/index.php?rest_route=%2Fwp%2Fv2%2Fmedia&parent=217603"}],"wp:term":[{"taxonomy":"category","embeddable":true,"href":"https:\/\/diariodominicano.com\/index.php?rest_route=%2Fwp%2Fv2%2Fcategories&post=217603"},{"taxonomy":"post_tag","embeddable":true,"href":"https:\/\/diariodominicano.com\/index.php?rest_route=%2Fwp%2Fv2%2Ftags&post=217603"}],"curies":[{"name":"wp","href":"https:\/\/api.w.org\/{rel}","templated":true}]}}