{"id":217602,"date":"2016-09-05T13:13:42","date_gmt":"2016-09-05T13:13:42","guid":{"rendered":"http:\/\/diariodominicano.ddns.net\/?p=217602"},"modified":"2016-09-05T13:13:42","modified_gmt":"2016-09-05T13:13:42","slug":"resalta-importancia-de-centro-para-enfrentar-deforestacion-y-cambio-climatico","status":"publish","type":"post","link":"https:\/\/diariodominicano.com\/?p=217602","title":{"rendered":"Resalta importancia de Centro para enfrentar deforestaci\u00f3n y cambio clim\u00e1tico"},"content":{"rendered":"<p><body><\/p>\n<p><img decoding=\"async\" src=\"img3\/desforestacion 5-9.jpg\" \/>  <\/p>\n<p><span class=\"text1noticias\">Santo Domingo, R. D., 5 de septiembre.- El vicepresidente ejecutivo del Consejo Nacional para el Cambio Clim\u00e1tico y el Mecanismo de Desarrollo Limpio (CNCCMDL), Omar Ram\u00edrez Tejada, destac\u00f3 el papel que viene a desempe\u00f1ar el Centro Internacional para la Implementaci\u00f3n de Reducci\u00f3n de Emisiones por Deforestaci\u00f3n y Degradaci\u00f3n de los Bosques (ICIREDD) en la lucha contra el cambio clim\u00e1tico en la regi\u00f3n.<\/span><\/p>\n<p><span class=\"text1noticias\"> <\/span><\/p>\n<p><span class=\"text1noticias\"> Al participar en un encuentro con diputados y diputadas de la Comisi\u00f3n de Relaciones Exteriores de la Asamblea Nacional de Panam\u00e1, Ram\u00edrez Tejada dijo que este centro beneficiar\u00e1 a comunidades rurales de pa\u00edses en desarrollo, como la Rep\u00fablica Dominicana, cuya poblaci\u00f3n rural m\u00e1s pobre est\u00e1 localizada por encima de los 500 metros sobre el nivel del mar.<\/span><\/p>\n<p><span class=\"text1noticias\"> <\/span><\/p>\n<p><span class=\"text1noticias\"> Dijo que esa poblaci\u00f3n podr\u00e1 ser favorecida con la ejecuci\u00f3n de proyectos de reducci\u00f3n de pobreza a partir de acciones de mitigaci\u00f3n de las emisiones de gases de efecto invernadero por deforestaci\u00f3n y degradaci\u00f3n de los suelos.<\/span><\/p>\n<p><span class=\"text1noticias\"> <\/span><\/p>\n<p><span class=\"text1noticias\"> El vicepresidente ejecutivo del CNCCMDL estuvo en Panam\u00e1 participando de la segunda reuni\u00f3n del ICIREDD. Previo a esa jornada, fue invitado por la ministra de Ambiente, Mirei Endara, a la sesi\u00f3n en la que la Asamblea Nacional aprob\u00f3 ese centro y ratific\u00f3 el Acuerdo de Par\u00eds sobre cambio clim\u00e1tico.<\/span><\/p>\n<p><span class=\"text1noticias\"> <\/span><\/p>\n<p><span class=\"text1noticias\"> Con relaci\u00f3n a la reuni\u00f3n de trabajo del ICIREDD, dijo que en \u00e9sta se oficializ\u00f3 a Panam\u00e1 como sede del organismo, se elabor\u00f3 el plan bienal 2016-2017 y se decidi\u00f3 la composici\u00f3n de los comit\u00e9s Asesor Cient\u00edfico T\u00e9cnico y Asesor de Sostenibilidad Financiera. La reuni\u00f3n se efectu\u00f3 el 25 de agosto.<\/span><\/p>\n<p><span class=\"text1noticias\"> <\/span><\/p>\n<p><span class=\"text1noticias\"> Inform\u00f3, adem\u00e1s, que con la finalidad de impulsar las primeras actividades, Panam\u00e1 contribuir\u00e1 con un fondo anual del Ministerio de Ambiente por un monto de 250,000 balboas, que equivalen a 250,000 d\u00f3lares.<\/span><\/p>\n<p><span class=\"text1noticias\"> <\/span><\/p>\n<p><span class=\"text1noticias\"> En ese tenor, record\u00f3 que el centro fue una propuesta del Presidente de la Rep\u00fablica de Panam\u00e1, Dr. Juan Carlos Valera como presidente de la Coalici\u00f3n de Pa\u00edses con Bosques Tropicales, durante la pasada Cumbre de Cambio Clim\u00e1tico en Par\u00eds, Francia que fue acogida por seis pa\u00edses, que son parte de los miembros fundadores.  <\/span><\/p>\n<p><span class=\"text1noticias\"> <\/span><\/p>\n<p><span class=\"text1noticias\"> El funcionario explic\u00f3 que el ICIREDD est\u00e1 al servicio de los pa\u00edses con bosques tropicales para promover la cooperaci\u00f3n internacional, facilitar el desarrollo de capacidades t\u00e9cnicas y cient\u00edficas orientadas a la reducci\u00f3n de emisiones por deforestaci\u00f3n y degradaci\u00f3n de los bosques y que busca impulsar estrategias de desarrollo bajas en carbono. Cuenta con autonom\u00eda de gesti\u00f3n, patrimonio propio y personer\u00eda jur\u00eddica.<\/span><\/p>\n<p><span class=\"text1noticias\"> <\/span><\/p>\n<p><span class=\"text1noticias\">La primera reuni\u00f3n de ese organismo internacional se realiz\u00f3 el abril pasado en Nueva York, en la misi\u00f3n permanente de Panam\u00e1 en la Naciones Unidas, y estuvo presidida por la ministra de Ambiente de Panam\u00e1.<\/span><\/p>\n<p><span class=\"text1noticias\"> <\/span><\/p>\n<p><span class=\"text1noticias\"> Endara explic\u00f3 que ICIREDD es una iniciativa que permite viabilizar que el Acuerdo de Par\u00eds sea inclusivo en los pa\u00edses de la regi\u00f3n, al facilitar acciones concretas para que todos los habitantes de las naciones con bosques puedan participar en la lucha contra el cambio clim\u00e1tico global.<\/span><\/p>\n<p><span class=\"text1noticias\"> <\/span><\/p>\n<p><span class=\"text1noticias\"> El organismo es tambi\u00e9n colaborador en las actividades de investigaci\u00f3n, desarrollo de capacidades, establecimiento de normas, entre otras que permitan a los pa\u00edses miembros fortalecer sus capacidades de respuesta y cumplimiento a los acuerdos de Par\u00eds de la pasada reuni\u00f3n Cumbre de la Convenci\u00f3n Marco de las Naciones Unidas para el Cambio C<\/span>lim\u00e1tico.<\/p>\n<h6> 2016-09-05 13:13:42 <\/h6>\n<p><!--\n<link rel=\"stylesheet\" href=\"css\/bootstrap.min.css\">\n\n\n<ul class=\"pagination\">\n\t    \n\t\n\n<li >\n\t<a href='?page_no=12106'>Previous<\/a>\n\t<\/li>\n\n\n       \n    \n\n<li><a href='?page_no=1'>1<\/a><\/li>\n\n\n\n<li><a href='?page_no=2'>2<\/a><\/li>\n\n\n\n<li><a>...<\/a><\/li>\n\n\n\n<li><a href='?page_no=12105'>12105<\/a><\/li>\n\n\n\n<li><a href='?page_no=12106'>12106<\/a><\/li>\n\n\n\n<li class='active'><a>12107<\/a><\/li>\n\n\n\n<li><a href='?page_no=12108'>12108<\/a><\/li>\n\n\n\n<li><a href='?page_no=12109'>12109<\/a><\/li>\n\n\n\n<li><a>...<\/a><\/li>\n\n\n\n<li><a href='?page_no=56169'>56169<\/a><\/li>\n\n\n\n<li><a href='?page_no=56170'>56170<\/a><\/li>\n\n    \n\t\n\n<li >\n\t<a href='?page_no=12108'>Next<\/a>\n\t<\/li>\n\n\n    \n\n<li><a href='?page_no=56170'>Last &rsaquo;&rsaquo;<\/a><\/li>\n\n<\/ul>\n\n\n--><br \/>\n<\/body><\/p>\n","protected":false},"excerpt":{"rendered":"<p>Santo Domingo, R. D., 5 de septiembre.- El vicepresidente ejecutivo del Consejo Nacional para el Cambio Clim\u00e1tico y el Mecanismo de Desarrollo Limpio (CNCCMDL), Omar Ram\u00edrez Tejada, destac\u00f3 el papel que viene a desempe\u00f1ar el Centro Internacional para la Implementaci\u00f3n de Reducci\u00f3n de Emisiones por Deforestaci\u00f3n y Degradaci\u00f3n de los Bosques (ICIREDD) en la lucha [&hellip;]<\/p>\n","protected":false},"author":3,"featured_media":0,"comment_status":"open","ping_status":"open","sticky":false,"template":"","format":"standard","meta":{"footnotes":""},"categories":[20],"tags":[],"class_list":["post-217602","post","type-post","status-publish","format-standard","hentry","category-dominicana-hoy"],"_links":{"self":[{"href":"https:\/\/diariodominicano.com\/index.php?rest_route=\/wp\/v2\/posts\/217602","targetHints":{"allow":["GET"]}}],"collection":[{"href":"https:\/\/diariodominicano.com\/index.php?rest_route=\/wp\/v2\/posts"}],"about":[{"href":"https:\/\/diariodominicano.com\/index.php?rest_route=\/wp\/v2\/types\/post"}],"author":[{"embeddable":true,"href":"https:\/\/diariodominicano.com\/index.php?rest_route=\/wp\/v2\/users\/3"}],"replies":[{"embeddable":true,"href":"https:\/\/diariodominicano.com\/index.php?rest_route=%2Fwp%2Fv2%2Fcomments&post=217602"}],"version-history":[{"count":0,"href":"https:\/\/diariodominicano.com\/index.php?rest_route=\/wp\/v2\/posts\/217602\/revisions"}],"wp:attachment":[{"href":"https:\/\/diariodominicano.com\/index.php?rest_route=%2Fwp%2Fv2%2Fmedia&parent=217602"}],"wp:term":[{"taxonomy":"category","embeddable":true,"href":"https:\/\/diariodominicano.com\/index.php?rest_route=%2Fwp%2Fv2%2Fcategories&post=217602"},{"taxonomy":"post_tag","embeddable":true,"href":"https:\/\/diariodominicano.com\/index.php?rest_route=%2Fwp%2Fv2%2Ftags&post=217602"}],"curies":[{"name":"wp","href":"https:\/\/api.w.org\/{rel}","templated":true}]}}