{"id":217601,"date":"2016-09-05T15:22:46","date_gmt":"2016-09-05T15:22:46","guid":{"rendered":"http:\/\/diariodominicano.ddns.net\/?p=217601"},"modified":"2016-09-05T15:22:46","modified_gmt":"2016-09-05T15:22:46","slug":"anuncian-incremento-de-las-precipitaciones","status":"publish","type":"post","link":"https:\/\/diariodominicano.com\/?p=217601","title":{"rendered":"&#13;Anuncian incremento de las precipitaciones"},"content":{"rendered":"<p><body><\/p>\n<p><img decoding=\"async\" src=\"img3\/LLUVIAS.JPG\" \/>  <\/p>\n<\/p>\n<p><strong> <\/strong><\/p>\n<p><strong>Santo Domingo, RD, 05 de septiembre.-<\/strong> La Direcci\u00f3n del Centro de Operaciones de Emergencias (COE), inform\u00f3 que de acuerdo al bolet\u00edn  meteorol\u00f3gico de la Oficina Nacional de Meteorolog\u00eda \u00abONAMET, establece que a partir de esta noche, se espera que el sistema de baja presi\u00f3n asociado a una activa onda tropical,  incremente  las precipitaciones acompa\u00f1adas de tormentas el\u00e9ctricas r\u00e1fagas de viento principalmente sobre las regiones Sureste, Suroeste, Noreste, poblados de la porci\u00f3n central, Cordillera Central y la zona fronteriza.<\/p>\n<\/p>\n<p>Adem\u00e1s, en el informe marino advierte que para la costa caribe\u00f1a  el viento ser\u00e1 del este\/noreste de 10 a 20 nudos. Olas de 6 a 8 pies cerca de la costa, aumentando mar adentro.<\/p>\n<\/p>\n<p>En  ese tenor el Centro de Operaciones de Emergencias (COE), declara nivel de alerta VERDE, para las provincias: La Altagracia, La Romana, El Seibo, San Pedro de Macor\u00eds, Hato Mayor,  Monte Plata, El Gran Santo Domingo, Duarte y San Crist\u00f3bal por posibles inundaciones y deslizamientos de tierra.  <\/p>\n<\/p>\n<p>De igual modo, se Mantiene el nivel  Alerta VERDE  para los usuarios de peque\u00f1as y medianas embarcaciones  de la costa Caribe\u00f1a por oleaje peligroso desde Cabo Enga\u00f1o hasta Pedernales, por lo que deben de permanecer en Puerto, sin embargo, los que operan en la Bah\u00eda de Saman\u00e1 y la Costa Atl\u00e1ntica deben navegar con precauci\u00f3n y no aventurarse mar adentro.<\/p>\n<\/p>\n<p>Por otro lado, se proh\u00edbe el uso de playas as\u00ed como, los deportes acu\u00e1ticos que utilicen embarcaciones de recreaci\u00f3n, catamaranes, canoas, jet sky o de cualquier otra \u00edndole en la costa Caribe\u00f1a  debido al oleaje anormal.<\/p>\n<h6> 2016-09-05 15:22:46 <\/h6>\n<p><!--\n<link rel=\"stylesheet\" href=\"css\/bootstrap.min.css\">\n\n\n<ul class=\"pagination\">\n\t    \n\t\n\n<li >\n\t<a href='?page_no=12105'>Previous<\/a>\n\t<\/li>\n\n\n       \n    \n\n<li><a href='?page_no=1'>1<\/a><\/li>\n\n\n\n<li><a href='?page_no=2'>2<\/a><\/li>\n\n\n\n<li><a>...<\/a><\/li>\n\n\n\n<li><a href='?page_no=12104'>12104<\/a><\/li>\n\n\n\n<li><a href='?page_no=12105'>12105<\/a><\/li>\n\n\n\n<li class='active'><a>12106<\/a><\/li>\n\n\n\n<li><a href='?page_no=12107'>12107<\/a><\/li>\n\n\n\n<li><a href='?page_no=12108'>12108<\/a><\/li>\n\n\n\n<li><a>...<\/a><\/li>\n\n\n\n<li><a href='?page_no=56169'>56169<\/a><\/li>\n\n\n\n<li><a href='?page_no=56170'>56170<\/a><\/li>\n\n    \n\t\n\n<li >\n\t<a href='?page_no=12107'>Next<\/a>\n\t<\/li>\n\n\n    \n\n<li><a href='?page_no=56170'>Last &rsaquo;&rsaquo;<\/a><\/li>\n\n<\/ul>\n\n\n--><br \/>\n<\/body><\/p>\n","protected":false},"excerpt":{"rendered":"<p>Santo Domingo, RD, 05 de septiembre.- La Direcci\u00f3n del Centro de Operaciones de Emergencias (COE), inform\u00f3 que de acuerdo al bolet\u00edn meteorol\u00f3gico de la Oficina Nacional de Meteorolog\u00eda \u00abONAMET, establece que a partir de esta noche, se espera que el sistema de baja presi\u00f3n asociado a una activa onda tropical, incremente las precipitaciones acompa\u00f1adas de [&hellip;]<\/p>\n","protected":false},"author":3,"featured_media":0,"comment_status":"open","ping_status":"open","sticky":false,"template":"","format":"standard","meta":{"footnotes":""},"categories":[20],"tags":[],"class_list":["post-217601","post","type-post","status-publish","format-standard","hentry","category-dominicana-hoy"],"_links":{"self":[{"href":"https:\/\/diariodominicano.com\/index.php?rest_route=\/wp\/v2\/posts\/217601","targetHints":{"allow":["GET"]}}],"collection":[{"href":"https:\/\/diariodominicano.com\/index.php?rest_route=\/wp\/v2\/posts"}],"about":[{"href":"https:\/\/diariodominicano.com\/index.php?rest_route=\/wp\/v2\/types\/post"}],"author":[{"embeddable":true,"href":"https:\/\/diariodominicano.com\/index.php?rest_route=\/wp\/v2\/users\/3"}],"replies":[{"embeddable":true,"href":"https:\/\/diariodominicano.com\/index.php?rest_route=%2Fwp%2Fv2%2Fcomments&post=217601"}],"version-history":[{"count":0,"href":"https:\/\/diariodominicano.com\/index.php?rest_route=\/wp\/v2\/posts\/217601\/revisions"}],"wp:attachment":[{"href":"https:\/\/diariodominicano.com\/index.php?rest_route=%2Fwp%2Fv2%2Fmedia&parent=217601"}],"wp:term":[{"taxonomy":"category","embeddable":true,"href":"https:\/\/diariodominicano.com\/index.php?rest_route=%2Fwp%2Fv2%2Fcategories&post=217601"},{"taxonomy":"post_tag","embeddable":true,"href":"https:\/\/diariodominicano.com\/index.php?rest_route=%2Fwp%2Fv2%2Ftags&post=217601"}],"curies":[{"name":"wp","href":"https:\/\/api.w.org\/{rel}","templated":true}]}}