{"id":217600,"date":"2016-09-05T16:11:25","date_gmt":"2016-09-05T16:11:25","guid":{"rendered":"http:\/\/diariodominicano.ddns.net\/?p=217600"},"modified":"2016-09-05T16:11:25","modified_gmt":"2016-09-05T16:11:25","slug":"dos-muertos-y-doce-heridos-al-explotar-caldera-de-fabrica","status":"publish","type":"post","link":"https:\/\/diariodominicano.com\/?p=217600","title":{"rendered":"&#13;Dos muertos y doce heridos al explotar caldera de f\u00e1brica &#13;"},"content":{"rendered":"<p><body><\/p>\n<p><strong><span class=\"text1noticias\">Santo Domingo, RD,   05 de septiembre.-<\/span><\/strong><span class=\"text1noticias\"> Dos personas han muerto y doce est\u00e1n en estado delicado luego de producirse una explosi\u00f3n en una de las calderas de la empresa de alimentos enlatados Tr\u00f3pico, tambi\u00e9n conocida como Coco L\u00f3pez en Madre Vieja Norte, San Crist\u00f3bal.<\/span><\/p>\n<\/p>\n<p><span class=\"text1noticias\">Las v\u00edctimas fueron identificadas como Jos\u00e9 Luis Troncoso Santana, de 43 a\u00f1os, operador de la caldera, y Pablo Morales Valdez, empleado por igual de la caldera.<\/span><\/p>\n<\/p>\n<p><span class=\"text1noticias\">Resultaron gravemente heridos Ang\u00e9lico Vald\u00e9z, 40 a\u00f1os, Confesor de la Cruz, 29 a\u00f1os, Enrique Castro, 27 a\u00f1os, Pablo Vald\u00e9z, 49, Juan Rub\u00e9n Lara, 38 a\u00f1os, Fray Santana, 30 a\u00f1os al hospital Ney Arias Lora<\/span><\/p>\n<\/p>\n<p><span class=\"text1noticias\">Otros tres fueron llevados al hospital Luis Eduardo Aybar y tres m\u00e1s al hospital Pablo Pina de San Crist\u00f3bal.<\/span><\/p>\n<\/p>\n<p><span class=\"text1noticias\">Brigadas del 911 y de rescate hac\u00edan labores de excavaci\u00f3n para descartar que se encuentren  personas debajo de los escombros.<\/span><\/p>\n<h6> 2016-09-05 16:11:25 <\/h6>\n<p><!--\n<link rel=\"stylesheet\" href=\"css\/bootstrap.min.css\">\n\n\n<ul class=\"pagination\">\n\t    \n\t\n\n<li >\n\t<a href='?page_no=12104'>Previous<\/a>\n\t<\/li>\n\n\n       \n    \n\n<li><a href='?page_no=1'>1<\/a><\/li>\n\n\n\n<li><a href='?page_no=2'>2<\/a><\/li>\n\n\n\n<li><a>...<\/a><\/li>\n\n\n\n<li><a href='?page_no=12103'>12103<\/a><\/li>\n\n\n\n<li><a href='?page_no=12104'>12104<\/a><\/li>\n\n\n\n<li class='active'><a>12105<\/a><\/li>\n\n\n\n<li><a href='?page_no=12106'>12106<\/a><\/li>\n\n\n\n<li><a href='?page_no=12107'>12107<\/a><\/li>\n\n\n\n<li><a>...<\/a><\/li>\n\n\n\n<li><a href='?page_no=56169'>56169<\/a><\/li>\n\n\n\n<li><a href='?page_no=56170'>56170<\/a><\/li>\n\n    \n\t\n\n<li >\n\t<a href='?page_no=12106'>Next<\/a>\n\t<\/li>\n\n\n    \n\n<li><a href='?page_no=56170'>Last &rsaquo;&rsaquo;<\/a><\/li>\n\n<\/ul>\n\n\n--><br \/>\n<\/body><\/p>\n","protected":false},"excerpt":{"rendered":"<p>Santo Domingo, RD, 05 de septiembre.- Dos personas han muerto y doce est\u00e1n en estado delicado luego de producirse una explosi\u00f3n en una de las calderas de la empresa de alimentos enlatados Tr\u00f3pico, tambi\u00e9n conocida como Coco L\u00f3pez en Madre Vieja Norte, San Crist\u00f3bal. Las v\u00edctimas fueron identificadas como Jos\u00e9 Luis Troncoso Santana, de 43 [&hellip;]<\/p>\n","protected":false},"author":3,"featured_media":0,"comment_status":"open","ping_status":"open","sticky":false,"template":"","format":"standard","meta":{"footnotes":""},"categories":[20],"tags":[],"class_list":["post-217600","post","type-post","status-publish","format-standard","hentry","category-dominicana-hoy"],"_links":{"self":[{"href":"https:\/\/diariodominicano.com\/index.php?rest_route=\/wp\/v2\/posts\/217600","targetHints":{"allow":["GET"]}}],"collection":[{"href":"https:\/\/diariodominicano.com\/index.php?rest_route=\/wp\/v2\/posts"}],"about":[{"href":"https:\/\/diariodominicano.com\/index.php?rest_route=\/wp\/v2\/types\/post"}],"author":[{"embeddable":true,"href":"https:\/\/diariodominicano.com\/index.php?rest_route=\/wp\/v2\/users\/3"}],"replies":[{"embeddable":true,"href":"https:\/\/diariodominicano.com\/index.php?rest_route=%2Fwp%2Fv2%2Fcomments&post=217600"}],"version-history":[{"count":0,"href":"https:\/\/diariodominicano.com\/index.php?rest_route=\/wp\/v2\/posts\/217600\/revisions"}],"wp:attachment":[{"href":"https:\/\/diariodominicano.com\/index.php?rest_route=%2Fwp%2Fv2%2Fmedia&parent=217600"}],"wp:term":[{"taxonomy":"category","embeddable":true,"href":"https:\/\/diariodominicano.com\/index.php?rest_route=%2Fwp%2Fv2%2Fcategories&post=217600"},{"taxonomy":"post_tag","embeddable":true,"href":"https:\/\/diariodominicano.com\/index.php?rest_route=%2Fwp%2Fv2%2Ftags&post=217600"}],"curies":[{"name":"wp","href":"https:\/\/api.w.org\/{rel}","templated":true}]}}