{"id":217598,"date":"2016-09-05T22:29:06","date_gmt":"2016-09-05T22:29:06","guid":{"rendered":"http:\/\/diariodominicano.ddns.net\/?p=217598"},"modified":"2016-09-05T22:29:06","modified_gmt":"2016-09-05T22:29:06","slug":"pide-iniciar-la-instauracion-en-rd-del-ingles-como-segunda-lengua-de-manera-obligatoria","status":"publish","type":"post","link":"https:\/\/diariodominicano.com\/?p=217598","title":{"rendered":"Pide iniciar la instauraci\u00f3n en RD del ingl\u00e9s como segunda lengua de manera obligatoria"},"content":{"rendered":"<p><body><\/p>\n<p><img decoding=\"async\" src=\"img3\/INGENIERA SERVIA IRIS FAMILIA (1).jpg\" \/>  <\/p>\n<p><strong>Por Luis An\u00edbal Medrano S.<\/strong><\/p>\n<\/p>\n<p><strong>NUEVA YORK, 5 de Septiembre de 2016.-  <\/strong>La dirigente pol\u00edtica y comunitaria, ingeniera Servia Iris Familia, sugiri\u00f3 al presidente dominicano Danilo Medina, iniciar la instauraci\u00f3n del ingl\u00e9s como segunda lengua de manera obligatoria, dentro de las acciones que este ejecuta con su denominada \u00abRevoluci\u00f3n Educativa\u00bb.<\/p>\n<\/p>\n<p>La ex candidata a diputada en el exterior por el Partido Revolucionario Moderno en la circunscripci\u00f3n No. 1, argument\u00f3 que los beneficios que traer\u00eda consigo una medida de esa magnitud son incalculables y con efectos directos en todos los sectores de la vida nacional.  <\/p>\n<p>La tambi\u00e9n vice presidenta del PRM explica que los ciudadanos dominicanos que por diversas razones deben de emigrar a otras naciones y en especial a los Estados Unidos de Norteam\u00e9rica, les resulta m\u00e1s f\u00e1cil insertarse en el pa\u00eds de acogida y de paso evitar que estos sean explotados laboralmente, disminuir\u00eda la deserci\u00f3n descolar o ser empujados por la necesidad econ\u00f3mica a delinquir.<\/p>\n<\/p>\n<p>\u00abLa Revoluci\u00f3n Educativa que ejecuta el gobierno dominicano que encabeza Danilo Medina S\u00e1nchez, debe poner especial atenci\u00f3n a nuestra propuesta que venimos realizando desde nuestra participaci\u00f3n como candidata, basada en nuestra experiencia magisterial profesional y cuya propuesta reiteramos ya que pensamos en el bienestar colectivo de nuestros conciudadanos que es lo que nos anima\u00bb, asever\u00f3 Familia.<\/p>\n<p>Pidi\u00f3 establecer la obligatoriedad del idioma ingl\u00e9s en los centros educativos oficiales y particulares con la finalidad de contribuir a mayor modernizaci\u00f3n de la educaci\u00f3n dominicana, declarando de inter\u00e9s p\u00fablico el aprendizaje y la ense\u00f1anza del idioma ingl\u00e9s, donde las instituciones oficiales, descentralizadas, aut\u00f3nomas, municipales y privadas propicien y ejecuten programas especiales a nivel institucional y comunitario para su ense\u00f1anza.<\/p>\n<p>Explica que el Ministerio de Educaci\u00f3n con las universidad estatal, establecer\u00eda los planes, programas, m\u00e9todos, t\u00e9cnicas, procesos y mecanismos pertinentes, as\u00ed como la carga horaria necesaria para que el aprendizaje del idioma ingl\u00e9s sea efectivo en las escuelas oficiales,<\/p>\n<p>Del mismo modo aboga porque los centros de formaci\u00f3n pedag\u00f3gicas oficiales y particulares, los institutos superiores del sector p\u00fablico y privado y la universidad estatal y privadas, desarrollaren un programa especial de formaci\u00f3n para la ense\u00f1anza del idioma ingl\u00e9s, a fin de que sus egresados tengan dominio de la metodolog\u00eda para la ense\u00f1anza de dicho idioma.<\/p>\n<p>Entiende que en caso de ser necesario por necesidad se permita la inmigraci\u00f3n temporal y selectiva de especialistas en la ense\u00f1anza intensiva del idioma ingl\u00e9s, que sean contratados por el Ministerio de Educaci\u00f3n o la Universidad Aut\u00f3noma de Santo Domingo y las privadas, \u00fanicamente para capacitar y perfeccionar a nuestros educadores.<\/p>\n<p>\u00abLos pa\u00edses que poseen el idioma ingl\u00e9s como segunda lengua presentan en su inmensa mayor\u00eda una considerable bonanza econ\u00f3mica y educativa ya que el llamado idioma universal, como se conoce dicha lengua, ha permitido un mayor desarrollo  a esas naciones\u00bb, finaliz\u00f3 diciendo la empresaria Servia Iris Familia.  <\/p>\n<p>La ingeniera Servia Iris Familia quien es graduada de la primera promoci\u00f3n de Maestra Normal Primaria en la escuela Urania Montas, con una licenciatura en Educaci\u00f3n de la Universidad Aut\u00f3noma de Santo Domingo, una especializaci\u00f3n en Educaci\u00f3n de Adulto y un diplomado en Relaciones Internacionales en la misma instituci\u00f3n, una Maestr\u00eda en Derecho Internacional en la Universidad de las Am\u00e9rica de M\u00e9xico, dice que su preocupaci\u00f3n no es fortuita, sino de su conocimiento sobre la problem\u00e1tica educativa nacional.<\/p>\n<\/p>\n<h6> 2016-09-05 22:29:06 <\/h6>\n<p><!--\n<link rel=\"stylesheet\" href=\"css\/bootstrap.min.css\">\n\n\n<ul class=\"pagination\">\n\t    \n\t\n\n<li >\n\t<a href='?page_no=12102'>Previous<\/a>\n\t<\/li>\n\n\n       \n    \n\n<li><a href='?page_no=1'>1<\/a><\/li>\n\n\n\n<li><a href='?page_no=2'>2<\/a><\/li>\n\n\n\n<li><a>...<\/a><\/li>\n\n\n\n<li><a href='?page_no=12101'>12101<\/a><\/li>\n\n\n\n<li><a href='?page_no=12102'>12102<\/a><\/li>\n\n\n\n<li class='active'><a>12103<\/a><\/li>\n\n\n\n<li><a href='?page_no=12104'>12104<\/a><\/li>\n\n\n\n<li><a href='?page_no=12105'>12105<\/a><\/li>\n\n\n\n<li><a>...<\/a><\/li>\n\n\n\n<li><a href='?page_no=56169'>56169<\/a><\/li>\n\n\n\n<li><a href='?page_no=56170'>56170<\/a><\/li>\n\n    \n\t\n\n<li >\n\t<a href='?page_no=12104'>Next<\/a>\n\t<\/li>\n\n\n    \n\n<li><a href='?page_no=56170'>Last &rsaquo;&rsaquo;<\/a><\/li>\n\n<\/ul>\n\n\n--><br \/>\n<\/body><\/p>\n","protected":false},"excerpt":{"rendered":"<p>Por Luis An\u00edbal Medrano S. NUEVA YORK, 5 de Septiembre de 2016.- La dirigente pol\u00edtica y comunitaria, ingeniera Servia Iris Familia, sugiri\u00f3 al presidente dominicano Danilo Medina, iniciar la instauraci\u00f3n del ingl\u00e9s como segunda lengua de manera obligatoria, dentro de las acciones que este ejecuta con su denominada \u00abRevoluci\u00f3n Educativa\u00bb. La ex candidata a diputada [&hellip;]<\/p>\n","protected":false},"author":3,"featured_media":0,"comment_status":"open","ping_status":"open","sticky":false,"template":"","format":"standard","meta":{"footnotes":""},"categories":[20],"tags":[],"class_list":["post-217598","post","type-post","status-publish","format-standard","hentry","category-dominicana-hoy"],"_links":{"self":[{"href":"https:\/\/diariodominicano.com\/index.php?rest_route=\/wp\/v2\/posts\/217598","targetHints":{"allow":["GET"]}}],"collection":[{"href":"https:\/\/diariodominicano.com\/index.php?rest_route=\/wp\/v2\/posts"}],"about":[{"href":"https:\/\/diariodominicano.com\/index.php?rest_route=\/wp\/v2\/types\/post"}],"author":[{"embeddable":true,"href":"https:\/\/diariodominicano.com\/index.php?rest_route=\/wp\/v2\/users\/3"}],"replies":[{"embeddable":true,"href":"https:\/\/diariodominicano.com\/index.php?rest_route=%2Fwp%2Fv2%2Fcomments&post=217598"}],"version-history":[{"count":0,"href":"https:\/\/diariodominicano.com\/index.php?rest_route=\/wp\/v2\/posts\/217598\/revisions"}],"wp:attachment":[{"href":"https:\/\/diariodominicano.com\/index.php?rest_route=%2Fwp%2Fv2%2Fmedia&parent=217598"}],"wp:term":[{"taxonomy":"category","embeddable":true,"href":"https:\/\/diariodominicano.com\/index.php?rest_route=%2Fwp%2Fv2%2Fcategories&post=217598"},{"taxonomy":"post_tag","embeddable":true,"href":"https:\/\/diariodominicano.com\/index.php?rest_route=%2Fwp%2Fv2%2Ftags&post=217598"}],"curies":[{"name":"wp","href":"https:\/\/api.w.org\/{rel}","templated":true}]}}